{"id":27343,"date":"2025-05-15T05:07:40","date_gmt":"2025-05-15T09:07:40","guid":{"rendered":"https:\/\/noticiasveraces.com\/?p=27343"},"modified":"2025-05-15T05:07:40","modified_gmt":"2025-05-15T09:07:40","slug":"los-sudafricanos-disputan-a-trump-las-afirmaciones-de-genocidio-de-genocidio-contra-los-agricultores-blancos-en-su-pais","status":"publish","type":"post","link":"https:\/\/noticiasveraces.com\/?p=27343","title":{"rendered":"Los sudafricanos disputan a Trump, las afirmaciones de genocidio de Genocidio contra los agricultores blancos en su pa\u00eds"},"content":{"rendered":"<p> \n<\/p>\n<div>\n<p class=\"body-graf\">Un d\u00eda despu\u00e9s de que 59 sudafricanos blancos fueron bienvenidos a Estados Unidos como refugiados, m\u00e1s de 86,000 agricultores sudafricanos, que en su mayor\u00eda son blancos, se re\u00fanen esta semana en la Feria del D\u00eda de la Cosecha de Nampo, una exposici\u00f3n agr\u00edcola anual considerada la m\u00e1s grande del hemisferio sur. <\/p>\n<p class=\"body-graf\">Durante cuatro d\u00edas, los asistentes discutir\u00e1n innovaciones en tecnolog\u00eda, colaboraciones y varios otros elementos de una industria que el a\u00f1o pasado gener\u00f3 casi $ 14 mil millones en ingresos. <\/p>\n<p class=\"body-graf\">En particular, seg\u00fan un participante, no existe una discusi\u00f3n planificada de la violencia contra los agricultores blancos o \u00ablos refugiados afrikaner que escapan de la discriminaci\u00f3n basada en la raza patrocinada por el gobierno, incluida la confiscaci\u00f3n de propiedades racialmente discriminatorias\u00bb sin compensaci\u00f3n, como el presidente Donald Trump escribi\u00f3 en una orden ejecutiva del 7 de febrero que abri\u00f3 el camino para los 59 sudafricanos a los Estados Unidos, a pesar de una prohibici\u00f3n de refugios de otras naciones. <\/p>\n<p class=\"body-graf\">La orden ejecutiva hizo referencia a la Ley de Expropiaci\u00f3n de Sud\u00e1frica promulgada el a\u00f1o pasado, lo que en algunos casos permite al gobierno tomar tierras no utilizadas sin compensaci\u00f3n, algo que Cyril ramaphosa, el presidente del pa\u00eds, dijo que no ha sucedido.  <\/p>\n<figure class=\"styles_inlineImage__FvnTh styles_medium__MEKii\"><picture class=\"styles_image__i32F7\" data-testid=\"picture\"><source media=\"(min-width: 1000px)\" srcset=\"https:\/\/media-cldnry.s-nbcnews.com\/image\/upload\/t_fit-560w,f_avif,q_auto:eco,dpr_2\/rockcms\/2025-05\/250514-south-africa-refugees-vl-1151a-84f509.jpg 2x, https:\/\/media-cldnry.s-nbcnews.com\/image\/upload\/t_fit-560w,f_auto,q_auto:best\/rockcms\/2025-05\/250514-south-africa-refugees-vl-1151a-84f509.jpg 1x\"\/><source media=\"(min-width: 320px)\" srcset=\"https:\/\/media-cldnry.s-nbcnews.com\/image\/upload\/t_fit-760w,f_avif,q_auto:eco,dpr_2\/rockcms\/2025-05\/250514-south-africa-refugees-vl-1151a-84f509.jpg 2x, https:\/\/media-cldnry.s-nbcnews.com\/image\/upload\/t_fit-760w,f_auto,q_auto:best\/rockcms\/2025-05\/250514-south-africa-refugees-vl-1151a-84f509.jpg 1x\"\/><img decoding=\"async\" loading=\"lazy\" src=\"https:\/\/media-cldnry.s-nbcnews.com\/image\/upload\/t_fit-760w,f_auto,q_auto:best\/rockcms\/2025-05\/250514-south-africa-refugees-vl-1151a-84f509.jpg\" alt=\"Un grupo de personas plantea con banderas americanas\" height=\"1333\" width=\"2000\"\/><\/picture><figcaption class=\"caption styles_caption__TCewG\" data-testid=\"caption\"><span class=\"caption__container\" data-testid=\"caption__container\">Refugiados afrikaner de Sud\u00e1frica, en el aeropuerto internacional de Dulles en Dulles, Virginia, el 12 de mayo.<\/span><span class=\"caption__source\" data-testid=\"caption__source\">Julia DeMaree Nikhinson \/ AP<\/span><\/figcaption><\/figure>\n<p class=\"body-graf\">La Ley despert\u00f3 un argumento profundamente preocupante sobre los derechos de la tierra. La oscura historia del racismo de Sud\u00e1frica incluye la confiscaci\u00f3n de la tierra de los residentes negros, tanto antes como durante el apartheid. Los afrikaners, los descendientes blancos minoritarios de los colonos holandeses y franceses que llegaron a Sud\u00e1frica en el siglo XVII, eran l\u00edderes del r\u00e9gimen del apartheid que termin\u00f3 en 1994.  <\/p>\n<p class=\"body-graf\">El supuesto objetivo de la Ley de Expropiaci\u00f3n es reducir la vasta disparidad de propiedad de la tierra que vino con la regla opresiva. Seg\u00fan la acci\u00f3n de la organizaci\u00f3n para el sur de \u00c1frica, el 72% de las granjas y las tenencias agr\u00edcolas son propiedad de blancos, que representan el 7.3% de la poblaci\u00f3n. Los africanos negros, que representan al 81.4%, poseen solo el 4% de la tierra. <\/p>\n<p class=\"body-graf\">Trump afirm\u00f3 el lunes, antes de la llegada de los refugiados a los Estados Unidos, que \u00ablos agricultores blancos est\u00e1n siendo brutalmente asesinados y que la tierra est\u00e1 siendo confiscada en Sud\u00e1frica\u00bb. <\/p>\n<p class=\"body-graf\">Sin embargo, Wandile Sihlobo, economista jefe de la C\u00e1mara de Negocios Agr\u00edcolas de Sud\u00e1frica, dijo que el esp\u00edritu de Nampo esta semana reafirma que el \u00abgenocidio\u00bb de los agricultores blancos sudafricanos \u00abera imaginario y no suced\u00eda en nuestro pa\u00eds\u00bb. <\/p>\n<p class=\"body-graf\">\u00abTodos estamos perturbados de que el lado estadounidense alega que hay genocidio y maltrato de los agricultores blancos en Sud\u00e1frica. Es incorrecto\u00bb, dijo Sihlobo, quien tambi\u00e9n es coautor del libro \u00abLa verdad inc\u00f3moda sobre la agricultura de Sud\u00e1frica\u00bb. <\/p>\n<p class=\"body-graf\">\u201cEn todo caso, el sector contin\u00faa floreciendo. [Trump&#8217;s] Los comentarios est\u00e1n mal informados y no reflejan la realidad en el terreno en el pa\u00eds \u201d, dijo.<\/p>\n<p class=\"body-graf\">El New York Times inform\u00f3 que 225 personas fueron asesinadas en granjas sudafricanas durante un per\u00edodo de cuatro a\u00f1os que termin\u00f3 en 2024. De esas muertes, 101 eran trabajadores actuales o anteriores negros que viv\u00edan en granjas, y 53 eran agricultores, que generalmente son blancos.  <\/p>\n<p class=\"body-graf\">Nico Harris, un agricultor de la herencia afrikaans, dijo al peri\u00f3dico sudafricano Daily Maverick que los problemas que ve pueden superarse y provienen de que el gobierno no sea \u00abpro-agricultor\u00bb. <\/p>\n<p class=\"body-graf\">\u00abCreo que los refugiados que se han ido [to the U.S.] No son negocios de agricultura familiar bien establecidos como nosotros \u00ab, dijo Harris al peri\u00f3dico.\u00bb Creo que no tienen una oportunidad en el pa\u00eds y podr\u00edan pensar que \u00abesta es una oportunidad para nosotros\u00bb. No creo que realmente huyan porque est\u00e1n asustados o preocupados, creo que lo ven como una oportunidad \u00ab. <\/p>\n<p class=\"body-graf\">Harris agreg\u00f3: \u00abCreo que hay leyes racialmente discriminatorias contra los agricultores blancos, y creo que tienen problemas y no han recibido simpat\u00eda del gobierno. Pero no hay un acaparamiento de tierras real, y no creo que haya amenazas reales. Hay ataques agr\u00edcolas individuales, pero est\u00e1 m\u00e1s relacionado con la actividad delictiva. <\/p>\n<p class=\"body-graf\">Uno de los sudafricanos que lleg\u00f3 a los Estados Unidos el lunes le dijo al Washington Post que le hab\u00edan aconsejado que no hablara con los medios de comunicaci\u00f3n y dijo que hab\u00eda sido un \u00abpar de semanas muy emocional y muy dif\u00edcil\u00bb. <\/p>\n<p class=\"body-graf\">Theo Boshoff, CEO de Agbiz, que representa a empresas de toda la cadena de valor agr\u00edcola, incluidas las empresas sudafricanas y multinacionales, dijo que el crimen en las \u00e1reas de agricultura rural es alto pero \u00abno est\u00e1 dirigido a ning\u00fan grupo racial o \u00e9tnico\u00bb. <\/p>\n<p class=\"body-graf\">\u00abNo hay genocidio en Sud\u00e1frica\u00bb, agreg\u00f3 Boshoff. \u00abLas personas que viven en \u00e1reas rurales, que a menudo son agricultores, son simplemente m\u00e1s vulnerables al crimen y el crimen violento porque viven en \u00e1reas remotas\u00bb. <\/p>\n<p class=\"body-graf\">Y debido a que son remotos, la polic\u00eda a menudo no est\u00e1 cerca para protegerlos. \u00abNo hay un sesgo cultural o racial en juego. Los agricultores blancos, los agricultores negros, los trabajadores agr\u00edcolas blancos, los trabajadores agr\u00edcolas negros est\u00e1n en riesgo igualmente en riesgo y se unen en combatir este desaf\u00edo\u00bb, dijo. \u00abTampoco estoy de acuerdo con las insinuaciones de que el crimen rural est\u00e1 motivado por la pol\u00edtica o de ninguna manera relacionada con los esfuerzos de acci\u00f3n afirmativa de Sud\u00e1frica para remediar nuestro pasado a cuadros\u00bb. <\/p>\n<p class=\"body-graf\">Solidaridad, un sindicato sudafricano que representa a 600,000 familias afrikaner, dijo en un comunicado en febrero que no est\u00e1 de acuerdo con el Congreso Nacional Africano, que quiere cerrar la brecha de disparidad de las tierras agr\u00edcolas. \u00abPero amamos a nuestro pa\u00eds. Como en cualquier comunidad, hay personas que desean inmigrar, pero la repatriaci\u00f3n de afrikaners como refugiados no es una soluci\u00f3n para nosotros\u00bb, escribi\u00f3 el grupo. <\/p>\n<p class=\"body-graf\">El presidente Ramaphosa dijo en X que las leyes del pa\u00eds \u00abequilibran la necesidad de uso p\u00fablico de tierras y la protecci\u00f3n de los derechos de los propietarios\u00bb. Dijo que una reuni\u00f3n con el presidente Trump sobre la pol\u00edtica de reforma agraria del pa\u00eds resultar\u00eda en que compartan \u00abuna comprensi\u00f3n mejor y com\u00fan sobre estos asuntos\u00bb. <\/p>\n<p class=\"body-graf\">El asesor de Trump, Elon Musk, quien naci\u00f3 en Sud\u00e1frica, ha hablado de que su pa\u00eds de origen tiene \u00ableyes de propiedad racista\u00bb en un esfuerzo genocida contra los agricultores blancos. <\/p>\n<figure class=\"styles_inlineImage__FvnTh styles_medium__MEKii\"><picture class=\"styles_image__i32F7\" data-testid=\"picture\"><source media=\"(min-width: 1000px)\" srcset=\"https:\/\/media-cldnry.s-nbcnews.com\/image\/upload\/t_fit-560w,f_avif,q_auto:eco,dpr_2\/rockcms\/2025-05\/250509-south-africa-afrikaans-rally-ac-533p-c169ab.jpg 2x, https:\/\/media-cldnry.s-nbcnews.com\/image\/upload\/t_fit-560w,f_auto,q_auto:best\/rockcms\/2025-05\/250509-south-africa-afrikaans-rally-ac-533p-c169ab.jpg 1x\"\/><source media=\"(min-width: 320px)\" srcset=\"https:\/\/media-cldnry.s-nbcnews.com\/image\/upload\/t_fit-760w,f_avif,q_auto:eco,dpr_2\/rockcms\/2025-05\/250509-south-africa-afrikaans-rally-ac-533p-c169ab.jpg 2x, https:\/\/media-cldnry.s-nbcnews.com\/image\/upload\/t_fit-760w,f_auto,q_auto:best\/rockcms\/2025-05\/250509-south-africa-afrikaans-rally-ac-533p-c169ab.jpg 1x\"\/><img decoding=\"async\" loading=\"lazy\" src=\"https:\/\/media-cldnry.s-nbcnews.com\/image\/upload\/t_fit-760w,f_auto,q_auto:best\/rockcms\/2025-05\/250509-south-africa-afrikaans-rally-ac-533p-c169ab.jpg\" alt=\"Sud\u00e1frica Rally de demostraci\u00f3n afrikaans\" height=\"1667\" width=\"2500\"\/><\/picture><figcaption class=\"caption styles_caption__TCewG\" data-testid=\"caption\"><span class=\"caption__container\" data-testid=\"caption__container\">Los sudafricanos blancos que apoyan al presidente Donald Trump y Elon Musk se re\u00fanen para una manifestaci\u00f3n frente a la embajada de los Estados Unidos en Pretoria, Sud\u00e1frica, el 15 de febrero.<\/span><span class=\"caption__source\" data-testid=\"caption__source\">Marco Longari \/ AFP &#8211; Archivo de Getty Images<\/span><\/figcaption><\/figure>\n<p class=\"body-graf\">Fadial Adams, miembro de la Asamblea Nacional de Sud\u00e1frica, un organismo pol\u00edtico que aprueba la legislaci\u00f3n y analiza la acci\u00f3n ejecutiva, advirti\u00f3 sobre la influencia de Musk en el presidente. \u00abNo olvidemos que Elon Musk es un beneficiario de nuestro sufrimiento y nuestra esclavitud en Sud\u00e1frica, y no es algo que esconde. Fue criado en un sistema que benefici\u00f3 exclusivamente a los sudafricanos blancos\u00bb, dijo Adams. \u00abElon Musk deber\u00eda dejar de actuar como el Ministro de Asuntos Exteriores para Sud\u00e1frica. No lo es\u00bb. <\/p>\n<p class=\"body-graf\">El representante de la administraci\u00f3n Trump y Musk no respondi\u00f3 a una solicitud de comentarios. <\/p>\n<p class=\"body-graf\">AfriForum, una agencia sudafricana no gubernamental que apoya los intereses de los ciudadanos blancos, ha pedido que los asesinatos por granjas se clasifiquen como delitos prioritarios que requieren atenci\u00f3n especial, como la violencia a base de g\u00e9nero o el rinoceronte. No respalda la Ley de Expropiaci\u00f3n. <\/p>\n<p class=\"body-graf\">\u00abMuchas leyes identificadas por los grupos de lobby afrikaner como racistas son consideradas por el Congreso Nacional Africano como necesarias, medidas intencionales para corregir los errores pasados\u00bb, dijo Thula Simpson, profesora asociada de historia en la Universidad de Pretoria en Sud\u00e1frica. \u00abEntonces, los desarrollos actuales atacan en el coraz\u00f3n del consenso posterior al apartheid\u00bb. <\/p>\n<p class=\"body-graf\">En cuanto a los agricultores en Sud\u00e1frica en su conjunto, Sihlobo, el economista de la C\u00e1mara de Negocios Agr\u00edcolas, se\u00f1al\u00f3 c\u00f3mo las ganancias del pa\u00eds de la exportaci\u00f3n de productos han crecido de $ 2 mil millones en el a\u00f1o 2000 a casi $ 14 mil millones en 2024. <\/p>\n<p class=\"body-graf\">\u00abSomos autosuficientes\u00bb, dijo Sihlobo. \u00abEso habla del progreso que ha estado haciendo el sector. No se puede ver n\u00fameros como ese donde hay un genocidio\u00bb. <\/p>\n<p class=\"body-graf\">Jaco Minnaar, presidente de Agri SA, la organizaci\u00f3n agr\u00edcola m\u00e1s grande de Sud\u00e1frica, dice que el mayor problema es la tasa de criminalidad de Sud\u00e1frica. <\/p>\n<p class=\"body-graf\">\u00abPodemos ver que los asesinatos por granjas en Sud\u00e1frica tienen una tasa per c\u00e1pita ligeramente m\u00e1s alta que los asesinatos en general, pero son agricultores y trabajadores agr\u00edcolas, lo que no es necesariamente blanco\u00bb, dijo Minnaar.  <\/p>\n<p class=\"endmark body-graf\">\u00abNuestra tasa de asesinatos es una de las m\u00e1s altas per c\u00e1pita del mundo, incluso m\u00e1s alta que algunos de los pa\u00edses devastados por la guerra. Eso es algo que debemos abordar\u00bb, dijo. \u00abPero no podemos ver espec\u00edficamente en las estad\u00edsticas que los blancos o cualquier otro grupo demogr\u00e1fico est\u00e1n atacados. O que hay un genocidio\u00bb.<\/p>\n<\/div>\n\n","protected":false},"excerpt":{"rendered":"<p>Un d\u00eda despu\u00e9s de que 59 sudafricanos blancos fueron bienvenidos a Estados Unidos como refugiados, m\u00e1s de 86,000 agricultores sudafricanos, que en su mayor\u00eda son blancos, se re\u00fanen esta semana en la Feria del D\u00eda de la Cosecha de Nampo, una exposici\u00f3n agr\u00edcola anual considerada la m\u00e1s grande del hemisferio sur. Durante cuatro d\u00edas, los &hellip;<\/p>\n","protected":false},"author":1,"featured_media":27345,"comment_status":"open","ping_status":"open","sticky":false,"template":"","format":"standard","meta":{"fifu_image_url":"https:\/\/media-cldnry.s-nbcnews.com\/image\/upload\/t_nbcnews-fp-1200-630,f_auto,q_auto:best\/rockcms\/2025-05\/250514-south-africa-refugees-vl-1151a-84f509.jpg","fifu_image_alt":"","footnotes":""},"categories":[4],"tags":[],"class_list":["post-27343","post","type-post","status-publish","format-standard","has-post-thumbnail","","category-historias-destacadas"],"_links":{"self":[{"href":"https:\/\/noticiasveraces.com\/index.php?rest_route=\/wp\/v2\/posts\/27343","targetHints":{"allow":["GET"]}}],"collection":[{"href":"https:\/\/noticiasveraces.com\/index.php?rest_route=\/wp\/v2\/posts"}],"about":[{"href":"https:\/\/noticiasveraces.com\/index.php?rest_route=\/wp\/v2\/types\/post"}],"author":[{"embeddable":true,"href":"https:\/\/noticiasveraces.com\/index.php?rest_route=\/wp\/v2\/users\/1"}],"replies":[{"embeddable":true,"href":"https:\/\/noticiasveraces.com\/index.php?rest_route=%2Fwp%2Fv2%2Fcomments&post=27343"}],"version-history":[{"count":0,"href":"https:\/\/noticiasveraces.com\/index.php?rest_route=\/wp\/v2\/posts\/27343\/revisions"}],"wp:featuredmedia":[{"embeddable":true,"href":"https:\/\/noticiasveraces.com\/index.php?rest_route=\/wp\/v2\/media\/27345"}],"wp:attachment":[{"href":"https:\/\/noticiasveraces.com\/index.php?rest_route=%2Fwp%2Fv2%2Fmedia&parent=27343"}],"wp:term":[{"taxonomy":"category","embeddable":true,"href":"https:\/\/noticiasveraces.com\/index.php?rest_route=%2Fwp%2Fv2%2Fcategories&post=27343"},{"taxonomy":"post_tag","embeddable":true,"href":"https:\/\/noticiasveraces.com\/index.php?rest_route=%2Fwp%2Fv2%2Ftags&post=27343"}],"curies":[{"name":"wp","href":"https:\/\/api.w.org\/{rel}","templated":true}]}}