{"id":27337,"date":"2025-05-15T03:03:21","date_gmt":"2025-05-15T07:03:21","guid":{"rendered":"https:\/\/noticiasveraces.com\/?p=27337"},"modified":"2025-05-15T03:03:21","modified_gmt":"2025-05-15T07:03:21","slug":"herve-kempf-periodista-los-superricos-como-los-musk-o-los-bezos-influyen-en-un-modelo-cultural-que-supone-una-catastrofe-ecologica-clima-y-medio-ambiente","status":"publish","type":"post","link":"https:\/\/noticiasveraces.com\/?p=27337","title":{"rendered":"Herv\u00e9 Kempf, periodista: \u201cLos superricos como los Musk o los Bezos influyen en un modelo cultural que supone una cat\u00e1strofe ecol\u00f3gica\u201d | Clima y Medio Ambiente"},"content":{"rendered":"<p> \n<\/p>\n<div data-dtm-region=\"articulo_cuerpo\">\n<p class=\"\">En 2007, el periodista franc\u00e9s Herv\u00e9 Kempf (Amiens, 67 a\u00f1os) public\u00f3 el libro <i>C\u00f3mo los ricos destruyen el planeta<\/i>y ahora lanza en Espa\u00f1a un c\u00f3mic en el que carga contra los millonarios todav\u00eda con m\u00e1s dureza. En esta nueva publicaci\u00f3n, titulada <i>C\u00f3mo los ricos saquean el planeta<\/i> (ed. Garbuix Books), aparece \u00e9l mismo dibujado, junto al ilustrador Juan Mendez, para protagonizar la lucha contra los due\u00f1os de <i>chorro<\/i> privados y grandes fortunas. Como incide, lo que est\u00e1 ocurriendo en el Gobierno de EE UU con superricos como Donald Trump o Elon Musk muestra que \u201cel capitalismo se est\u00e1 radicalizando\u201d.<\/p>\n<p class=\"\"><b>Pregunta. <\/b>\u00bfQu\u00e9 ha cambiado en los 17 a\u00f1os transcurridos entre el libro de <i>C\u00f3mo los ricos destruyen el planeta<\/i> y este c\u00f3mic?<\/p>\n<p class=\"\"><b>Respuesta.<\/b> La situaci\u00f3n ecol\u00f3gica general ha empeorado enormemente. Y los ricos, los superricos, se han vuelto a\u00fan m\u00e1s ricos. El capitalismo se ha radicalizado, no entiende de cuestiones sociales ni desigualdades ni de ecolog\u00eda. Seguimos yendo cada vez m\u00e1s a una digitalizaci\u00f3n generalizada e incluso a la creaci\u00f3n de una clase de personas superiores, despreciando a una gran parte de la humanidad.<\/p>\n<p class=\"\"><b>PAG. <\/b>\u00bfPor qu\u00e9 culpa a los ricos del calentamiento del planeta o la p\u00e9rdida de biodiversidad?<\/p>\n<p class=\"\"><b>R.<\/b> Por un lado, el peso de los ricos en las emisiones del cambio clim\u00e1tico es muy significativo. Se estima que el 10% m\u00e1s rico de la poblaci\u00f3n mundial genera aproximadamente la mitad de las emisiones del planeta. Este es ya un factor muy importante. Y aqu\u00ed hay que tener en cuenta que ese 10% de los m\u00e1s ricos incluye casi la mitad de la poblaci\u00f3n de Francia, Alemania, Italia, posiblemente Espa\u00f1a. O el 60% de la de Canad\u00e1 o EE UU. Por otro lado, los superricos como los Musk, los Bezos o los Zuckerberg influyen en un modelo cultural que supone una cat\u00e1strofe ecol\u00f3gica.<\/p>\n<p class=\"\"><b>PAG. <\/b>\u00bfA qu\u00e9 se refiere?<\/p>\n<p class=\"\"><b>R.<\/b> Aqu\u00ed nos apoyamos en la teor\u00eda de un economista estadounidense del siglo XIX, Thorstein Weblen, que explica que el modelo cultural propagado por los m\u00e1s ricos influye en todos los grupos sociales de abajo, porque en todos los grupos sociales estamos sometidos a una rivalidad ostentatoria de competencias simb\u00f3licas que nos hace imitar el estilo de vida de los que est\u00e1n arriba. En un mundo con unos niveles de desigualdad excepcionales en la historia de los \u00faltimos 2.000 a\u00f1os, el despilfarro de los de arriba influye en los comportamientos y el modo de vida del conjunto de las sociedades.<\/p>\n<p class=\"\"><b>PAG.<\/b> Pero, como ha dicho, en ese 10% de los m\u00e1s ricos hay mucha gente que no tiene<i> chorro<\/i> privado ni influye tanto.<\/p>\n<p class=\"\"><b>R.<\/b> As\u00ed es. Hago una clara distinci\u00f3n entre los ultrarricos y los ricos. El 10% m\u00e1s rico del planeta incluye aproximadamente 800 millones de personas y esto supone buena parte de la poblaci\u00f3n de Francia, Espa\u00f1a, B\u00e9lgica, Italia, Estados Unidos&#8230; Esto puede sorprender, pero se pueden considerar ricos a todos aquellos que ganan el doble del salario medio. En Espa\u00f1a, ser\u00eda una persona que gana unos 3.500 euros netos al mes. Evidentemente, la mayor parte de esta gente no tiene nada que ver con los Musk, los Bezos y los ultrarricos, en realidad, est\u00e1n m\u00e1s pr\u00f3ximos de la clase media o incluso de los pobres de su sociedad, que de los que est\u00e1n arriba del todo. Las desigualdades han crecido enormemente. Esto ya no tiene forma de pir\u00e1mide como la de Keops, sino de una punta como una aguja.<\/p>\n<p class=\"\"><b>PAG. <\/b>Para reducir las desigualdades defiende, entre otras medidas, m\u00e1s impuestos a los superricos. \u00bfNo es as\u00ed?<\/p>\n<p class=\"\"><b>R.<\/b> Desde el punto de vista ecol\u00f3gico, que es el m\u00edo, soy ecologista, resulta clave reducir las desigualdades. Hay una propuesta llamada la tasa Zucman, que hace un a\u00f1o se discuti\u00f3 en el G20 de Brasil y fue apoyada por el Gobierno espa\u00f1ol, que propone recaudar el 2% de la riqueza de los multimillonarios. Es una reducci\u00f3n muy peque\u00f1a de la desigualdad, pero supondr\u00eda cientos de miles de millones de euros para sacar a gente de la pobreza y reorientar la econom\u00eda colectiva a favor del transporte p\u00fablico, la agricultura ecol\u00f3gica, la bici en la ciudad, la renovaci\u00f3n energ\u00e9tica&#8230; <\/p>\n<p class=\"\"><b>PAG.<\/b> Pero en el c\u00f3mic asegura que no es suficiente con cambiar a los superricos y hay que cambiar el sistema. <\/p>\n<p class=\"\"><b>R. <\/b>Para m\u00ed es lo mismo, ya que el sistema actual del capitalismo se fundamenta en una desigualdad extrema en la que los multimillonarios est\u00e1n en el poder. Lo que ha pasado en Estados Unidos, que sigue siendo la primera potencia mundial, es bastante alucinante. Quien est\u00e1 en el poder es un multimillonario, el se\u00f1or Trump, rodeado de otros multimillonarios, como Musk, en particular, pero tambi\u00e9n Bezos o los Zuckerberg, que le apoyan. El sistema ya no tiene otro objetivo que mantener estas desigualdades extremas. Por eso hay que cambiarlo.<\/p>\n<figure class=\"a_m a_m-v \"><span class=\"_db a_m_w _pr lb_btn\"><img alt=\"Reproducci\u00f3n de una p\u00e1gina del c\u00f3mic 'C\u00f3mo los ricos saquean el planeta', en la que son protagonistas Juan Mendez y Herv\u00e9 Kempf (con camisa rosa).\" decoding=\"auto\" class=\"_re lazyload a_m-v\" height=\"556\" srcset=\"https:\/\/imagenes.elpais.com\/resizer\/v2\/6I2D2Y3ULBAUHHGOWSTWT7MKYM.jpg?auth=a3b5382fa4e279f36168761058f4741e45ccce94e189c9757d8b12573f3c5cc5&amp;width=414 414w,https:\/\/imagenes.elpais.com\/resizer\/v2\/6I2D2Y3ULBAUHHGOWSTWT7MKYM.jpg?auth=a3b5382fa4e279f36168761058f4741e45ccce94e189c9757d8b12573f3c5cc5&amp;width=828 640w,https:\/\/imagenes.elpais.com\/resizer\/v2\/6I2D2Y3ULBAUHHGOWSTWT7MKYM.jpg?auth=a3b5382fa4e279f36168761058f4741e45ccce94e189c9757d8b12573f3c5cc5&amp;width=980 1000w,https:\/\/imagenes.elpais.com\/resizer\/v2\/6I2D2Y3ULBAUHHGOWSTWT7MKYM.jpg?auth=a3b5382fa4e279f36168761058f4741e45ccce94e189c9757d8b12573f3c5cc5&amp;width=1960 1960w\" width=\"414\" sizes=\"auto, (min-width:1199px) 1155px,(min-width:1001px) calc(100vw - 44px),(min-width:768px) 767px, 100vw\" src=\"https:\/\/imagenes.elpais.com\/resizer\/v2\/6I2D2Y3ULBAUHHGOWSTWT7MKYM.jpg?auth=a3b5382fa4e279f36168761058f4741e45ccce94e189c9757d8b12573f3c5cc5&amp;width=414\" loading=\"lazy\"\/><svg aria-hidden=\"true\" class=\"icon_multimedia_ampliar | _pa a_m_i a_m_i-a _dn\" viewbox=\"0 0 40 40\"><use xlink:href=\"#svg-ampliar\"\/><\/svg><\/span><figcaption class=\"a_m_p\" aria-hidden=\"true\"><span>Reproducci\u00f3n de una p\u00e1gina del c\u00f3mic &#8216;C\u00f3mo los ricos saquean el planeta&#8217;, en la que son protagonistas Juan Mendez y Herv\u00e9 Kempf (con camisa rosa).<\/span><\/figcaption><\/figure>\n<p class=\"\"><b>PAG.<\/b> \u00bfQu\u00e9 opina de las medidas puestas en marcha por ese Gobierno de Trump?<\/p>\n<p class=\"\"><b>R.<\/b> Confirma lo que decimos Juan Mendes y yo, algo que no me produce ninguna satisfacci\u00f3n: que el capitalismo se est\u00e1 radicalizando y ha optado por ir contra la democracia y apoyar a la extrema derecha. Esto es muy serio, pero en cierto modo las cosas se han vuelto m\u00e1s claras, ahora sabemos d\u00f3nde estamos. Lo dijo un multimillonario: \u201cHay una guerra de clases y la estamos ganando los ricos\u201d. Son palabras del se\u00f1or Warren Buffett. Ahora hay que tener unas posiciones muy fuertes de rechazo, esta gente es nuestra adversaria. La buena noticia es que hay cada vez m\u00e1s contestaci\u00f3n a esto y muchas alternativas para gestionar la sociedad de otra forma. <\/p>\n<p class=\"\"><b>PAG. <\/b>Asegura que para cambiar las cosas a favor del medio ambiente hay que convertir en deseable la sobriedad, pero algunas medidas verdes est\u00e1n generando mucho rechazo en parte de la poblaci\u00f3n. <\/p>\n<p class=\"\"><b>R. <\/b>Que hay que ir a una mayor sobriedad lo defiendo plenamente. Pero es verdad lo que dice, la batalla pol\u00edtica es convertir en realistas y cre\u00edbles las alternativas ecol\u00f3gicas. Es necesario que la izquierda y los ecologistas se tomen realmente en serio el cambio clim\u00e1tico, la sequ\u00eda, el agua, la agricultura y tambi\u00e9n las desigualdades. La cuesti\u00f3n de las desigualdades es una condici\u00f3n esencial para cambiar las cosas.<\/p>\n<p class=\"\"><b>PAG. <\/b>En el c\u00f3mic se muestra muy cr\u00edtico con los humanos mejorados con tecnolog\u00eda en el futuro.<\/p>\n<p class=\"\"><b>R. <\/b>Este c\u00f3mic no es ficci\u00f3n, sino una obra period\u00edstica apoyada por documentos y mucho trabajo. Lo que explicamos es el proyecto tecnocapitalista desarrollado en el seno de Silicon Valley, en California, con las teor\u00edas de Ray Kurzweil, que prev\u00e9 una fusi\u00f3n entre la tecnolog\u00eda y los humanos. Aquellos que se hibriden con las m\u00e1quinas se convertir\u00e1n en una nueva especie, un nuevo paso en la evoluci\u00f3n humana. Lo chocante de esta visi\u00f3n es que solo participar\u00e1 una parte de la gente. Se trata de una nueva desigualdad que divide a la especie, es racista.<\/p>\n<p class=\"\"><b>PAG. <\/b>No descarta que se produzcan sabotajes o el uso de la violencia contra los superricos. \u00bfNo es esto muy radical?<\/p>\n<p class=\"\"><b>R. <\/b>Insisto: es el capitalismo lo que se est\u00e1 radicalizando. Ellos son los radicales, son ellos los que aplican leyes represivas y un control cada vez m\u00e1s fuerte de la poblaci\u00f3n. Nosotros no decimos que haya que hacerlo, somos periodistas, lo que contamos es que un autor como Kim Stanley Robinson, famoso escritor de ciencia ficci\u00f3n estadounidense, anticipa en el libro <i>El Ministerio del Futuro <\/i>que si esto sigue as\u00ed habr\u00e1 gente que quiera hacer saltar por los aires los <i>chorros<\/i> privado.<\/p>\n<\/div>\n\n","protected":false},"excerpt":{"rendered":"<p>En 2007, el periodista franc\u00e9s Herv\u00e9 Kempf (Amiens, 67 a\u00f1os) public\u00f3 el libro C\u00f3mo los ricos destruyen el planetay ahora lanza en Espa\u00f1a un c\u00f3mic en el que carga contra los millonarios todav\u00eda con m\u00e1s dureza. En esta nueva publicaci\u00f3n, titulada C\u00f3mo los ricos saquean el planeta (ed. Garbuix Books), aparece \u00e9l mismo dibujado, junto &hellip;<\/p>\n","protected":false},"author":1,"featured_media":27338,"comment_status":"open","ping_status":"open","sticky":false,"template":"","format":"standard","meta":{"fifu_image_url":"https:\/\/imagenes.elpais.com\/resizer\/v2\/HJGBHH52RRBM7CHBWKV3MB22KE.jpg?auth=5b2ffa1a9724ec85bae3c6b22acac089abe55ee4c7ae1a389a36a9647dd92381&width=1200","fifu_image_alt":"","footnotes":""},"categories":[11],"tags":[],"class_list":["post-27337","post","type-post","status-publish","format-standard","has-post-thumbnail","","category-viaje"],"_links":{"self":[{"href":"https:\/\/noticiasveraces.com\/index.php?rest_route=\/wp\/v2\/posts\/27337","targetHints":{"allow":["GET"]}}],"collection":[{"href":"https:\/\/noticiasveraces.com\/index.php?rest_route=\/wp\/v2\/posts"}],"about":[{"href":"https:\/\/noticiasveraces.com\/index.php?rest_route=\/wp\/v2\/types\/post"}],"author":[{"embeddable":true,"href":"https:\/\/noticiasveraces.com\/index.php?rest_route=\/wp\/v2\/users\/1"}],"replies":[{"embeddable":true,"href":"https:\/\/noticiasveraces.com\/index.php?rest_route=%2Fwp%2Fv2%2Fcomments&post=27337"}],"version-history":[{"count":0,"href":"https:\/\/noticiasveraces.com\/index.php?rest_route=\/wp\/v2\/posts\/27337\/revisions"}],"wp:featuredmedia":[{"embeddable":true,"href":"https:\/\/noticiasveraces.com\/index.php?rest_route=\/wp\/v2\/media\/27338"}],"wp:attachment":[{"href":"https:\/\/noticiasveraces.com\/index.php?rest_route=%2Fwp%2Fv2%2Fmedia&parent=27337"}],"wp:term":[{"taxonomy":"category","embeddable":true,"href":"https:\/\/noticiasveraces.com\/index.php?rest_route=%2Fwp%2Fv2%2Fcategories&post=27337"},{"taxonomy":"post_tag","embeddable":true,"href":"https:\/\/noticiasveraces.com\/index.php?rest_route=%2Fwp%2Fv2%2Ftags&post=27337"}],"curies":[{"name":"wp","href":"https:\/\/api.w.org\/{rel}","templated":true}]}}