{"id":27315,"date":"2025-05-14T23:50:18","date_gmt":"2025-05-15T03:50:18","guid":{"rendered":"https:\/\/noticiasveraces.com\/?p=27315"},"modified":"2025-05-14T23:50:18","modified_gmt":"2025-05-15T03:50:18","slug":"alejandro-char-alcalde-de-barranquilla-dio-detalles-de-la-ampliacion-del-estadio-metropolitano-curiosidades-de-futbol","status":"publish","type":"post","link":"https:\/\/noticiasveraces.com\/?p=27315","title":{"rendered":"Alejandro Char, alcalde de Barranquilla, dio detalles de la ampliaci\u00f3n del estadio Metropolitano | Curiosidades de f\u00fatbol"},"content":{"rendered":"<p> \n<br \/><img decoding=\"async\" src=\"https:\/\/www.futbolred.com\/files\/article_graphic\/uploads\/2023\/11\/16\/6556b4a87ec88.jpeg\" \/><\/p>\n<div id=\"cuerpoArticulo\">\n<p class=\"texto intro\" id=\"p245698-m671-670-672\">En medio del Congreso de Naturgas 2025 realizado en abril, <b>Alejandro char,<\/b> alcalde de Barranquilla confirm\u00f3 que el<b> estadio Metropolitano Roberto Mel\u00e9ndez <\/b>ser\u00e1 ampliado para pasar a tener una capacidad de 65.000 personas.  <\/p>\n<p>El mandatario local asegur\u00f3 que la inversi\u00f3n es necesaria para albergar eventos de gran importancia en la capital del Atl\u00e1ntico como es el caso de los partidos de la Selecci\u00f3n Colombia y conciertos de m\u00fasicos reconocidos. <\/p>\n<p>Pues bien, un mes despu\u00e9s del importante anuncio, Char volvi\u00f3 a referirse a la ampliaci\u00f3n del estadio y dio m\u00e1s detalles en di\u00e1logo con El Heraldo sobre el proyecto que pretende volver el Metropolitano uno de los 100 estadios con mayor capacidad en el mundo.<\/p>\n<p class=\"texto contenido-parrafo-articulo\" id=\"p245698-m747-3-748\">\u201cLa Alcald\u00eda sigue trabajando en eso. En 120 d\u00edas se presentar\u00e1 oficialmente el proyecto de ampliaci\u00f3n del Metro\u201d, mencion\u00f3 el alcalde para el citado medio.  <\/p>\n<p>Por su parte, seg\u00fan menciona El Heraldo la idea del mandatario local es iniciar las obras este mismo a\u00f1o a finales del mes de septiembre cuando acabe la Selecci\u00f3n Colombia acabe su participaci\u00f3n en las Eliminatorias Sudamericanas y cuando se del concierto de Silvestre Dangond que se dar\u00eda sobre el 20 de septiembre.  <\/p>\n<p>De igual manera, se retirar\u00e1 la pista atl\u00e9tica del estadio para aprovechar el espacio y construir las nuevas grader\u00edas lo que dejar\u00eda al escenario con un aforo de 66.292 espectadores. Adem\u00e1s, en el proyecto que ser\u00e1 presentado en 120 d\u00edas se buscar\u00e1 el cambio del gramado por uno m\u00e1s resistente.  <\/p>\n<p>Finalmente, ante las obras en el estadio Metropolitano, lo m\u00e1s probable es que Junior pase a jugar en el estadio Romelio Mart\u00ednez, pero esto todav\u00eda a\u00fan no ha sido confirmado por el club ni por la Alcald\u00eda.<\/p>\n<\/p><\/div>\n\n","protected":false},"excerpt":{"rendered":"<p>En medio del Congreso de Naturgas 2025 realizado en abril, Alejandro char, alcalde de Barranquilla confirm\u00f3 que el estadio Metropolitano Roberto Mel\u00e9ndez ser\u00e1 ampliado para pasar a tener una capacidad de 65.000 personas. El mandatario local asegur\u00f3 que la inversi\u00f3n es necesaria para albergar eventos de gran importancia en la capital del Atl\u00e1ntico como es &hellip;<\/p>\n","protected":false},"author":1,"featured_media":27317,"comment_status":"open","ping_status":"open","sticky":false,"template":"","format":"standard","meta":{"fifu_image_url":"https:\/\/www.futbolred.com\/files\/og_thumbnail\/uploads\/2023\/11\/16\/6556b4a87ec88.jpeg","fifu_image_alt":"","footnotes":""},"categories":[6],"tags":[],"class_list":["post-27315","post","type-post","status-publish","format-standard","has-post-thumbnail","","category-deportes"],"_links":{"self":[{"href":"https:\/\/noticiasveraces.com\/index.php?rest_route=\/wp\/v2\/posts\/27315","targetHints":{"allow":["GET"]}}],"collection":[{"href":"https:\/\/noticiasveraces.com\/index.php?rest_route=\/wp\/v2\/posts"}],"about":[{"href":"https:\/\/noticiasveraces.com\/index.php?rest_route=\/wp\/v2\/types\/post"}],"author":[{"embeddable":true,"href":"https:\/\/noticiasveraces.com\/index.php?rest_route=\/wp\/v2\/users\/1"}],"replies":[{"embeddable":true,"href":"https:\/\/noticiasveraces.com\/index.php?rest_route=%2Fwp%2Fv2%2Fcomments&post=27315"}],"version-history":[{"count":0,"href":"https:\/\/noticiasveraces.com\/index.php?rest_route=\/wp\/v2\/posts\/27315\/revisions"}],"wp:featuredmedia":[{"embeddable":true,"href":"https:\/\/noticiasveraces.com\/index.php?rest_route=\/wp\/v2\/media\/27317"}],"wp:attachment":[{"href":"https:\/\/noticiasveraces.com\/index.php?rest_route=%2Fwp%2Fv2%2Fmedia&parent=27315"}],"wp:term":[{"taxonomy":"category","embeddable":true,"href":"https:\/\/noticiasveraces.com\/index.php?rest_route=%2Fwp%2Fv2%2Fcategories&post=27315"},{"taxonomy":"post_tag","embeddable":true,"href":"https:\/\/noticiasveraces.com\/index.php?rest_route=%2Fwp%2Fv2%2Ftags&post=27315"}],"curies":[{"name":"wp","href":"https:\/\/api.w.org\/{rel}","templated":true}]}}