{"id":27298,"date":"2025-05-14T21:29:12","date_gmt":"2025-05-15T01:29:12","guid":{"rendered":"https:\/\/noticiasveraces.com\/?p=27298"},"modified":"2025-05-14T21:29:12","modified_gmt":"2025-05-15T01:29:12","slug":"merz-y-su-primera-declaracion-como-canciller-en-el-bundestag-dw-14-05-2025","status":"publish","type":"post","link":"https:\/\/noticiasveraces.com\/?p=27298","title":{"rendered":"Merz y su primera declaraci\u00f3n como canciller en el Bundestag \u2013 DW \u2013 14\/05\/2025"},"content":{"rendered":"<p> \n<\/p>\n<div>\n<p>Friedrich Merz, de 69 a\u00f1os, d\u00e9cimo canciller de la Rep\u00fablica Federal de Alemania desde hace casi una semana, subi\u00f3 este mi\u00e9rcoles (14.5.2025) al podio del Parlamento alem\u00e1n. Intent\u00f3 inspirar confianza en un pa\u00eds inestable. En sus palabras: \u00abCrear cohesi\u00f3n donde corremos el riesgo de perderla\u00bb.<\/p>\n<p>Merz dej\u00f3 claro que el nuevo Gobierno quiere hacer m\u00e1s hincapi\u00e9 en pol\u00edtica exterior. Junto con sus socios europeos, la nueva coalici\u00f3n de conservadores y socialdem\u00f3cratas quiere apoyar a Ucrania con m\u00e1s fuerza en su lucha contra Rusia.<\/p>\n<p>El canciller declar\u00f3 que \u00abesta terrible guerra y sus consecuencias no s\u00f3lo decidir\u00e1n el destino de Ucrania. El resultado de esta guerra determinar\u00e1 si la ley y el orden seguir\u00e1n prevaleciendo en Europa y el mundo. O si prevalecer\u00e1n la tiran\u00eda, la fuerza militar y el derecho del m\u00e1s fuerte\u00bb.<\/p>\n<p><span data-slot-id=\"Article_InContent-1\" class=\"rich-text-ad\"\/><\/p>\n<h2>Merz conf\u00eda en el di\u00e1logo con Trump<\/h2>\n<p>Seg\u00fan Merz, Ucrania no debe ser forzada a aceptar una paz impuesta ni ser sometida a hechos, previamente originados por la fuerza militar. El problema es que Europa dif\u00edcilmente puede actuar si las pol\u00edticas del presidente estadounidense,\u00a0Donald Trump, siguen siendo tan impredecibles como lo han sido hasta ahora.<\/p>\n<p>Hace unos d\u00edas, algunos pa\u00edses europeos acordaron con Trump un alto el fuego como condici\u00f3n para las conversaciones de paz con el presidente ruso, Vladimir Putin, pero luego el estadounidense\u00a0dio marcha atr\u00e1s. As\u00ed y todo, Merz sigue confiando en el di\u00e1logo con este socio tan dif\u00edcil, del que nadie en Alemania sabe si sigue siendo socio.<\/p>\n<p>Merz luego mencion\u00f3 a Israel y la guerra en Gaza, enfatizando que la\u00a0\u00abraz\u00f3n de Estado\u00bb sigue\u00a0vigente\u00a0y que Alemania apoya a Israel.<\/p>\n<p>Con respecto a China, dijo: \u00abVemos que existen rivalidades sist\u00e9micas en las acciones de pol\u00edtica exterior de China. Observamos con suma preocupaci\u00f3n la creciente proximidad entre Pek\u00edn y Mosc\u00fa\u00bb.<\/p>\n<p>El reciente gobierno cuenta con nuevo un ministro de Exteriores, Johann Wadephul,\u00a0de la conservadora CDU de Merz.<\/p>\n<h2>Sorprendentes elogios para el excanciller<\/h2>\n<p>Hace una semana, Merz fracas\u00f3 en la primera vuelta de la\u00a0elecci\u00f3n del jefe de Gobierno, una primicia en la historia alemana de posguerra. Desde que fue elegido en segunda ronda, el nuevo canciller es consciente de la fragilidad de su coalici\u00f3n. Esta es una de las razones por las que dedic\u00f3 palabras sorprendentemente c\u00e1lidas a su predecesor, Olaf Scholz, del SPD:<\/p>\n<p> \u00abUsted, Sr. Scholz\u00a0y su Gobierno han liderado a Alemania en tiempos de crisis extraordinarias. \u00a1Su respuesta a la guerra de agresi\u00f3n rusa contra Ucrania fue revolucionaria e hist\u00f3rica!\u00bb<\/p>\n<figure class=\"placeholder-image master_landscape big\"><img data-format=\"MASTER_LANDSCAPE\" data-id=\"72508923\" data-url=\"https:\/\/static.dw.com\/image\/72508923_${formatId}.jpg\" data-aspect-ratio=\"16\/9\" alt=\"Friedrich Merz y Volodimir Zelenski en Kiev.\" style=\"padding-bottom: 56.25%; height: 0; max-height: 0;\"\/><figcaption class=\"img-caption\">\u00abSeguiremos brindando apoyo integral a Ucrania\u00bb, dijo Friedrich Merz a Volodimir Zelenski, el 10 de mayo en Kiev.<small class=\"copyright\">Imagen: Oficina Presidencial de Ucrania\/Abaca\/Alianza Picture<\/small><\/figcaption><\/figure>\n<h2>Palabras para la joven generaci\u00f3n alemana<\/h2>\n<p>Cuando Merz habl\u00f3 sobre la econom\u00eda, el deterioro de las infraestructuras y la lenta burocracia en Alemania, tambi\u00e9n mencion\u00f3\u00a0la profunda incertidumbre de los j\u00f3venes: \u00abPertenezco a una generaci\u00f3n que siempre ha ido hacia adelante. Pero muchos alemanes, sobre todo\u00a0los j\u00f3venes, dudan ahora de si esta promesa sigue vigente y de si podremos cumplirla\u00bb.<\/p>\n<p>Su Gobierno busca sobre todo limitar el frenes\u00ed regulatorio de las autoridades y reducir r\u00e1pidamente los impuestos a la electricidad. Si es posible, para este\u00a0verano.<\/p>\n<h2>\u00abMigraci\u00f3n ha desbordado por \u00faltimo\u00a0el pa\u00eds\u00bb<\/h2>\n<p>En cuanto a pol\u00edtica nacional, la migraci\u00f3n ocup\u00f3 gran parte del discurso de 45 minutos: Durante la campa\u00f1a electoral, Merz prometi\u00f3 limitar sistem\u00e1ticamente la inmigraci\u00f3n ilegal. Se denegar\u00e1 el paso a los solicitantes de asilo en las fronteras y se reforzar\u00e1n los controles. En este punto, Merz critic\u00f3 duramente a los Gobiernos anteriores:<\/p>\n<p>\u00abHemos permitido demasiada inmigraci\u00f3n descontrolada y demasiada migraci\u00f3n de personas poco cualificadas a nuestro mercado laboral y, sobre todo, a nuestros sistemas de seguridad social\u00bb. Pero la Rep\u00fablica Federal sigue siendo un pa\u00eds de inmigraci\u00f3n, afirm\u00f3 Merz.<\/p>\n<p>Y concluy\u00f3 con una frase que casi recuerda a su antigua rival y predecesora Angela Merkel\u00a0con su\u00a0\u00ab\u00a1Lo lograremos!\u00bb. Ahora, Merz afirm\u00f3: \u00abPodemos superar todos los desaf\u00edos, por grandes que sean, con nuestras propias fuerzas\u00bb.<\/p>\n<p>(RMR\/RML)<\/p>\n<\/p>\n<\/div>\n\n","protected":false},"excerpt":{"rendered":"<p>Friedrich Merz, de 69 a\u00f1os, d\u00e9cimo canciller de la Rep\u00fablica Federal de Alemania desde hace casi una semana, subi\u00f3 este mi\u00e9rcoles (14.5.2025) al podio del Parlamento alem\u00e1n. Intent\u00f3 inspirar confianza en un pa\u00eds inestable. En sus palabras: \u00abCrear cohesi\u00f3n donde corremos el riesgo de perderla\u00bb. Merz dej\u00f3 claro que el nuevo Gobierno quiere hacer m\u00e1s &hellip;<\/p>\n","protected":false},"author":1,"featured_media":27299,"comment_status":"open","ping_status":"open","sticky":false,"template":"","format":"standard","meta":{"fifu_image_url":"https:\/\/static.dw.com\/image\/72539833_6.jpg","fifu_image_alt":"","footnotes":""},"categories":[13],"tags":[],"class_list":["post-27298","post","type-post","status-publish","format-standard","has-post-thumbnail","","category-mundo"],"_links":{"self":[{"href":"https:\/\/noticiasveraces.com\/index.php?rest_route=\/wp\/v2\/posts\/27298","targetHints":{"allow":["GET"]}}],"collection":[{"href":"https:\/\/noticiasveraces.com\/index.php?rest_route=\/wp\/v2\/posts"}],"about":[{"href":"https:\/\/noticiasveraces.com\/index.php?rest_route=\/wp\/v2\/types\/post"}],"author":[{"embeddable":true,"href":"https:\/\/noticiasveraces.com\/index.php?rest_route=\/wp\/v2\/users\/1"}],"replies":[{"embeddable":true,"href":"https:\/\/noticiasveraces.com\/index.php?rest_route=%2Fwp%2Fv2%2Fcomments&post=27298"}],"version-history":[{"count":0,"href":"https:\/\/noticiasveraces.com\/index.php?rest_route=\/wp\/v2\/posts\/27298\/revisions"}],"wp:featuredmedia":[{"embeddable":true,"href":"https:\/\/noticiasveraces.com\/index.php?rest_route=\/wp\/v2\/media\/27299"}],"wp:attachment":[{"href":"https:\/\/noticiasveraces.com\/index.php?rest_route=%2Fwp%2Fv2%2Fmedia&parent=27298"}],"wp:term":[{"taxonomy":"category","embeddable":true,"href":"https:\/\/noticiasveraces.com\/index.php?rest_route=%2Fwp%2Fv2%2Fcategories&post=27298"},{"taxonomy":"post_tag","embeddable":true,"href":"https:\/\/noticiasveraces.com\/index.php?rest_route=%2Fwp%2Fv2%2Ftags&post=27298"}],"curies":[{"name":"wp","href":"https:\/\/api.w.org\/{rel}","templated":true}]}}