{"id":27296,"date":"2025-05-14T20:26:13","date_gmt":"2025-05-15T00:26:13","guid":{"rendered":"https:\/\/noticiasveraces.com\/?p=27296"},"modified":"2025-05-14T20:26:13","modified_gmt":"2025-05-15T00:26:13","slug":"presidenciales-en-polonia-definen-el-gobierno-de-tusk-dw-14-05-2025","status":"publish","type":"post","link":"https:\/\/noticiasveraces.com\/?p=27296","title":{"rendered":"Presidenciales en Polonia definen el Gobierno de Tusk \u2013 DW \u2013 14\/05\/2025"},"content":{"rendered":"<p> \n<\/p>\n<div>\n<p>El domingo 18 de mayo, los polacos\u00a0no solo eligen un nuevo presidente, que podr\u00eda ser el candidato liberal de izquierda Rafal Trzaskowski, o el conservador nacionalista Karol Nawrocki. Hay mucho m\u00e1s en juego. Del resultado electoral depende tambi\u00e9n si el Gobierno de centroizquierda proeuropeo del primer ministro Donald Tusk podr\u00e1 superar el bloqueo impuesto desde el palacio presidencial\u00a0desde que asumi\u00f3 el cargo, hace un a\u00f1o y medio.<\/p>\n<p>En Polonia, el jefe de Estado no tiene tanto poder como el presidente franc\u00e9s o el estadounidense, pero s\u00ed mucho m\u00e1s poder que el presidente federal alem\u00e1n, que tiene sobre todo funciones representativas y protocolarias. Con su derecho a veto, puede bloquear proyectos de ley del Gobierno. Adem\u00e1s, el presidente polaco, elegido directamente por el pueblo, tiene el control total de las Fuerzas Armadas, tiene voz y voto en pol\u00edtica exterior, y puede presentar sus propios proyectos de ley.<\/p>\n<h2>Esperanzas de reforma defraudadas<\/h2>\n<p>Cuando la coalici\u00f3n de Tusk expuls\u00f3 del poder al partido nacional-conservador Ley y Justicia (PiS) de Jaroslaw Kaczynski, despu\u00e9s de ocho a\u00f1os, en octubre de 2023, las esperanzas de un r\u00e1pido cambio democr\u00e1tico eran altas. Las fuerzas liberales-conservadoras hab\u00edan prometido el restablecimiento del Estado de derecho, la liberalizaci\u00f3n de las leyes sobre el aborto y m\u00e1s derechos para los homosexuales, adem\u00e1s de una reforma de los medios p\u00fablicos de comunicaci\u00f3n y una rendici\u00f3n de cuentas por parte de los pol\u00edticos acusados de corrupci\u00f3n y abuso de poder.<\/p>\n<p>Pero pronto result\u00f3 que la mayor\u00eda de los intentos de reforma fracasaron debido a la resistencia del presidente conservador-nacionalista: Andrzej Duda hace uso de su derecho a veto o env\u00eda las leyes al Tribunal Constitucional, conformado por miembros del PiS. El descontento se extendi\u00f3 en la poblaci\u00f3n, tambi\u00e9n entre quienes votan tradicionalmente a los partidos de coalici\u00f3n democr\u00e1ticos.<\/p>\n<figure class=\"placeholder-image master_landscape big\"><img data-format=\"MASTER_LANDSCAPE\" data-id=\"72060769\" data-url=\"https:\/\/static.dw.com\/image\/72060769_${formatId}.jpg\" data-aspect-ratio=\"16\/9\" alt=\"Donald Tusk, primer ministro de Polonia.\" style=\"padding-bottom: 56.25%; height: 0; max-height: 0;\"\/><figcaption class=\"img-caption\">Donald Tusk: la elecci\u00f3n del jefe de Estado podr\u00eda determinar el \u00e9xito o el fracaso de su Gobierno de coalici\u00f3n.<small class=\"copyright\">Imagen: Ludovic Marin\/AFP\/Getty Images<\/small><\/figcaption><\/figure>\n<h2>Para Tusk es cuesti\u00f3n de vida o muerte<\/h2>\n<p>\u00abEl palacio presidencial o la muerte\u00bb, escribi\u00f3 el periodista de <em>Newsweek<\/em> Jacek G\u0105dek, despu\u00e9s del inicio de la campa\u00f1a electoral el pasado oto\u00f1o. \u00abTusk sabe que todo depende del resultado de esta batalla\u00bb.<\/p>\n<p>El candidato y favorito de la izquierda liberal Rafal Trzaskowski, alcalde de Varsovia, ya fue rival de Duda en las elecciones, cinco a\u00f1os atr\u00e1s, pero perdi\u00f3 por poco margen: con un 48,97 % frente al 51,03 % del candidato conservador. A pesar de ser relativamente joven, Trzaskowski, de 53 a\u00f1os, tiene una larga carrera pol\u00edtica. Fue ministro de Digitalizaci\u00f3n, diputado en el Parlamento Europeo, y secretario de Estado en el Ministerio de Exteriores. Gobierna la capital de Polonia desde 2018.<\/p>\n<p>Trzaskowski es parte del ala izquierda del partido de Tusk, Plataforma C\u00edvica. Apoya el derecho al aborto, que prev\u00e9 la interrupci\u00f3n del embarazo hasta la semana 12, e hizo retirar todas las cruces de las oficinas del ayuntamiento. Es uno de los pocos pol\u00edticos polacos que defiende la pol\u00edtica clim\u00e1tica de la Uni\u00f3n Europea. Pocos d\u00edas antes de los comicios, lidera en las encuestas, aunque ha perdido algunos puntos porcentuales en las \u00faltimas semanas.<\/p>\n<figure class=\"placeholder-image master_landscape big\"><img data-format=\"MASTER_LANDSCAPE\" data-id=\"72540472\" data-url=\"https:\/\/static.dw.com\/image\/72540472_${formatId}.jpg\" data-aspect-ratio=\"16\/9\" alt=\"Rafal Trzaskowski, candidato de Polaco en La Presidencia.\" style=\"padding-bottom: 56.25%; height: 0; max-height: 0;\"\/><figcaption class=\"img-caption\">El candidato presidencial de la coalici\u00f3n gubernamental liberal de izquierda y proeuropea de Polonia, Rafal Trzaskowski.<small class=\"copyright\">Imagen: Marcin Golba\/Nurphoto\/Picture Alliance<\/small><\/figcaption><\/figure>\n<h2>El candidato de Kaczynski, implicado en esc\u00e1ndalos<\/h2>\n<p>El rival m\u00e1s importante de Rafal Trzaskowski es Karol Nawrocki, un historiador de 42 a\u00f1os de Gdanks que dirige el Instituto de la Memoria Nacional (IPN), la versi\u00f3n polaca del Comisionado Federal para los Archivos del\u00a0antiguo Stasi, el Servicio de Seguridad del Estado de la ex Rep\u00fablica Democr\u00e1tica Alemana (RDA).<\/p>\n<p>El jefe del PiS, Kaczynski, present\u00f3 al activista nacionalista de derecha sin pertenencia a un partido como \u00abcandidato ciudadano\u00bb\u00a0a la presidencia porque pensaba que tambi\u00e9n ganar\u00eda as\u00ed apoyos entre los votantes de derecha fuera del entorno del PiS.<\/p>\n<p>Pero ese c\u00e1lculo parece no funcionar. Su aprobaci\u00f3n sigue siendo baja, ya que incluso muchos miembros del PiS ni siquiera lo conocen. Seg\u00fan investigaciones period\u00edsticas, Nawrocki tendr\u00eda conexiones con el mundo de la delincuencia\u00a0y, poco antes de las elecciones, se vio salpicado por un esc\u00e1ndalo inmobiliario. Sus oponentes le acusaron de haber obtenido fraudulentamente un departamento construido con fondos municipales.<\/p>\n<p>En sus discursos, Nawrocki arremete contra los inmigrantes, contra el Pacto Verde Europeo y contra Bruselas. Pide restringir la ayuda a Ucrania y cultiva la imagen de Alemania como enemigo. \u00abNo ser\u00e9 un lacayo, un ayuda de c\u00e1mara de Alemania\u00bb, asegura. El PiS acusa a Tusk de ser un \u00abagente alem\u00e1n\u00bb.<\/p>\n<figure class=\"placeholder-image master_landscape big\"><img data-format=\"MASTER_LANDSCAPE\" data-id=\"72540576\" data-url=\"https:\/\/static.dw.com\/image\/72540576_${formatId}.jpg\" data-aspect-ratio=\"16\/9\" alt=\"Karol Nawrocki se postula a la presidencia por el partido conservador nacionalista PiS.\" style=\"padding-bottom: 56.25%; height: 0; max-height: 0;\"\/><figcaption class=\"img-caption\">Karol Nawrocki se postula a la presidencia por el partido conservador nacionalista PiS.<small class=\"copyright\">Imagen: Piotr Polak\/PAP\/dpa\/picture alliance<\/small><\/figcaption><\/figure>\n<p>Seg\u00fan el equipo de campa\u00f1a de Nawrocki, el presidente de Estados Unidos, Donald Trump, le habr\u00eda dicho\u00a0\u00abT\u00fa ganar\u00e1s\u00bb\u00a0durante una sesi\u00f3n de fotos con \u00e9l en el Despacho Oval.<\/p>\n<p>Tambi\u00e9n el vencedor de la primera vuelta de las presidenciales en Rumania, George Simion, viaj\u00f3 a Polonia para apoyar a su correligionario. Ambos pol\u00edticos anunciaron la v\u00edspera en Zabrze, Alta Silesia, que quieren construir una \u00abEuropa de las patrias\u00bb. \u00abNo permitiremos que la UE centralice y convierta a Polonia y Rumania en distritos administrativos (de la UE)\u00bb, explic\u00f3 Nawrocki.<\/p>\n<p><span data-slot-id=\"Article_InContent-1\" class=\"rich-text-ad\"\/><\/p>\n<h2>\u00bfTendr\u00e1 chances el candidato de la extrema derecha?<\/h2>\n<p>Durante un tiempo parec\u00eda que el candidato del partido Confederaci\u00f3n de Libertad e Independencia (Konfederacja Wolno\u015b\u0107 i Niepodleg\u0142o\u015b\u0107), de extrema derecha, Slawomir Mentzen, podr\u00eda resultar peligroso para Nawrocki, e incluso que podr\u00eda superarlo. El asesor fiscal y empresario de 38 a\u00f1os est\u00e1 de gira por Polonia desde el pasado oto\u00f1o y presume de haber realizado m\u00e1s de 340 eventos de campa\u00f1a. Tiene 1,6 millones de seguidores en Tiktok.<\/p>\n<figure class=\"placeholder-image master_landscape big\"><img data-format=\"MASTER_LANDSCAPE\" data-id=\"72540158\" data-url=\"https:\/\/static.dw.com\/image\/72540158_${formatId}.jpg\" data-aspect-ratio=\"16\/9\" alt=\"  Slawomir Mentzen, candidato del partido de extrema derecha Konfederacija.\" style=\"padding-bottom: 56.25%; height: 0; max-height: 0;\"\/><figcaption class=\"img-caption\">El candidato del partido de extrema derecha Konfederacija, Slawomir Mentzen.<small class=\"copyright\">Imagen: Attila Husejnow\/Zumapress\/Picture Alliance<\/small><\/figcaption><\/figure>\n<p>Su programa consiste principalmente en una cr\u00edtica fundamental a la realidad pol\u00edtica, en especial, al sistema de salud polaco y a su sistema jubilatorio. En cuanto a Europa, est\u00e1 en contra de la pol\u00edtica migratoria y clim\u00e1tica, y a favor del derecho a portar armas y de una prohibici\u00f3n radical del aborto, tambi\u00e9n despu\u00e9s de una violaci\u00f3n. Sus consignas radicales atraen, sobre todo, a las personas j\u00f3venes y hasta a escolares.<\/p>\n<p>Mentzen culpa al PiS de Kaczynski y al PO de Tusk de todos los problemas del pa\u00eds y habla cr\u00edticamente del \u00abduopolio\u00bb, en alusi\u00f3n al gobierno de los dos. Esta opini\u00f3n es compartida por muchos de los 13 candidatos que se presentar\u00e1n a las elecciones del pr\u00f3ximo domingo.<\/p>\n<p>Si nada inesperado ocurre, la carrera electoral no se decidir\u00eda en la primera vuelta, sino en la segunda, entre Trzaskowski y Nawrocki, el 1 de junio de 2025.<\/p>\n<p>(CP\/RML)<\/p>\n<\/div>\n\n","protected":false},"excerpt":{"rendered":"<p>El domingo 18 de mayo, los polacos\u00a0no solo eligen un nuevo presidente, que podr\u00eda ser el candidato liberal de izquierda Rafal Trzaskowski, o el conservador nacionalista Karol Nawrocki. Hay mucho m\u00e1s en juego. Del resultado electoral depende tambi\u00e9n si el Gobierno de centroizquierda proeuropeo del primer ministro Donald Tusk podr\u00e1 superar el bloqueo impuesto desde &hellip;<\/p>\n","protected":false},"author":1,"featured_media":27297,"comment_status":"open","ping_status":"open","sticky":false,"template":"","format":"standard","meta":{"fifu_image_url":"https:\/\/static.dw.com\/image\/72540330_6.jpg","fifu_image_alt":"","footnotes":""},"categories":[13],"tags":[],"class_list":["post-27296","post","type-post","status-publish","format-standard","has-post-thumbnail","","category-mundo"],"_links":{"self":[{"href":"https:\/\/noticiasveraces.com\/index.php?rest_route=\/wp\/v2\/posts\/27296","targetHints":{"allow":["GET"]}}],"collection":[{"href":"https:\/\/noticiasveraces.com\/index.php?rest_route=\/wp\/v2\/posts"}],"about":[{"href":"https:\/\/noticiasveraces.com\/index.php?rest_route=\/wp\/v2\/types\/post"}],"author":[{"embeddable":true,"href":"https:\/\/noticiasveraces.com\/index.php?rest_route=\/wp\/v2\/users\/1"}],"replies":[{"embeddable":true,"href":"https:\/\/noticiasveraces.com\/index.php?rest_route=%2Fwp%2Fv2%2Fcomments&post=27296"}],"version-history":[{"count":0,"href":"https:\/\/noticiasveraces.com\/index.php?rest_route=\/wp\/v2\/posts\/27296\/revisions"}],"wp:featuredmedia":[{"embeddable":true,"href":"https:\/\/noticiasveraces.com\/index.php?rest_route=\/wp\/v2\/media\/27297"}],"wp:attachment":[{"href":"https:\/\/noticiasveraces.com\/index.php?rest_route=%2Fwp%2Fv2%2Fmedia&parent=27296"}],"wp:term":[{"taxonomy":"category","embeddable":true,"href":"https:\/\/noticiasveraces.com\/index.php?rest_route=%2Fwp%2Fv2%2Fcategories&post=27296"},{"taxonomy":"post_tag","embeddable":true,"href":"https:\/\/noticiasveraces.com\/index.php?rest_route=%2Fwp%2Fv2%2Ftags&post=27296"}],"curies":[{"name":"wp","href":"https:\/\/api.w.org\/{rel}","templated":true}]}}