{"id":27292,"date":"2025-05-14T18:22:57","date_gmt":"2025-05-14T22:22:57","guid":{"rendered":"https:\/\/noticiasveraces.com\/?p=27292"},"modified":"2025-05-14T18:22:57","modified_gmt":"2025-05-14T22:22:57","slug":"putin-no-encabezara-la-delegacion-rusa-en-estambul-dw-14-05-2025","status":"publish","type":"post","link":"https:\/\/noticiasveraces.com\/?p=27292","title":{"rendered":"Putin no encabezar\u00e1 la delegaci\u00f3n rusa en Estambul \u2013 DW \u2013 14\/05\/2025"},"content":{"rendered":"<p> \n<\/p>\n<div>\n<p>El Kremlin divulg\u00f3 este mi\u00e9rcoles (14.05.2025) los nombres de los negociadores que asistir\u00e1n a las conversaciones con Ucrania en Estambul ma\u00f1ana jueves, una lista que no incluye al presidente ruso, Vladimir Putin. La delegaci\u00f3n rusa estar\u00e1 encabezada por el asesor presidencial Vladimir Medinski (el mismo que dirigi\u00f3 las negociaciones con Kiev en Estambul en 2022) el viceministro de Relaciones Exteriores Mija\u00edl Galuzin y el viceministro de Defensa Aleksandr Fomin.<\/p>\n<p>Kiev y sus aliados hab\u00edan insistido para que el mandatario ruso estuviese presente en el encuentro cara a cara propuesto por el presidente ucraniano, Voldimir Zelenski. Rusia no devel\u00f3 hasta el \u00faltimo momento los nombres de los integrantes de su grupo negociador. Por el momento, se desconoce si el mandatario ruso optar\u00e1 por desplazarse a Estambul pese a no encabezar la delegaci\u00f3n de su pa\u00eds en las conversaciones de ma\u00f1ana.<\/p>\n<p>La Presidencia rusa confirm\u00f3 hoy que, pese a la incertidumbre en torno a los delegados, el equipo ruso estar\u00e1 el jueves en Turqu\u00eda para reanudar las negociaciones con Kiev, interrumpidas hace tres a\u00f1os. \u00abLa delegaci\u00f3n rusa esperar\u00e1 a la delegaci\u00f3n ucraniana en Estambul\u00bb, dijo Dmitri Peskov, portavoz presidencial, en su rueda de prensa telef\u00f3nica diaria, en la que subray\u00f3 que \u00absigue en pie\u00bb la propuesta del presidente Putin de reanudar las conversaciones con Kiev.<\/p>\n<p>El presidente brasile\u00f1o, Luiz In\u00e1cio Lula da Silva, que hizo escala hoy en Rusia procedente de China, donde ya dijo que lo har\u00eda, inst\u00f3 por tel\u00e9fono a Putin a viajar a Turqu\u00eda para negociar una salida a la guerra. Horas antes, el ministro de Exteriores de Ucrania, Andr\u00ed Sibiga, pidi\u00f3 a Putin no evite la reuni\u00f3n. \u00abPutin debe dejar de rechazar un alto el fuego y de evitar la reuni\u00f3n con el presidente Zelenski\u00bb, escribi\u00f3 en su cuenta de X tras reunirse con su hom\u00f3logo turco, Hakan Fidan, en la ciudad turca de Antalya.<\/p>\n<p>LGC (EFE, AFP)<\/p>\n<\/div>\n\n","protected":false},"excerpt":{"rendered":"<p>El Kremlin divulg\u00f3 este mi\u00e9rcoles (14.05.2025) los nombres de los negociadores que asistir\u00e1n a las conversaciones con Ucrania en Estambul ma\u00f1ana jueves, una lista que no incluye al presidente ruso, Vladimir Putin. La delegaci\u00f3n rusa estar\u00e1 encabezada por el asesor presidencial Vladimir Medinski (el mismo que dirigi\u00f3 las negociaciones con Kiev en Estambul en 2022) &hellip;<\/p>\n","protected":false},"author":1,"featured_media":27293,"comment_status":"open","ping_status":"open","sticky":false,"template":"","format":"standard","meta":{"fifu_image_url":"https:\/\/static.dw.com\/image\/72493032_6.jpg","fifu_image_alt":"","footnotes":""},"categories":[13],"tags":[],"class_list":["post-27292","post","type-post","status-publish","format-standard","has-post-thumbnail","","category-mundo"],"_links":{"self":[{"href":"https:\/\/noticiasveraces.com\/index.php?rest_route=\/wp\/v2\/posts\/27292","targetHints":{"allow":["GET"]}}],"collection":[{"href":"https:\/\/noticiasveraces.com\/index.php?rest_route=\/wp\/v2\/posts"}],"about":[{"href":"https:\/\/noticiasveraces.com\/index.php?rest_route=\/wp\/v2\/types\/post"}],"author":[{"embeddable":true,"href":"https:\/\/noticiasveraces.com\/index.php?rest_route=\/wp\/v2\/users\/1"}],"replies":[{"embeddable":true,"href":"https:\/\/noticiasveraces.com\/index.php?rest_route=%2Fwp%2Fv2%2Fcomments&post=27292"}],"version-history":[{"count":0,"href":"https:\/\/noticiasveraces.com\/index.php?rest_route=\/wp\/v2\/posts\/27292\/revisions"}],"wp:featuredmedia":[{"embeddable":true,"href":"https:\/\/noticiasveraces.com\/index.php?rest_route=\/wp\/v2\/media\/27293"}],"wp:attachment":[{"href":"https:\/\/noticiasveraces.com\/index.php?rest_route=%2Fwp%2Fv2%2Fmedia&parent=27292"}],"wp:term":[{"taxonomy":"category","embeddable":true,"href":"https:\/\/noticiasveraces.com\/index.php?rest_route=%2Fwp%2Fv2%2Fcategories&post=27292"},{"taxonomy":"post_tag","embeddable":true,"href":"https:\/\/noticiasveraces.com\/index.php?rest_route=%2Fwp%2Fv2%2Ftags&post=27292"}],"curies":[{"name":"wp","href":"https:\/\/api.w.org\/{rel}","templated":true}]}}