{"id":27281,"date":"2025-05-14T17:21:48","date_gmt":"2025-05-14T21:21:48","guid":{"rendered":"https:\/\/noticiasveraces.com\/?p=27281"},"modified":"2025-05-14T17:21:48","modified_gmt":"2025-05-14T21:21:48","slug":"jose-mujica-ex-lider-de-uruguay-icono-rebelde-y-reformador-de-cannabis-muerto-a-los-89-anos","status":"publish","type":"post","link":"https:\/\/noticiasveraces.com\/?p=27281","title":{"rendered":"Jos\u00e9 Mujica, ex l\u00edder de Uruguay, \u00edcono rebelde y reformador de cannabis, muerto a los 89 a\u00f1os"},"content":{"rendered":"<p> \n<\/p>\n<div>\n<p class=\"speakable\">Jos\u00e9 Mujica, un guerrillero de una sola vez y m\u00e1s tarde presidente de Uruguay que condujo un VW Beetle y promulg\u00f3 reformas progresivas que llevaron su reputaci\u00f3n mucho m\u00e1s all\u00e1 de Sudam\u00e9rica, ha muerto a los 89 a\u00f1os.<\/p>\n<p class=\"speakable\">La Mujica de tala recta, conocida por muchos uruguayos por su apodo de \u00abPepe\u00bb, dirigi\u00f3 al gobierno izquierdista del peque\u00f1o pa\u00eds agr\u00edcola de 2010 a 2015 despu\u00e9s de convencer a los votantes que su pasado radical fue un cap\u00edtulo cerrado.<\/p>\n<p><strong>El ex presidente uruguayo, Jos\u00e9 Mujica, anuncia el diagn\u00f3stico de c\u00e1ncer de es\u00f3fago<\/strong><\/p>\n<p>\u00abEs con una profunda tristeza que anunciamos la muerte de nuestro camarada Pepe Mujica\u00bb, dijo el presidente Yamandu Orsi en una publicaci\u00f3n sobre X. \u00abGracias por todo lo que nos diste y por tu profundo amor por tu gente\u00bb.<\/p>\n<p>Como presidente, Mujica adopt\u00f3 lo que entonces era una postura liberal pionera sobre temas relacionados con las libertades civiles. Firm\u00f3 una ley que permit\u00eda el matrimonio homosexual y los abortos al principio del embarazo, y respald\u00f3 una propuesta para legalizar las ventas de marihuana. Las medidas de matrimonio gay y aborto fueron un gran cambio para Am\u00e9rica Latina cat\u00f3lica, y el movimiento de la marihuana fue en ese momento casi sin precedentes en todo el mundo.<\/p>\n<p>Los l\u00edderes regionales, incluidos los presidentes izquierdistas en Brasil, Chile y M\u00e9xico, lloraron el fallecimiento de Mujica y elogiaron su ejemplo.<\/p>\n<p>\u00abDefendi\u00f3 la democracia como pocos. Y nunca dej\u00f3 de abogar por la justicia social y el fin de todas las desigualdades\u00bb, dijo el presidente brasile\u00f1o Luiz Inacio Lula da Silva. La \u00abgrandeza de Mujica trascendi\u00f3 las fronteras de Uruguay y su t\u00e9rmino presidencial\u00bb, agreg\u00f3.<\/p>\n<p>Durante su mandato, Mujica se neg\u00f3 a mudarse a la residencia presidencial, eligiendo quedarse en su modesto hogar donde mantuvo una peque\u00f1a granja de flores en un suburbio de Montevideo, la capital.<\/p>\n<p>Evitando un traje y corbata formales, era com\u00fan verlo conduciendo en su escarabajo o comer en los restaurantes del centro donde los trabajadores de la oficina almorzaron.<\/p>\n<div class=\"image-ct inline\">\n<div class=\"m\"><picture><source media=\"(max-width: 767px)\" srcset=\"https:\/\/a57.foxnews.com\/static.foxnews.com\/foxnews.com\/content\/uploads\/2025\/05\/343\/192\/movimiento-de-participacion-popular.jpg?ve=1&amp;tl=1, https:\/\/a57.foxnews.com\/static.foxnews.com\/foxnews.com\/content\/uploads\/2025\/05\/686\/384\/movimiento-de-participacion-popular.jpg?ve=1&amp;tl=1 2x\" height=\"192\" width=\"343\"><source media=\"(min-width: 768px) and (max-width: 1023px)\" srcset=\"https:\/\/a57.foxnews.com\/static.foxnews.com\/foxnews.com\/content\/uploads\/2025\/05\/672\/378\/movimiento-de-participacion-popular.jpg?ve=1&amp;tl=1, https:\/\/a57.foxnews.com\/static.foxnews.com\/foxnews.com\/content\/uploads\/2025\/05\/1344\/756\/movimiento-de-participacion-popular.jpg?ve=1&amp;tl=1 2x\" height=\"378\" width=\"672\"><source media=\"(min-width: 1024px) and (max-width: 1279px)\" srcset=\"https:\/\/a57.foxnews.com\/static.foxnews.com\/foxnews.com\/content\/uploads\/2025\/05\/931\/523\/movimiento-de-participacion-popular.jpg?ve=1&amp;tl=1, https:\/\/a57.foxnews.com\/static.foxnews.com\/foxnews.com\/content\/uploads\/2025\/05\/1862\/1046\/movimiento-de-participacion-popular.jpg?ve=1&amp;tl=1 2x\" height=\"523\" width=\"931\"><source media=\"(min-width: 1280px)\" srcset=\"https:\/\/a57.foxnews.com\/static.foxnews.com\/foxnews.com\/content\/uploads\/2025\/05\/720\/405\/movimiento-de-participacion-popular.jpg?ve=1&amp;tl=1, https:\/\/a57.foxnews.com\/static.foxnews.com\/foxnews.com\/content\/uploads\/2025\/05\/1440\/810\/movimiento-de-participacion-popular.jpg?ve=1&amp;tl=1 2x\" height=\"405\" width=\"720\"><img loading=\"lazy\" decoding=\"async\" src=\"https:\/\/a57.foxnews.com\/static.foxnews.com\/foxnews.com\/content\/uploads\/2025\/05\/1200\/675\/movimiento-de-participacion-popular.jpg?ve=1&amp;tl=1\" alt=\"El ex presidente de Uruguay, Jos\u00e9 Mujica, muri\u00f3 a la edad de 89 a\u00f1os en Montevideo\" width=\"1200\" height=\"675\"\/><\/source><\/source><\/source><\/source><\/picture><\/div>\n<div class=\"info\">\n<div class=\"caption\">\n<p><span>La gente se re\u00fane fuera de la sede del Partido Popular (MPP) del Movimiento de la participaci\u00f3n, luego de la muerte del ex presidente de Uruguay, Jos\u00e9 \u00abPepe\u00bb Mujica a la edad de 89 a\u00f1os, en Montevideo, Uruguay, el 13 de mayo de 2025. <\/span> <span>(REUTERS\/Andres Cuenca)<\/span><\/p>\n<\/div>\n<\/div>\n<\/div>\n<p>En una entrevista de mayo de 2024 con Reuters en la casa con techo de hojalata que Mujica comparti\u00f3 con su esposa, la ex senadora Lucia Topolansky, dijo que hab\u00eda mantenido el viejo escarabajo y que todav\u00eda estaba en condiciones \u00abfenomenales\u00bb.<\/p>\n<p>Pero, agreg\u00f3, prefer\u00eda un giro en el tractor, diciendo que era \u00abm\u00e1s entretenido\u00bb que un autom\u00f3vil y era un lugar donde \u00abtienes tiempo para pensar\u00bb.<\/p>\n<p>Los cr\u00edticos cuestionaron la tendencia de Mujica a romper con el protocolo, mientras que sus declaraciones contundentes y ocasionalmente groseras a veces lo obligaban a explicarse, bajo la presi\u00f3n de los oponentes y los aliados pol\u00edticos por igual.<\/p>\n<p>Pero fue su estilo realista y sus reflexiones progresivas lo que lo atrajo a muchos uruguayos.<\/p>\n<p>\u00abEl problema es que el mundo est\u00e1 dirigido por personas mayores, que olvidan c\u00f3mo eran cuando eran j\u00f3venes\u00bb, dijo Mujica durante la entrevista de 2024.<\/p>\n<p>El mismo Mujica ten\u00eda 74 a\u00f1os cuando se convirti\u00f3 en presidente. Fue elegido con el 52% de los votos, a pesar de las preocupaciones de algunos votantes sobre su edad y su pasado como uno de los l\u00edderes del Grupo Rebelde de Tupamaros en los a\u00f1os sesenta y setenta.<\/p>\n<p>Lucia Topolansky fue la socia a largo plazo de Mujica, que se remonta a sus d\u00edas en Tupamaros. La pareja se cas\u00f3 en 2005, y se desempe\u00f1\u00f3 como vicepresidenta de 2017-2020.<\/p>\n<p>Despu\u00e9s de dejar el cargo, permanecieron pol\u00edticamente activos, asistiendo regularmente a inauguraciones de presidentes latinoamericanos y dando respaldo crucial a los candidatos en Uruguay, incluidos Orsi, que asumieron el cargo en marzo de 2025. Dejaron de cultivar flores en su peque\u00f1a tenencia pero continuaron cultivando verduras, incluidas las tomates que Topolansky pidieron cada temporada.<\/p>\n<p>Detr\u00e1s de las rejas<\/p>\n<p>El certificado de nacimiento de Jos\u00e9 Mujica lo registr\u00f3 como nacido en 1935, aunque afirm\u00f3 que hab\u00eda un error y que en realidad naci\u00f3 un a\u00f1o antes. Una vez describi\u00f3 su educaci\u00f3n como \u00abpobreza digna\u00bb.<\/p>\n<p>El padre de Mujica muri\u00f3 cuando ten\u00eda 9 o 10 a\u00f1os, y cuando era ni\u00f1o ayud\u00f3 a su madre a mantener la granja donde cultivaban flores y manten\u00edan pollos y algunas vacas.<\/p>\n<p>En ese momento, Mujica se interes\u00f3 en la pol\u00edtica, la izquierda de Uruguay era d\u00e9bil y fracturada y comenz\u00f3 su carrera pol\u00edtica en un ala progresiva del Partido Nacional Center-Right.<\/p>\n<p>A fines de la d\u00e9cada de 1960, se uni\u00f3 al movimiento de guerrilla marxista Tupamaros, que busc\u00f3 debilitar al gobierno conservador de Uruguay a trav\u00e9s de robos, secuestros pol\u00edticos y bombardeos.<\/p>\n<p>M\u00e1s tarde, Mujica dijo que nunca hab\u00eda matado a nadie, pero estuvo involucrado en varios enfrentamientos violentos con la polic\u00eda y los soldados y que una vez recibi\u00f3 seis veces.<\/p>\n<p>Las fuerzas de seguridad de Uruguay ganaron la ventaja de los Tupamaros cuando los militares barrieron el poder en un golpe de estado de 1973, marcando el comienzo de una dictadura de 12 a\u00f1os en la que unas 200 personas fueron secuestradas y asesinadas. Miles m\u00e1s fueron encarcelados y torturados.<\/p>\n<p>Mujica pas\u00f3 casi 15 a\u00f1os tras las rejas, muchos en confinamiento solitario, yac\u00edan en el fondo de un viejo canal de caballos con solo hormigas para compa\u00f1\u00eda. Se las arregl\u00f3 para escapar dos veces, una vez al t\u00faneles en una casa cercana. Su mayor \u00abvicio\u00bb cuando se acerc\u00f3 a 90, dijo m\u00e1s tarde, estaba hablando consigo mismo, aludiendo a su tiempo de forma aislada.<\/p>\n<p>Cuando la democracia fue restaurada al pa\u00eds agr\u00edcola de aproximadamente 3 millones de personas en 1985, Mujica fue liberada y devuelta a la pol\u00edtica, convirti\u00e9ndose gradualmente en una figura prominente a la izquierda.<\/p>\n<p>Se desempe\u00f1\u00f3 como ministro de agricultura en la coalici\u00f3n de centro izquierda de su predecesor, el presidente Tabar\u00e9 V\u00e1zquez, quien lo suceder\u00eda de 2015 a 2020.<\/p>\n<p>La base de apoyo de Mujica estaba a la izquierda, pero mantuvo un di\u00e1logo fluido con oponentes dentro del centro de derecha, invit\u00e1ndolos a las barbacoas tradicionales en su casa.<\/p>\n<p>\u00abNo podemos fingir estar de acuerdo en todo. Tenemos que estar de acuerdo con lo que hay, no con lo que nos gusta\u00bb, dijo.<\/p>\n<p>\u00c9l cre\u00eda que las drogas deber\u00edan ser despenaladas \u00abbajo el control estatal estricto\u00bb y la adicci\u00f3n abordada.<\/p>\n<p>\u00abNo defiendo el consumo de drogas. Pero no puedo defender (una prohibici\u00f3n) porque ahora tenemos dos problemas: la adicci\u00f3n a las drogas, que es una enfermedad y narcotrafficking, lo cual es peor\u00bb, dijo. <\/p>\n<p><strong><u>Haga clic aqu\u00ed para obtener la aplicaci\u00f3n Fox News<\/u><\/strong><\/p>\n<p>Al jubilarse, permaneci\u00f3 resueltamente optimista.<\/p>\n<p>\u00abQuiero transmitir a todos los j\u00f3venes de que la vida es hermosa, pero se agota y te caes\u00bb, dijo despu\u00e9s de un diagn\u00f3stico de c\u00e1ncer.<\/p>\n<p>\u00abEl punto es comenzar de nuevo cada vez que caes, y si hay enojo, transformarlo en esperanza\u00bb.<\/p>\n<p> <!----> <!----><\/div>\n\n","protected":false},"excerpt":{"rendered":"<p>Jos\u00e9 Mujica, un guerrillero de una sola vez y m\u00e1s tarde presidente de Uruguay que condujo un VW Beetle y promulg\u00f3 reformas progresivas que llevaron su reputaci\u00f3n mucho m\u00e1s all\u00e1 de Sudam\u00e9rica, ha muerto a los 89 a\u00f1os. La Mujica de tala recta, conocida por muchos uruguayos por su apodo de \u00abPepe\u00bb, dirigi\u00f3 al gobierno &hellip;<\/p>\n","protected":false},"author":1,"featured_media":27283,"comment_status":"open","ping_status":"open","sticky":false,"template":"","format":"standard","meta":{"fifu_image_url":"https:\/\/static.foxnews.com\/foxnews.com\/content\/uploads\/2025\/05\/movimiento-de-participacion-popular.jpg","fifu_image_alt":"","footnotes":""},"categories":[13],"tags":[],"class_list":["post-27281","post","type-post","status-publish","format-standard","has-post-thumbnail","","category-mundo"],"_links":{"self":[{"href":"https:\/\/noticiasveraces.com\/index.php?rest_route=\/wp\/v2\/posts\/27281","targetHints":{"allow":["GET"]}}],"collection":[{"href":"https:\/\/noticiasveraces.com\/index.php?rest_route=\/wp\/v2\/posts"}],"about":[{"href":"https:\/\/noticiasveraces.com\/index.php?rest_route=\/wp\/v2\/types\/post"}],"author":[{"embeddable":true,"href":"https:\/\/noticiasveraces.com\/index.php?rest_route=\/wp\/v2\/users\/1"}],"replies":[{"embeddable":true,"href":"https:\/\/noticiasveraces.com\/index.php?rest_route=%2Fwp%2Fv2%2Fcomments&post=27281"}],"version-history":[{"count":0,"href":"https:\/\/noticiasveraces.com\/index.php?rest_route=\/wp\/v2\/posts\/27281\/revisions"}],"wp:featuredmedia":[{"embeddable":true,"href":"https:\/\/noticiasveraces.com\/index.php?rest_route=\/wp\/v2\/media\/27283"}],"wp:attachment":[{"href":"https:\/\/noticiasveraces.com\/index.php?rest_route=%2Fwp%2Fv2%2Fmedia&parent=27281"}],"wp:term":[{"taxonomy":"category","embeddable":true,"href":"https:\/\/noticiasveraces.com\/index.php?rest_route=%2Fwp%2Fv2%2Fcategories&post=27281"},{"taxonomy":"post_tag","embeddable":true,"href":"https:\/\/noticiasveraces.com\/index.php?rest_route=%2Fwp%2Fv2%2Ftags&post=27281"}],"curies":[{"name":"wp","href":"https:\/\/api.w.org\/{rel}","templated":true}]}}