{"id":27256,"date":"2025-05-14T15:02:27","date_gmt":"2025-05-14T19:02:27","guid":{"rendered":"https:\/\/noticiasveraces.com\/?p=27256"},"modified":"2025-05-14T15:02:27","modified_gmt":"2025-05-14T19:02:27","slug":"el-agente-ha-pasado-la-noche-en-el-calabozo-y-tras-un-juicio-rapido-por-maltrato-y-quebrantamiento-del-alejamiento-ha-quedado-en-libertad-provisional-detenido-el-subinspector-de-la-policia-local-de-g","status":"publish","type":"post","link":"https:\/\/noticiasveraces.com\/?p=27256","title":{"rendered":"El agente ha pasado la noche en el calabozo y tras un juicio r\u00e1pido por maltrato y quebrantamiento del alejamiento ha quedado en libertad provisional: Detenido el subinspector de la polic\u00eda local de Granada acusado de violencia de g\u00e9nero | Sociedad"},"content":{"rendered":"<p> \n<br \/><img decoding=\"async\" src=\"https:\/\/imagenes.elpais.com\/resizer\/v2\/4ASCWNMK7BEAFJ6T4Q6PJJDXLE.jpg?auth=9f48474e8bc6a214e569f83ebcbb61d083a76bb7ab8aff5f6dde35f7356d66a8\" \/><\/p>\n<div data-dtm-region=\"articulo_cuerpo\">\n<p class=\"\">El subinspector de la Polic\u00eda Local de Granada acusado de violencia de g\u00e9nero y violencia vicaria por su expareja e hijas fue detenido la noche de este pasado martes por maltrato y presunto quebrantamiento de la medida cautelar de alejamiento que le obliga a mantener una distancia m\u00ednima de 500 metros respecto a su v\u00edctima. Seg\u00fan la v\u00edctima, Maribel, en los \u00faltimos d\u00edas el presunto agresor hab\u00eda entrado en una espiral de acoso m\u00faltiple: la llamaba al tel\u00e9fono m\u00f3vil, algo que tiene prohibido, incumpl\u00eda con frecuencia la zona de exclusi\u00f3n y desconectaba el dispositivo que le hab\u00eda impuesto un juzgado para saber si se acercaba o no a su expareja m\u00e1s de lo permitido. <\/p>\n<p class=\"\">Ante eso, ella present\u00f3 una nueva denuncia y este martes fue detenido por la Guardia Civil en el pueblo cercano a la capital donde reside. Tras pasar la noche en el calabozo del cuartel de La Zubia, este mi\u00e9rcoles se ha celebrado un juicio r\u00e1pido en el que han testificado la v\u00edctima y el detenido. La titular del juzgado de violencia contra la mujer n\u00famero 1 de Granada ha dictado su libertad provisional.<\/p>\n<p class=\"\">No obstante, el acusado, nombrado hace un par de semanas jefe de estudios de la Escuela de la Polic\u00eda Local de Granada por el equipo de gobierno popular de la ciudad, no podr\u00e1 acercarse a la localidad de Armilla, donde viven la v\u00edctima y sus hijas \u2013una mayor de edad y otra a\u00fan menor\u2013. <\/p>\n<p class=\"\">Seg\u00fan el auto del juzgado, tras la vista r\u00e1pida se ha acreditado \u201cindiciariamente\u201d que el investigado llam\u00f3 hasta en cuatro ocasiones \u201cdesde el tel\u00e9fono fijo de sus padres y en fechas para ellas se\u00f1aladas\u201d, sin recibir respuesta.<\/p>\n<p class=\"\">La jueza escribe en su auto que hay indicios de que el brazalete que marca la posici\u00f3n del detenido estuviese apagado m\u00e1s de 15 horas entre el 11 y el 12 de mayo, este fin de semana pasado. Entre enero y mayo \u201centr\u00f3 en zonas de exclusi\u00f3n fija, generando las correspondientes incidencias\u201d. <\/p>\n<p class=\"\">No obstante, se\u00f1ala la juez, a pesar de esos indicios acreditados, y con el apoyo de la Fiscal\u00eda, ha decretado su libertad provisional mientras se tramita esta causa concreta, hasta que haya resoluci\u00f3n definitiva por un juzgado penal con \u201clas prohibiciones que actualmente tiene vigentes\u201d y la nueva medida de no poder acudir o residir en la localidad donde vive Maribel. <\/p>\n<p class=\"\">El presunto agresor ha negado que la desconexi\u00f3n de su brazalete fuera algo voluntario, por lo que la jueza ha encargado al grupo Cometa, responsable de la instalaci\u00f3n y seguimiento de las pulseras, la realizaci\u00f3n de un informe t\u00e9cnico que aclare los motivos y causas de las desconexiones.<\/p>\n<p class=\"\">\u201cHoy ha ido mejor que otras veces. Que ya no pueda entrar a mi municipio me ha dado mucha alegr\u00eda. Como all\u00ed hay un centro comercial grande y un hospital, dec\u00eda que iba a esos sitios, a comprar o por enfermedad y no pasaba nada. Me siento m\u00e1s tranquila por m\u00ed y por mi hija. Es un paso adelante pero todav\u00eda no llegamos al final\u201d, ha contado Maribel. <\/p>\n<p class=\"\">Ella denunci\u00f3 al acusado por primera vez en julio de 2023, tras haberse separado en septiembre del a\u00f1o anterior. En esos meses, \u00e9l no dej\u00f3, siempre seg\u00fan la v\u00edctima, de acosarla, insultarla y hacerle la vida imposible, incluso con visitas a la casa de ella y sus hijas cuando no hab\u00eda nadie. Cuenta que, adem\u00e1s, acced\u00eda a su ordenador y tel\u00e9fono. <\/p>\n<p class=\"\">El juzgado dict\u00f3, entre otras cosas, una orden de alejamiento que se inici\u00f3 en 200 metros y meses despu\u00e9s se ampli\u00f3 a 500, adem\u00e1s del dispositivo GPS. Todas estas medidas siguen vigentes. Desde aquella primera denuncia, el polic\u00eda ha sido detenido una decena de veces antes de la de este martes y se enfrenta a varios procedimientos judiciales distintos por hechos relacionados con esa violencia hacia su expareja y sus hijas. El m\u00e1s relevante, y por el que la Fiscal\u00eda solicita siete a\u00f1os de prisi\u00f3n, es por un delito de maltrato. <\/p>\n<p class=\"\">Este caso se inicia el lunes pr\u00f3ximo con una vista previa en la que, previsiblemente, no se llegar\u00e1 a ning\u00fan acuerdo y fijar\u00e1 la fecha del juicio oral. Tambi\u00e9n hay varios juicios pendientes, similares al de este mi\u00e9rcoles, por quebrantamiento de medidas cautelares, adem\u00e1s de otros por impago de la manutenci\u00f3n, seguimientos ilegales o entrada il\u00edcita en su vivienda.<\/p>\n<p class=\"\">Finalmente, se encuentra tambi\u00e9n inmerso en el procedimiento que sigue la jueza contra seis compa\u00f1eros de la Polic\u00eda Local que consultaron hasta 48 veces en un a\u00f1o los datos de la denunciante en el sistema VioG\u00e9n, la herramienta con la que el Ministerio de Interior realiza el seguimiento y protecci\u00f3n de mujeres v\u00edctimas de violencia de g\u00e9nero, y que es accesible solo para agentes designados espec\u00edficamente.<\/p>\n<p class=\"\">En lo que va de a\u00f1o, 11 mujeres han sido asesinadas por sus parejas o exparejas. Desde que arranc\u00f3 la estad\u00edstica oficial, en 2003, son 1.305 mujeres.<\/p>\n<p class=\"\"><i>El tel\u00e9fono 016 atiende a las v\u00edctimas de violencia machista, a sus familias y a su entorno las 24 horas del d\u00eda, todos los d\u00edas del a\u00f1o, en 53 idiomas diferentes. El n\u00famero no queda registrado en la factura telef\u00f3nica, pero hay que borrar la llamada del dispositivo. Tambi\u00e9n se puede contactar a trav\u00e9s del correo electr\u00f3nico <\/i><i>016-online@igualdad.gob.es<\/i><i>  y por WhatsApp en el n\u00famero 600 000 016. Los menores pueden dirigirse al tel\u00e9fono de la Fundaci\u00f3n ANAR 900 20 20 10. Si es una situaci\u00f3n de emergencia, se puede llamar al 112 o a los tel\u00e9fonos de la Polic\u00eda Nacional (091) y de la Guardia Civil (062). Y en caso de no poder llamar, se puede recurrir a la aplicaci\u00f3n ALERTCOPS, desde la que se env\u00eda una se\u00f1al de alerta a la Polic\u00eda con geolocalizaci\u00f3n.<\/i><\/p>\n<\/div>\n\n","protected":false},"excerpt":{"rendered":"<p>El subinspector de la Polic\u00eda Local de Granada acusado de violencia de g\u00e9nero y violencia vicaria por su expareja e hijas fue detenido la noche de este pasado martes por maltrato y presunto quebrantamiento de la medida cautelar de alejamiento que le obliga a mantener una distancia m\u00ednima de 500 metros respecto a su v\u00edctima. &hellip;<\/p>\n","protected":false},"author":1,"featured_media":27258,"comment_status":"open","ping_status":"open","sticky":false,"template":"","format":"standard","meta":{"fifu_image_url":"https:\/\/imagenes.elpais.com\/resizer\/v2\/4ASCWNMK7BEAFJ6T4Q6PJJDXLE.jpg?auth=9f48474e8bc6a214e569f83ebcbb61d083a76bb7ab8aff5f6dde35f7356d66a8&width=1200","fifu_image_alt":"","footnotes":""},"categories":[11],"tags":[],"class_list":["post-27256","post","type-post","status-publish","format-standard","has-post-thumbnail","","category-viaje"],"_links":{"self":[{"href":"https:\/\/noticiasveraces.com\/index.php?rest_route=\/wp\/v2\/posts\/27256","targetHints":{"allow":["GET"]}}],"collection":[{"href":"https:\/\/noticiasveraces.com\/index.php?rest_route=\/wp\/v2\/posts"}],"about":[{"href":"https:\/\/noticiasveraces.com\/index.php?rest_route=\/wp\/v2\/types\/post"}],"author":[{"embeddable":true,"href":"https:\/\/noticiasveraces.com\/index.php?rest_route=\/wp\/v2\/users\/1"}],"replies":[{"embeddable":true,"href":"https:\/\/noticiasveraces.com\/index.php?rest_route=%2Fwp%2Fv2%2Fcomments&post=27256"}],"version-history":[{"count":0,"href":"https:\/\/noticiasveraces.com\/index.php?rest_route=\/wp\/v2\/posts\/27256\/revisions"}],"wp:featuredmedia":[{"embeddable":true,"href":"https:\/\/noticiasveraces.com\/index.php?rest_route=\/wp\/v2\/media\/27258"}],"wp:attachment":[{"href":"https:\/\/noticiasveraces.com\/index.php?rest_route=%2Fwp%2Fv2%2Fmedia&parent=27256"}],"wp:term":[{"taxonomy":"category","embeddable":true,"href":"https:\/\/noticiasveraces.com\/index.php?rest_route=%2Fwp%2Fv2%2Fcategories&post=27256"},{"taxonomy":"post_tag","embeddable":true,"href":"https:\/\/noticiasveraces.com\/index.php?rest_route=%2Fwp%2Fv2%2Ftags&post=27256"}],"curies":[{"name":"wp","href":"https:\/\/api.w.org\/{rel}","templated":true}]}}