{"id":27250,"date":"2025-05-14T13:16:17","date_gmt":"2025-05-14T17:16:17","guid":{"rendered":"https:\/\/noticiasveraces.com\/?p=27250"},"modified":"2025-05-14T13:16:17","modified_gmt":"2025-05-14T17:16:17","slug":"frank-walter-steinmeier-visita-el-kibutz-beeri-en-israel-dw-14-05-2025","status":"publish","type":"post","link":"https:\/\/noticiasveraces.com\/?p=27250","title":{"rendered":"Frank-Walter Steinmeier visita el kibutz Beeri en Israel \u2013 DW \u2013 14\/05\/2025"},"content":{"rendered":"<p> \n<\/p>\n<div>\n<p>El presidente federal alem\u00e1n, Frank-Walter Steinmeier, prometi\u00f3 m\u00e1s ayuda a Israel para liberar a los rehenes que a\u00fan se encuentran retenidos en la Franja de Gaza, desde el kibutz de Beeri, una de las comunidades israel\u00edes devastadas durante el ataque terrorista del 7 de octubre de 2023 perpetrado por Ham\u00e1s. Steinmeier visit\u00f3 el kibutz (comunidad agraria) junto al presidente israel\u00ed, Isaac Herzog, este mi\u00e9rcoles (14.05.2025) como parte de su viaje a Israel con motivo de los 60 a\u00f1os de relaciones diplom\u00e1ticas entre ambos pa\u00edses.<\/p>\n<p>\u00abSu destino es una herida abierta\u00bb, declar\u00f3 Steinmeier sobre los 58 rehenes que a\u00fan se encuentran retenidos por el grupo extremista palestino Ham\u00e1s en Gaza. \u00abAlemania no los olvidar\u00e1, yo no los olvidar\u00e9. Nuestra voz no se callar\u00e1 mientras no regresen\u00bb, dijo sobre los rehenes. Tambi\u00e9n se refiri\u00f3 a los asesinados en ese lugar. \u00abEl kibutz a\u00fan no est\u00e1 habilitado, las heridas son profundas\u00bb, dijo Steinmeier en la visita, recordando que ya visit\u00f3\u00a0esta comunidad poco despu\u00e9s del ataque de Ham\u00e1s, en el que los milicianos del grupo terrorista mataron a 101 civiles, una d\u00e9cima parte de su poblaci\u00f3n.<\/p>\n<h2>\u00abSigue habiendo rehenes en manos de Ham\u00e1s, entre ellos alemanes\u00bb<\/h2>\n<p>\u00abLas familias est\u00e1n de luto y seguimos esperando el regreso de los rehenes (all\u00ed fueron secuestradas 32 personas ese d\u00eda), la vida y la seguridad. 585 d\u00edas despu\u00e9s de la masacre sigue habiendo rehenes en manos de Ham\u00e1s, entre ellos compa\u00f1eros alemanes\u00bb, dijo Steinmeier, seg\u00fan un comunicado de la Presidencia israel\u00ed. Alemania est\u00e1 aportando, como ya anunci\u00f3 en noviembre de 2023, un apoyo financiero de siete\u00a0millones de euros para la reconstrucci\u00f3n del kibutz, cofundado por jud\u00edos alemanes.<\/p>\n<p>El presidente alem\u00e1n tambi\u00e9n destac\u00f3 el sufrimiento de la poblaci\u00f3n civil en la Franja de Gaza, devastada por la guerra, a la que Israel ha cortado la ayuda humanitaria durante m\u00e1s de dos meses. Por su parte, el presidente Herzog, que estuvo el lunes en Berl\u00edn para conmemorar tambi\u00e9n el aniversario de las relaciones diplom\u00e1ticas con Alemania, esper\u00f3 que despu\u00e9s del \u00abhorrible per\u00edodo\u00bb que atraviesa Israel, ver\u00e1 \u00abla paz en esta regi\u00f3n con nuestros vecinos\u00bb.<\/p>\n<p>LGC (DPA, Efe)<\/p>\n<\/div>\n\n","protected":false},"excerpt":{"rendered":"<p>El presidente federal alem\u00e1n, Frank-Walter Steinmeier, prometi\u00f3 m\u00e1s ayuda a Israel para liberar a los rehenes que a\u00fan se encuentran retenidos en la Franja de Gaza, desde el kibutz de Beeri, una de las comunidades israel\u00edes devastadas durante el ataque terrorista del 7 de octubre de 2023 perpetrado por Ham\u00e1s. Steinmeier visit\u00f3 el kibutz (comunidad &hellip;<\/p>\n","protected":false},"author":1,"featured_media":27251,"comment_status":"open","ping_status":"open","sticky":false,"template":"","format":"standard","meta":{"fifu_image_url":"https:\/\/static.dw.com\/image\/72544845_6.jpg","fifu_image_alt":"","footnotes":""},"categories":[13],"tags":[],"class_list":["post-27250","post","type-post","status-publish","format-standard","has-post-thumbnail","","category-mundo"],"_links":{"self":[{"href":"https:\/\/noticiasveraces.com\/index.php?rest_route=\/wp\/v2\/posts\/27250","targetHints":{"allow":["GET"]}}],"collection":[{"href":"https:\/\/noticiasveraces.com\/index.php?rest_route=\/wp\/v2\/posts"}],"about":[{"href":"https:\/\/noticiasveraces.com\/index.php?rest_route=\/wp\/v2\/types\/post"}],"author":[{"embeddable":true,"href":"https:\/\/noticiasveraces.com\/index.php?rest_route=\/wp\/v2\/users\/1"}],"replies":[{"embeddable":true,"href":"https:\/\/noticiasveraces.com\/index.php?rest_route=%2Fwp%2Fv2%2Fcomments&post=27250"}],"version-history":[{"count":0,"href":"https:\/\/noticiasveraces.com\/index.php?rest_route=\/wp\/v2\/posts\/27250\/revisions"}],"wp:featuredmedia":[{"embeddable":true,"href":"https:\/\/noticiasveraces.com\/index.php?rest_route=\/wp\/v2\/media\/27251"}],"wp:attachment":[{"href":"https:\/\/noticiasveraces.com\/index.php?rest_route=%2Fwp%2Fv2%2Fmedia&parent=27250"}],"wp:term":[{"taxonomy":"category","embeddable":true,"href":"https:\/\/noticiasveraces.com\/index.php?rest_route=%2Fwp%2Fv2%2Fcategories&post=27250"},{"taxonomy":"post_tag","embeddable":true,"href":"https:\/\/noticiasveraces.com\/index.php?rest_route=%2Fwp%2Fv2%2Ftags&post=27250"}],"curies":[{"name":"wp","href":"https:\/\/api.w.org\/{rel}","templated":true}]}}