{"id":27248,"date":"2025-05-14T12:14:36","date_gmt":"2025-05-14T16:14:36","guid":{"rendered":"https:\/\/noticiasveraces.com\/?p=27248"},"modified":"2025-05-14T12:14:36","modified_gmt":"2025-05-14T16:14:36","slug":"es-karsten-wildberger-el-elon-musk-aleman-dw-14-05-2025","status":"publish","type":"post","link":"https:\/\/noticiasveraces.com\/?p=27248","title":{"rendered":"\u00bfEs Karsten Wildberger El Elon Musk Alem\u00e1n? &#8211; DW &#8211; 14\/05\/2025"},"content":{"rendered":"<p> \n<\/p>\n<div>\n<p>El propio Karsten Wildberger, de 55 a\u00f1os, se sorprendi\u00f3 un poco cuando lo nombraron miembro del actual\u00a0gabinete del canciller Friedrich Merz, en concreto, del nuevo Ministerio de Digitalizaci\u00f3n y Modernizaci\u00f3n del Estado.<\/p>\n<p>El nuevo ministro se afili\u00f3 a la Uni\u00f3n Dem\u00f3crata Cristiana (CDU) la semana pasada. Cinco ministerios, adem\u00e1s de la canciller\u00eda, han cedido algunas de sus competencias para agruparlas en su nuevo ministerio\u00a0que, ubicado en el Ministerio de Transportes,\u00a0administrar\u00e1 la infraestructura inform\u00e1tica del Estado. Antes, Wildberger dirig\u00eda Ceconomy, una empresa minorista internacional, que opera tiendas de productos electr\u00f3nicos de consumo en toda Europa.<\/p>\n<h2>\u00bfEl DOGE de Alemania?<\/h2>\n<p>El enfoque de Wildberger en eficiencia, digitalizaci\u00f3n y la percepci\u00f3n del ministro como un intruso del mundo empresarial, han dado lugar a comparaciones con Elon Musk y su Departamento de Eficiencia Gubernamental (DOGE) en Estados Unidos.<\/p>\n<p>Niklas Potrafke, director del Centro de Finanzas P\u00fablicas y Econom\u00eda Pol\u00edtica del instituto econ\u00f3mico Ifo de M\u00fanich, argument\u00f3 que ambos tienen en com\u00fan la \u00abdisrupci\u00f3n\u00bb.<\/p>\n<p>\u00abMe refiero a hacer ciertas cosas de una manera diferente, a pensar de una manera completamente nueva\u00bb, declar\u00f3 a DW. \u00abY a cambiar o desmantelar realmente cosas que sabemos que son cr\u00edticas, como los procedimientos administrativos. Estos son los aspectos positivos que podr\u00edamos aportar del impacto de Elon Musk\u00bb, a\u00f1adi\u00f3.<\/p>\n<p>Pero es poco probable que Wildberger despida a empleados del Gobierno y aparezca con una motosierra en un mitin pol\u00edtico. \u00abMi objetivo es crear las condiciones \u00f3ptimas para que Alemania crezca como un pa\u00eds digital competitivo e innovador\u00bb, declar\u00f3 el nuevo ministro. \u00abEsto requiere un Estado moderno, eficiente y orientado al ciudadano, y una administraci\u00f3n que piense y act\u00fae digitalmente\u00bb, explic\u00f3.<\/p>\n<p>Como inform\u00f3 la revista <em>El espejo<\/em>Wildberger tambi\u00e9n afirm\u00f3 que trabajar\u00eda con \u00abrespeto, curiosidad, determinaci\u00f3n y trabajo en equipo\u00bb, adem\u00e1s de un poco de \u00abamistosa tenacidad\u00bb.<\/p>\n<p>Y hay otra diferecnia fundamental:\u00a0Musk no forma parte oficial\u00a0del Gobierno, mientras que Wildberger s\u00ed.<\/p>\n<p>Sin duda, Wildberger comparte el gusto de Musk por reducir radicalmente las regulaciones empresariales. Por ejemplo, hay dos leyes que, en su opini\u00f3n, est\u00e1n listas para ser abolidas: la ley de la cadena de suministro, dise\u00f1ada para proteger los derechos humanos y evitar la esclavitud moderna en las cadenas de suministro multinacionales, y\u00a0la ley de calefacci\u00f3n, cuyo objetivo es que los sistemas de calefacci\u00f3n en los edificios nuevos sean m\u00e1s respetuosos con el medio ambiente.<\/p>\n<p><span data-slot-id=\"Article_InContent-1\" class=\"rich-text-ad\"\/><\/p>\n<h2>Regulaci\u00f3n versus &#8216;disrupci\u00f3n&#8217;<\/h2>\n<p>Potrafke admiti\u00f3 que ubicar\u00a0a ejecutivos empresariales en el Gobierno conlleva riesgos: \u00abUn mal resultado, por supuesto, ser\u00eda que exempresarios implementaran pol\u00edticas, como las de regulaci\u00f3n, que beneficiaran a sus propios sectores\u00bb, porque \u00abpueden enriquecerse, por as\u00ed decirlo, porque saben que alg\u00fan d\u00eda dejar\u00e1n la pol\u00edtica y se lucrar\u00e1n con sus propias empresas\u00bb.<\/p>\n<p>Pero a diferencia de Musk, Wildberger estar\u00e1 sujeto a las bastante m\u00e1s estrictas regulaciones de privacidad de datos de la Uni\u00f3n Europea, as\u00ed como a sus nuevas regulaciones sobre inteligencia artificial. Adem\u00e1s, el sistema federal alem\u00e1n tiene un amplio poder sobre sus propios servicios p\u00fablicos digitales.<\/p>\n<p>Lena-Sophie M\u00fcller, directora de la Iniciativa D21, una red de la sociedad digital que trabaja tanto con el sector privado como con el Gobierno, dijo que \u00abno se trata s\u00f3lo de si tiene el poder para gobernar, sino de si puede ser un buen l\u00edder y crear un equipo alem\u00e1n\u00bb.<\/p>\n<figure class=\"placeholder-image master_landscape big\"><img data-format=\"MASTER_LANDSCAPE\" data-id=\"72173242\" data-url=\"https:\/\/static.dw.com\/image\/72173242_${formatId}.jpg\" data-aspect-ratio=\"16\/9\" alt=\"Elon Musk con una motosierra.\" style=\"padding-bottom: 56.25%; height: 0; max-height: 0;\"\/><figcaption class=\"img-caption\">A diferencia de Elon Musk, es poco probable que Karsten Wildberger acuda a un mitin pol\u00edtico con una motosierra.<small class=\"copyright\">Imagen: Jose Luis Magana\/AP Photo\/picture alliance<\/small><\/figcaption><\/figure>\n<h2>\u00bfPor qu\u00e9 Wildberger?<\/h2>\n<p>El nombramiento de Wildberger sorprendi\u00f3 a muchos, porque \u00aben verdad, nadie lo conoce\u00bb, afirm\u00f3\u00a0M\u00fcller.<\/p>\n<p>El ministerio de Wildberger tiene un poder novedoso: puede vetar el gasto de otros departamentos federales cuando decidan realizar \u00abgastos significativos en inform\u00e1tica\u00bb, pero, de hecho, cada ministerio tiene derecho a decidir sobre sus propios asuntos.<\/p>\n<p>M\u00fcller, cuya organizaci\u00f3n, Iniciativa D21, realiza encuestas anuales sobre la actitud de la gente hacia la digitalizaci\u00f3n, sugiere que \u00abpara que tenga \u00e9xito, espero que aumente la tasa de adopci\u00f3n de servicios digitales\u00bb.<\/p>\n<p>Esto podr\u00eda reflejarse no solo en la percepci\u00f3n positiva que la gente tenga\u00a0de los servicios p\u00fablicos digitales:\u00a0que no s\u00f3lo \u00abfaciliten\u00a0la vida\u00bb\u00a0a\u00a0la gente, sino que tambi\u00e9n impulsen el desarrollo de las competencias digitales de los ciudadanos alemanes.<\/p>\n<p>Esto ser\u00eda, sin duda, un avance significativo en un pa\u00eds\u00a0donde hablar de servicios digitales a menudo se reduce a hacer chistes tontos sobre el uso del fax.<\/p>\n<p>(RMR\/RML)<\/p>\n<\/p>\n<\/div>\n\n","protected":false},"excerpt":{"rendered":"<p>El propio Karsten Wildberger, de 55 a\u00f1os, se sorprendi\u00f3 un poco cuando lo nombraron miembro del actual\u00a0gabinete del canciller Friedrich Merz, en concreto, del nuevo Ministerio de Digitalizaci\u00f3n y Modernizaci\u00f3n del Estado. El nuevo ministro se afili\u00f3 a la Uni\u00f3n Dem\u00f3crata Cristiana (CDU) la semana pasada. Cinco ministerios, adem\u00e1s de la canciller\u00eda, han cedido algunas &hellip;<\/p>\n","protected":false},"author":1,"featured_media":27249,"comment_status":"open","ping_status":"open","sticky":false,"template":"","format":"standard","meta":{"fifu_image_url":"https:\/\/static.dw.com\/image\/72372416_6.jpg","fifu_image_alt":"","footnotes":""},"categories":[13],"tags":[],"class_list":["post-27248","post","type-post","status-publish","format-standard","has-post-thumbnail","","category-mundo"],"_links":{"self":[{"href":"https:\/\/noticiasveraces.com\/index.php?rest_route=\/wp\/v2\/posts\/27248","targetHints":{"allow":["GET"]}}],"collection":[{"href":"https:\/\/noticiasveraces.com\/index.php?rest_route=\/wp\/v2\/posts"}],"about":[{"href":"https:\/\/noticiasveraces.com\/index.php?rest_route=\/wp\/v2\/types\/post"}],"author":[{"embeddable":true,"href":"https:\/\/noticiasveraces.com\/index.php?rest_route=\/wp\/v2\/users\/1"}],"replies":[{"embeddable":true,"href":"https:\/\/noticiasveraces.com\/index.php?rest_route=%2Fwp%2Fv2%2Fcomments&post=27248"}],"version-history":[{"count":0,"href":"https:\/\/noticiasveraces.com\/index.php?rest_route=\/wp\/v2\/posts\/27248\/revisions"}],"wp:featuredmedia":[{"embeddable":true,"href":"https:\/\/noticiasveraces.com\/index.php?rest_route=\/wp\/v2\/media\/27249"}],"wp:attachment":[{"href":"https:\/\/noticiasveraces.com\/index.php?rest_route=%2Fwp%2Fv2%2Fmedia&parent=27248"}],"wp:term":[{"taxonomy":"category","embeddable":true,"href":"https:\/\/noticiasveraces.com\/index.php?rest_route=%2Fwp%2Fv2%2Fcategories&post=27248"},{"taxonomy":"post_tag","embeddable":true,"href":"https:\/\/noticiasveraces.com\/index.php?rest_route=%2Fwp%2Fv2%2Ftags&post=27248"}],"curies":[{"name":"wp","href":"https:\/\/api.w.org\/{rel}","templated":true}]}}