{"id":27241,"date":"2025-05-14T11:12:54","date_gmt":"2025-05-14T15:12:54","guid":{"rendered":"https:\/\/noticiasveraces.com\/?p=27241"},"modified":"2025-05-14T11:12:54","modified_gmt":"2025-05-14T15:12:54","slug":"que-es-el-movimiento-reichsburger-de-alemania-dw-14-05-2025","status":"publish","type":"post","link":"https:\/\/noticiasveraces.com\/?p=27241","title":{"rendered":"\u00bfQu\u00e9 es el movimiento \u00abReichsb\u00fcrger\u00bb de Alemania? \u2013 DW \u2013 14\/05\/2025"},"content":{"rendered":"<p> \n<\/p>\n<div>\n<p>\u00abReichsb\u00fcrger\u00bb\u00a0(Ciudadanos del Reich) es el nombre de un movimiento\u00a0variopinto de te\u00f3ricos de la conspiraci\u00f3n que niegan la legitimidad de la Rep\u00fablica Federal de Alemania, fundada despu\u00e9s de la Segunda Guerra Mundial. Este martes (13.05.2025), el ministro alem\u00e1n del Interior, Alexander Dobrindt, prohibi\u00f3 a la organizaci\u00f3n de extrema derecha \u00abReino de Alemania\u00bb (\u00abK\u00f6nigsreich Deutschland\u00bb), el grupo m\u00e1s numeroso de los llamados \u00abCiudadanos del Reich\u00bb.<\/p>\n<p>Aunque hay superposiciones con la escena de extrema derecha, los \u00abReichsb\u00fcrger\u00bb\u00a0se distinguen por su adhesi\u00f3n a cuatro afirmaciones que no son ciertas: que el Reich alem\u00e1n de antes de la guerra todav\u00eda existe legalmente, que la Rep\u00fablica Federal de Alemania de la posguerra no tiene una Constituci\u00f3n v\u00e1lida, que la Rep\u00fablica Federal no es un Estado en absoluto, sino, de facto, una empresa privada, y que Alemania todav\u00eda est\u00e1 bajo ocupaci\u00f3n por los aliados.<\/p>\n<p>El movimiento, que surgi\u00f3 originalmente en la d\u00e9cada de 1980, est\u00e1 formado tanto por grupos organizados como por individuos de toda Alemania que manifiestan distintos grados de resistencia a los \u00f3rganos administrativos del Estado.<\/p>\n<p>Algunos \u00abReichsb\u00fcrger\u00bb&#8216;\u00a0se niegan a pagar multas e impuestos, ignoran las \u00f3rdenes judiciales o declaran sus propios \u00abterritorios nacionales\u00bb, a los que dan nombres como \u00abSegundo Imperio Alem\u00e1n\u00bb, \u00abEstado Libre de Prusia\u00bb o \u00abPrincipado de Germania\u00bb. Los \u00abReichsb\u00fcrger\u00bb\u00a0a veces imprimen sus propios pasaportes y licencias de conducir, o incluso se declaran monarcas.<\/p>\n<figure class=\"placeholder-image master_landscape big\"><img data-format=\"MASTER_LANDSCAPE\" data-id=\"72526198\" data-url=\"https:\/\/static.dw.com\/image\/72526198_${formatId}.jpg\" data-aspect-ratio=\"16\/9\" alt=\"El ministro alem\u00e1n del Interior, Alexander Dobrindt.\" style=\"padding-bottom: 56.25%; height: 0; max-height: 0;\"\/><figcaption class=\"img-caption\">El ministro alem\u00e1n del Interior, Alexander Dobrindt (CDU), prohibi\u00f3 el grupo \u00abReino de Alemania\u00bb, vinculado a los \u00abReichsb\u00fcrger\u00bb. (13.05.2025).<small class=\"copyright\">Imagen: Michael Kappeler\/DPA\/Picture Alliance<\/small><\/figcaption><\/figure>\n<h2>Ni chiflados ni nost\u00e1lgicos, sino violentos de extrema derecha<\/h2>\n<p>Durante muchos a\u00f1os, los Reichsb\u00fcrger fueron desestimados como exc\u00e9ntricos inofensivos, y las autoridades simplemente ignoraron sus declaraciones. Pero eso cambi\u00f3 en la \u00faltima d\u00e9cada, cuando el movimiento se hizo m\u00e1s prominente y comenz\u00f3 a mostrar una tendencia m\u00e1s pronunciada a la violencia y a la ideolog\u00eda de extrema derecha.<\/p>\n<p><span data-slot-id=\"Article_InContent-1\" class=\"rich-text-ad\"\/><\/p>\n<p>Algunos acumulaban armas de fuego y en 2016 el \u00abReichsb\u00fcrger\u00bb\u00a0Wolfgang P. mat\u00f3 a tiros a un agente de la Polic\u00eda estatal b\u00e1vara durante un intento de confiscar su arsenal. Ese mismo a\u00f1o, la agencia de inteligencia interior alemana, la Oficina para la Protecci\u00f3n de la Constituci\u00f3n (BfV), puso oficialmente bajo observaci\u00f3n al movimiento \u00abReichsb\u00fcrger\u00bb.<\/p>\n<p>La BfV, encargada de rastrear a grupos extremistas de todo tipo dentro de Alemania, estim\u00f3 en 2022 que hab\u00eda alrededor de 23.000 \u00abReichsb\u00fcrger\u00bb\u00a0(2.000 m\u00e1s que en 2021), clasific\u00f3 como extremistas de derecha a m\u00e1s del 5 % de ellos. La\u00a0BfV tambi\u00e9n ha registrado un aumento constante de los delitos cometidos por \u00abciudadanos del Reich\u00bb\u00a0desde 2019, y las autoridades alemanas han revocado varios miles de permisos de armas de fuego en los \u00faltimos a\u00f1os.<\/p>\n<p>El 7 de diciembre de 2022, la Polic\u00eda descubri\u00f3, en una serie de redadas,\u00a0un supuesto complot para derrocar al Gobierno alem\u00e1n. Se dice que el complot inclu\u00eda un plan para asaltar el Parlamento alem\u00e1n, arrestar a la entonces canciller Angela Merkel, a ministros clave y a l\u00edderes de la oposici\u00f3n, e instalar un Gobierno interino para negociar un nuevo orden estatal en Alemania con las potencias aliadas de la Segunda Guerra Mundial. Fueron arrestadas cerca de 25 personas y se confiscaron 380 armas de fuego. A finales de abril de 2024, comenzaron tres importantes juicios por terrorismo y conspiraci\u00f3n. Los juicios est\u00e1n en marcha en Fr\u00e1ncfort, M\u00fanich y Stuttgart.<\/p>\n<figure class=\"placeholder-image master_landscape big\"><img data-format=\"MASTER_LANDSCAPE\" data-id=\"72526255\" data-url=\"https:\/\/static.dw.com\/image\/72526255_${formatId}.jpg\" data-aspect-ratio=\"16\/9\" alt=\"Una manifestaci\u00f3n del movimiento &quot;Ciudadano imperial&quot; No soy Schwer.\" style=\"padding-bottom: 56.25%; height: 0; max-height: 0;\"\/><figcaption class=\"img-caption\">Una manifestaci\u00f3n del movimiento \u00abReichsb\u00fcrger\u00bb en Schwerin, capital de Mecklemburgo-Pomerania Occidental.<small class=\"copyright\">Imagen: Philip Dulian\/DPA\/Picture Alliance<\/small><\/figcaption><\/figure>\n<h2>Un peligro y una carga para el Estado<\/h2>\n<p>Seg\u00fan estudios, la mayor\u00eda de los \u00abReichsb\u00fcrger\u00bb\u00a0son hombres entre 40 y 60 a\u00f1os de edad, aunque algunos observadores creen que hay una mayor proporci\u00f3n de mujeres entre los \u00abReichsb\u00fcrger\u00bb\u00a0que en la escena extremista de extrema derecha en general.<\/p>\n<p>El movimiento tambi\u00e9n se radicaliz\u00f3 cada vez m\u00e1s durante la pandemia de COVID-19, cuando sus creencias ganaron el apoyo del movimiento \u00abQuerdenker\u00bb, que protestaba contra las restricciones pand\u00e9micas impuestas por las autoridades en Alemania.<\/p>\n<p>A pesar de rechazar el sistema oficial, los \u00abReichsb\u00fcrger\u00bb\u00a0a veces inundan los tribunales alemanes con una serie de mociones y objeciones presentadas contra \u00f3rdenes judiciales y demandas de pago emitidas por las autoridades locales. Esto provoca cargas burocr\u00e1ticas adicionales. Adem\u00e1s, varios concejales y pol\u00edticos han informado sobre ataques verbales y f\u00edsicos por parte de \u00abciudadanos del Reich\u00bb.<\/p>\n<figure class=\"placeholder-image master_landscape big\"><img data-format=\"MASTER_LANDSCAPE\" data-id=\"72525321\" data-url=\"https:\/\/static.dw.com\/image\/72525321_${formatId}.jpg\" data-aspect-ratio=\"16\/9\" alt=\"Allanamiento de una vivienda durante un operativo tras la prohibici\u00f3n del grupo &quot;Reino de Alemania&quot;.\" style=\"padding-bottom: 56.25%; height: 0; max-height: 0;\"\/><figcaption class=\"img-caption\">Allanamiento de una vivienda durante un operativo tras la prohibici\u00f3n del grupo \u00abReino de Alemania\u00bb, vinculado a los \u00abCiudadanos del Reich\u00bb.<small class=\"copyright\">Imagen: Bodo Schackow\/DPA\/Picture-Alliance<\/small><\/figcaption><\/figure>\n<h2>Por qu\u00e9 no son ciertas las teor\u00edas de los \u00abReichsb\u00fcrger\u00bb<\/h2>\n<p><strong>Teor\u00eda de la falta de un tratado de paz<\/strong><\/p>\n<p>Al final de la Segunda Guerra Mundial, Alemania se rindi\u00f3, pero no firm\u00f3 un tratado de paz, porque inicialmente no hab\u00eda ning\u00fan Gobierno alem\u00e1n que pudiera firmarlo. Esto permite a los \u00abReichsb\u00fcrger\u00bb\u00a0argumentar que la Rep\u00fablica Federal de Alemania nunca ha sido un Estado soberano, sino que, de hecho, todav\u00eda se encuentra bajo ocupaci\u00f3n.<\/p>\n<p>Aunque Alemania Occidental y Alemania Oriental eran universalmente reconocidas como Estados, este argumento t\u00e9cnicamente tuvo cierta legitimidad hasta 1990, ya que los aliados manten\u00edan legalmente cierto nivel de control sobre los asuntos alemanes.<\/p>\n<p>Pero cuando se firm\u00f3 el Tratado Dos m\u00e1s Cuatro, entre las dos Alemanias, Francia, Reino Unido, EE. UU. y la Uni\u00f3n Sovi\u00e9tica, para regularizar la reunificaci\u00f3n alemana, los aliados renunciaron a todos los derechos restantes y reconocieron la soberan\u00eda de Alemania.<\/p>\n<p><strong>Teor\u00eda sobre la Constituci\u00f3n de transici\u00f3n de Alemania<\/strong><\/p>\n<p>Cuando Alemania Occidental implement\u00f3 su Ley Fundamental (<em>Grundgesetz<\/em>) en 1949, se evit\u00f3 deliberadamente el t\u00e9rmino \u00abConstituci\u00f3n\u00bb, porque Alemania estaba dividida y las dos Alemanias no reconoc\u00edan mutuamente su legitimidad. Como la Ley Fundamental de Alemania Occidental no pod\u00eda abarcar a todo el pueblo alem\u00e1n, fue concebida como una regulaci\u00f3n provisional.<\/p>\n<p>En 1972, los dos Estados alemanes mejoraron sus relaciones y aceptaron sus fronteras sin reconocerse plenamente, lo que complic\u00f3 las cosas para la Ley Fundamental.<\/p>\n<p>El Tribunal Supremo de Alemania Occidental dict\u00f3 entonces una sentencia que los \u00abReichsb\u00fcrger\u00bb\u00a0recuerdan hasta el d\u00eda de hoy:\u00a0\u00abLa Ley Fundamental presupone que el Reich alem\u00e1n sobrevivi\u00f3 al colapso de 1945 y no se desintegr\u00f3 ni con la capitulaci\u00f3n ni por el ejercicio del poder estatal extranjero en Alemania por parte de las potencias aliadas de ocupaci\u00f3n, ni posteriormente; esto se desprende del pre\u00e1mbulo, de los art\u00edculos 16, 23, 116 y 146 de la Ley Fundamental. [&#8230;] El Reich alem\u00e1n sigue existiendo, a\u00fan posee capacidad jur\u00eddica, pero no es capaz de actuar como un Estado total por falta de organizaci\u00f3n, en particular por falta de \u00f3rganos institucionalizados\u00bb.<\/p>\n<p>Pero, tambi\u00e9n en este punto, el Tratado Dos m\u00e1s Cuatro puso fin a la naturaleza transicional de la Rep\u00fablica Federal de Alemania. De modo similar, la Ley Fundamental fue legitimada para toda Alemania mediante un cambio en la redacci\u00f3n del art\u00edculo 146 final, que qued\u00f3 redactado de la siguiente manera: \u00abEsta Ley Fundamental, que desde la consecuci\u00f3n de la unidad y la libertad de Alemania se aplica a todo el pueblo alem\u00e1n, dejar\u00e1 de aplicarse el d\u00eda en que entre en vigor una Constituci\u00f3n adoptada por el pueblo alem\u00e1n\u00bb.<\/p>\n<p>Sin embargo, los \u00abReichsb\u00fcrger\u00bb\u00a0insisten en que esto fue un enga\u00f1o, ya que nunca fue aprobado por un refer\u00e9ndum del pueblo alem\u00e1n, que la Ley Fundamental provisional s\u00f3lo se aplic\u00f3 en Alemania Occidental y, por lo tanto, es ileg\u00edtima.<\/p>\n<p><strong>Teor\u00eda sobre que Alemania es s\u00f3lo una empresa<\/strong><\/p>\n<p>Finalmente, los \u00abReichsb\u00fcrger\u00bb se aferran a la teor\u00eda de que Alemania es s\u00f3lo una sociedad de responsabilidad limitada y que sus residentes son s\u00f3lo sus empleados. A menudo se hace referencia a la \u00abBundes Republik Deutschland GmbH\u00bb (Rep\u00fablica Federal de Alemania SRL).<\/p>\n<p>Esa empresa, de hecho, s\u00ed existe, pero es propiedad del Gobierno federal alem\u00e1n, y se encarga de las transacciones del mercado de dinero y capitales del Estado. Adem\u00e1s, no se fund\u00f3 poco antes de la reunificaci\u00f3n en 1990, como a menudo se sugiere, sino a finales de 2000.<\/p>\n<p>(CP\/RML)<\/p>\n<\/div>\n\n","protected":false},"excerpt":{"rendered":"<p>\u00abReichsb\u00fcrger\u00bb\u00a0(Ciudadanos del Reich) es el nombre de un movimiento\u00a0variopinto de te\u00f3ricos de la conspiraci\u00f3n que niegan la legitimidad de la Rep\u00fablica Federal de Alemania, fundada despu\u00e9s de la Segunda Guerra Mundial. Este martes (13.05.2025), el ministro alem\u00e1n del Interior, Alexander Dobrindt, prohibi\u00f3 a la organizaci\u00f3n de extrema derecha \u00abReino de Alemania\u00bb (\u00abK\u00f6nigsreich Deutschland\u00bb), el grupo &hellip;<\/p>\n","protected":false},"author":1,"featured_media":27242,"comment_status":"open","ping_status":"open","sticky":false,"template":"","format":"standard","meta":{"fifu_image_url":"https:\/\/static.dw.com\/image\/45819744_6.jpg","fifu_image_alt":"","footnotes":""},"categories":[13],"tags":[],"class_list":["post-27241","post","type-post","status-publish","format-standard","has-post-thumbnail","","category-mundo"],"_links":{"self":[{"href":"https:\/\/noticiasveraces.com\/index.php?rest_route=\/wp\/v2\/posts\/27241","targetHints":{"allow":["GET"]}}],"collection":[{"href":"https:\/\/noticiasveraces.com\/index.php?rest_route=\/wp\/v2\/posts"}],"about":[{"href":"https:\/\/noticiasveraces.com\/index.php?rest_route=\/wp\/v2\/types\/post"}],"author":[{"embeddable":true,"href":"https:\/\/noticiasveraces.com\/index.php?rest_route=\/wp\/v2\/users\/1"}],"replies":[{"embeddable":true,"href":"https:\/\/noticiasveraces.com\/index.php?rest_route=%2Fwp%2Fv2%2Fcomments&post=27241"}],"version-history":[{"count":0,"href":"https:\/\/noticiasveraces.com\/index.php?rest_route=\/wp\/v2\/posts\/27241\/revisions"}],"wp:featuredmedia":[{"embeddable":true,"href":"https:\/\/noticiasveraces.com\/index.php?rest_route=\/wp\/v2\/media\/27242"}],"wp:attachment":[{"href":"https:\/\/noticiasveraces.com\/index.php?rest_route=%2Fwp%2Fv2%2Fmedia&parent=27241"}],"wp:term":[{"taxonomy":"category","embeddable":true,"href":"https:\/\/noticiasveraces.com\/index.php?rest_route=%2Fwp%2Fv2%2Fcategories&post=27241"},{"taxonomy":"post_tag","embeddable":true,"href":"https:\/\/noticiasveraces.com\/index.php?rest_route=%2Fwp%2Fv2%2Ftags&post=27241"}],"curies":[{"name":"wp","href":"https:\/\/api.w.org\/{rel}","templated":true}]}}