{"id":27236,"date":"2025-05-14T10:11:27","date_gmt":"2025-05-14T14:11:27","guid":{"rendered":"https:\/\/noticiasveraces.com\/?p=27236"},"modified":"2025-05-14T10:11:27","modified_gmt":"2025-05-14T14:11:27","slug":"ee-uu-acoge-a-refugiados-blancos-sudafricanos-dw-14-05-2025","status":"publish","type":"post","link":"https:\/\/noticiasveraces.com\/?p=27236","title":{"rendered":"EE. UU. acoge a \u00abrefugiados\u00bb blancos sudafricanos \u2013 DW \u2013 14\/05\/2025"},"content":{"rendered":"<p> \n<\/p>\n<div>\n<p>Un total de 59 sudafricanos blancos fueron acogidos recientemente como \u00abrefugiados\u00bb\u00a0por la administraci\u00f3n Trump. Su llegada se produce en medio de la pol\u00e9mica por la actual campa\u00f1a de detenciones de inmigrantes y deportaciones masivas de la Casa Blanca.<\/p>\n<p>\u00abBienvenidos a la tierra de la libertad\u00bb, dijo el subsecretario de Estado de EE. UU., Christoph Landau, al saludar al grupo. \u00abQuiero que todos ustedes sepan que son realmente bienvenidos aqu\u00ed\u00bb, insisti\u00f3 Landau al grupo de afrik\u00e1ners, muchos de ellos con banderas estadounidenses.<\/p>\n<p>Los sudafricanos blancos llegaron a Washington a bordo de un avi\u00f3n ch\u00e1rter privado, al parecer pagado por el Departamento de Estado. Luego partieron en otros vuelos hacia diversos destinos dentro del pa\u00eds.<\/p>\n<h2>\u00bfPor qu\u00e9 la administraci\u00f3n Trump acoge a sudafricanos blancos?<\/h2>\n<p>Los afrik\u00e1ners son una minor\u00eda \u00e9tnica blanca, descendiente en gran medida de colonos holandeses, alemanes y franceses. Los l\u00edderes afrik\u00e1ners gobernaron Sud\u00e1frica durante el brutal r\u00e9gimen de segregaci\u00f3n racial del apartheid, que a menudo se caracteriz\u00f3 por la represi\u00f3n violenta de los sudafricanos negros.<\/p>\n<p>El 12 de mayo, el presidente de Estados Unidos, Donald Trump, repiti\u00f3 afirmaciones controvertidas, populares entre la extrema derecha, diciendo que los granjeros blancos de Sud\u00e1frica \u00abest\u00e1n siendo asesinados\u00bb\u00a0e incluso se enfrentan a un \u00abgenocidio\u00bb.<\/p>\n<p>Sud\u00e1frica tiene una alta tasa de delitos violentos. Aunque los sudafricanos blancos han sido objeto de violencia y asesinatos, las estad\u00edsticas de criminalidad del pa\u00eds no muestran que los afrik\u00e1ners sean atacados de forma desproporcionada.<\/p>\n<p>\u00abLos granjeros blancos se ven afectados por la delincuencia al igual que cualquier otro sudafricano\u00bb, dijo el ministro de Exteriores de Sud\u00e1frica, Ronald Lamola.<\/p>\n<p>La administraci\u00f3n Trump tambi\u00e9n acus\u00f3 falsamente al Gobierno sudafricano de confiscar tierras pertenecientes a granjeros blancos. La afirmaci\u00f3n se refiere a una nueva ley de expropiaci\u00f3n de tierras, similar a las de otros pa\u00edses, que pretende facilitar al Estado el embargo de tierras sin compensaci\u00f3n si es de inter\u00e9s p\u00fablico.<\/p>\n<p>La decisi\u00f3n de acoger a sudafricanos blancos mientras deporta a un gran n\u00famero de personas no blancas que viven en Estados Unidos ha puesto en duda la seriedad de la medida. En febrero, Trump firm\u00f3 una orden ejecutiva que permit\u00eda a los afrik\u00e1ners solicitar el estatuto de refugiado. Esto ocurri\u00f3 s\u00f3lo un mes despu\u00e9s de que suspendiera las admisiones de refugiados del resto del mundo.<\/p>\n<figure class=\"placeholder-image master_landscape big\"><img data-format=\"MASTER_LANDSCAPE\" data-id=\"72479901\" data-url=\"https:\/\/static.dw.com\/image\/72479901_${formatId}.jpg\" data-aspect-ratio=\"16\/9\" alt=\"Donald Trump, presidente de Estados Unidos.\" style=\"padding-bottom: 56.25%; height: 0; max-height: 0;\"\/><figcaption class=\"img-caption\">El presidente de EE. UU., Donald Trump, hizo posible la entrada a sudafricanos blancos que quer\u00edan abandonar su pa\u00eds por supuestas represalias.<small class=\"copyright\">Imagen: Jim Watson\/Pool\/AFP\/Getty Images<\/small><\/figcaption><\/figure>\n<h2>\u00bfC\u00f3mo responde Sud\u00e1frica a las acusaciones de Trump?<\/h2>\n<p>El Gobierno de Sud\u00e1frica, presidido por Cyril Ramaphosa, dijo que las acusaciones de persecuci\u00f3n contra los afrik\u00e1ners son \u00abcompletamente falsas\u00bb, se\u00f1alando que se encuentran entre las personas m\u00e1s ricas y \u00abecon\u00f3micamente privilegiadas\u00bb\u00a0del pa\u00eds. <\/p>\n<p>Desde 1994, a\u00f1o en que Nelson Mandela gan\u00f3 las primeras elecciones democr\u00e1ticas de Sud\u00e1frica, la minor\u00eda blanca, anta\u00f1o gobernante, ha conservado la mayor parte de la riqueza que hab\u00eda amasado desde la \u00e9poca colonial. Seg\u00fan la revista acad\u00e9mica internacional <em>La revisi\u00f3n de la econom\u00eda pol\u00edtica<\/em>los sudafricanos blancos siguen poseyendo las tres cuartas partes de las tierras privadas del pa\u00eds y tienen una riqueza 20 veces superior a la de la mayor\u00eda negra.<\/p>\n<p>Los grupos conservadores y de extrema derecha llevan mucho tiempo promoviendo el victimismo de los blancos en Sud\u00e1frica. Elon Musk, aliado de Trump, y nacido y criado en Sud\u00e1frica, ha promovido agresivamente este tipo de opiniones.<\/p>\n<p><span data-slot-id=\"Article_InContent-1\" class=\"rich-text-ad\"\/><\/p>\n<h2>EE. UU. acoger\u00e1\u00a0a m\u00e1s sudafricanos blancos<\/h2>\n<p>Seg\u00fan las directrices de elegibilidad publicadas por la embajada estadounidense, los solicitantes de reasentamiento en EE. UU. deben ser de etnia afrik\u00e1ner o pertenecer a una minor\u00eda racial en Sud\u00e1frica. Una vez que los refugiados llegan a Estados Unidos, una red de agencias les ayuda a reasentarse en sus nuevos hogares. Tambi\u00e9n reciben 90 d\u00edas de ayuda federal para gastos como el alquiler.<\/p>\n<p>La portavoz del Departamento de Estado, Tammy Bruce, declar\u00f3 que la medida \u00abenv\u00eda un mensaje claro, en consonancia con la agenda de pol\u00edtica exterior de la administraci\u00f3n, que apunta a que Estados Unidos tomar\u00e1 medidas para proteger a las v\u00edctimas de la discriminaci\u00f3n racial\u00bb. Bruce a\u00f1adi\u00f3 que m\u00e1s afrik\u00e1ners llegar\u00edan a Estados Unidos en los pr\u00f3ximos meses.<\/p>\n<p>No obstante, el programa de refugiados sudafricanos blancos de Trump ha suscitado duras cr\u00edticas. La senadora estadounidense Jeanne Shaheen, la dem\u00f3crata de mayor rango en el Comit\u00e9 de Relaciones Exteriores del Senado, lo calific\u00f3 de desconcertante\u00a0en un comunicado:\u00a0\u00abLa decisi\u00f3n de esta administraci\u00f3n de poner a un grupo al frente de la fila tiene una clara motivaci\u00f3n pol\u00edtica y es un esfuerzo por reescribir la historia\u00bb.<\/p>\n<p>(MN\/RML)<\/p>\n<\/p>\n<\/div>\n\n","protected":false},"excerpt":{"rendered":"<p>Un total de 59 sudafricanos blancos fueron acogidos recientemente como \u00abrefugiados\u00bb\u00a0por la administraci\u00f3n Trump. Su llegada se produce en medio de la pol\u00e9mica por la actual campa\u00f1a de detenciones de inmigrantes y deportaciones masivas de la Casa Blanca. \u00abBienvenidos a la tierra de la libertad\u00bb, dijo el subsecretario de Estado de EE. UU., Christoph Landau, &hellip;<\/p>\n","protected":false},"author":1,"featured_media":27237,"comment_status":"open","ping_status":"open","sticky":false,"template":"","format":"standard","meta":{"fifu_image_url":"https:\/\/static.dw.com\/image\/72523973_6.jpg","fifu_image_alt":"","footnotes":""},"categories":[13],"tags":[],"class_list":["post-27236","post","type-post","status-publish","format-standard","has-post-thumbnail","","category-mundo"],"_links":{"self":[{"href":"https:\/\/noticiasveraces.com\/index.php?rest_route=\/wp\/v2\/posts\/27236","targetHints":{"allow":["GET"]}}],"collection":[{"href":"https:\/\/noticiasveraces.com\/index.php?rest_route=\/wp\/v2\/posts"}],"about":[{"href":"https:\/\/noticiasveraces.com\/index.php?rest_route=\/wp\/v2\/types\/post"}],"author":[{"embeddable":true,"href":"https:\/\/noticiasveraces.com\/index.php?rest_route=\/wp\/v2\/users\/1"}],"replies":[{"embeddable":true,"href":"https:\/\/noticiasveraces.com\/index.php?rest_route=%2Fwp%2Fv2%2Fcomments&post=27236"}],"version-history":[{"count":0,"href":"https:\/\/noticiasveraces.com\/index.php?rest_route=\/wp\/v2\/posts\/27236\/revisions"}],"wp:featuredmedia":[{"embeddable":true,"href":"https:\/\/noticiasveraces.com\/index.php?rest_route=\/wp\/v2\/media\/27237"}],"wp:attachment":[{"href":"https:\/\/noticiasveraces.com\/index.php?rest_route=%2Fwp%2Fv2%2Fmedia&parent=27236"}],"wp:term":[{"taxonomy":"category","embeddable":true,"href":"https:\/\/noticiasveraces.com\/index.php?rest_route=%2Fwp%2Fv2%2Fcategories&post=27236"},{"taxonomy":"post_tag","embeddable":true,"href":"https:\/\/noticiasveraces.com\/index.php?rest_route=%2Fwp%2Fv2%2Ftags&post=27236"}],"curies":[{"name":"wp","href":"https:\/\/api.w.org\/{rel}","templated":true}]}}