{"id":27234,"date":"2025-05-14T09:10:14","date_gmt":"2025-05-14T13:10:14","guid":{"rendered":"https:\/\/noticiasveraces.com\/?p=27234"},"modified":"2025-05-14T09:10:14","modified_gmt":"2025-05-14T13:10:14","slug":"merz-quiere-que-el-ejercito-sea-el-mas-fuerte-de-europa-dw-14-05-2025","status":"publish","type":"post","link":"https:\/\/noticiasveraces.com\/?p=27234","title":{"rendered":"Merz quiere que el Ej\u00e9rcito sea el \u00abm\u00e1s fuerte de Europa\u00bb \u2013 DW \u2013 14\/05\/2025"},"content":{"rendered":"<p> \n<\/p>\n<div>\n<p>Friedrich Merz habl\u00f3 el mi\u00e9rcoles 14 de mayo ante el Bundestag sobre el programa de su Gobierno.\u00a0Entre otros temas, anunci\u00f3 que quiere convertir las Fuerzas Armadas de Alemania en el Ej\u00e9rcito \u00abm\u00e1s fuerte de Europa\u00bb.<\/p>\n<p>\u00abEl Gobierno proporcionar\u00e1 todos los medios financieros que las Fuerzas Armadas necesitan para convertirse de manera convencional en las Fuerzas Armadas m\u00e1s fuertes de Europa\u00bb, dijo el nuevo canciller alem\u00e1n.<\/p>\n<h2>Gaza e Israel<\/h2>\n<p>Por otra parte, Merz reiter\u00f3 el apoyo \u00abinquebrantable\u00bb de Alemania a Israel, debido a la responsabilidad hist\u00f3rica de Alemania, al tiempo que inst\u00f3 a un r\u00e1pido alto el fuego con Ham\u00e1s, la liberaci\u00f3n de todos los rehenes y apel\u00f3 a la responsabilidad de todos para evitar una hambruna en Gaza.<\/p>\n<p>\u00abLa existencia y la seguridad de Israel son y siguen siendo raz\u00f3n de Estado para nosotros. Con el 7 de octubre, esta responsabilidad hist\u00f3rica se ha vuelto de nuevo muy concreta\u00bb, afirm\u00f3 el canciller conservador. \u00abPor ello, quiero decir a nuestros amigos israel\u00edes: estamos de forma inquebrantable al lado de Israel\u00bb, subray\u00f3.<\/p>\n<h2>Econom\u00eda<\/h2>\n<p>Otro asunto que toc\u00f3 Friedrich Merz es el de la estancada econom\u00eda alemana, que sigue siendo la m\u00e1s grande de Europa.<\/p>\n<p>\u00abHaremos todo lo posible para que la econom\u00eda alemana vuelva a la senda del crecimiento\u00bb, porque Alemania puede \u00abvolver a ser un motor de crecimiento\u00bb, destac\u00f3 Merz. El pol\u00edtico conservador, que lidera un Ejecutivo compuesto por democristianos y socialdem\u00f3cratas, prometi\u00f3 reformas e inversiones para sacar al pa\u00eds de la recesi\u00f3n.<\/p>\n<p>En cuanto a los proyectos europeos, Merz propuso impulsar una nueva iniciativa comunitaria de libre comercio, de manera que se firmen y ratifiquen sin vetos posibles la mayor cantidad de acuerdos, incluido el del Mercosur. Al mismo tiempo, el canciller alem\u00e1n abog\u00f3 por solucionar r\u00e1pidamente la guerra comercial con EE.UU. y por no olvidar la importancia de China y del Reino Unido.<\/p>\n<p>MS (DPA\/EFE)<\/p>\n<\/p>\n<\/div>\n\n","protected":false},"excerpt":{"rendered":"<p>Friedrich Merz habl\u00f3 el mi\u00e9rcoles 14 de mayo ante el Bundestag sobre el programa de su Gobierno.\u00a0Entre otros temas, anunci\u00f3 que quiere convertir las Fuerzas Armadas de Alemania en el Ej\u00e9rcito \u00abm\u00e1s fuerte de Europa\u00bb. \u00abEl Gobierno proporcionar\u00e1 todos los medios financieros que las Fuerzas Armadas necesitan para convertirse de manera convencional en las Fuerzas &hellip;<\/p>\n","protected":false},"author":1,"featured_media":27235,"comment_status":"open","ping_status":"open","sticky":false,"template":"","format":"standard","meta":{"fifu_image_url":"https:\/\/static.dw.com\/image\/72540026_6.jpg","fifu_image_alt":"","footnotes":""},"categories":[13],"tags":[],"class_list":["post-27234","post","type-post","status-publish","format-standard","has-post-thumbnail","","category-mundo"],"_links":{"self":[{"href":"https:\/\/noticiasveraces.com\/index.php?rest_route=\/wp\/v2\/posts\/27234","targetHints":{"allow":["GET"]}}],"collection":[{"href":"https:\/\/noticiasveraces.com\/index.php?rest_route=\/wp\/v2\/posts"}],"about":[{"href":"https:\/\/noticiasveraces.com\/index.php?rest_route=\/wp\/v2\/types\/post"}],"author":[{"embeddable":true,"href":"https:\/\/noticiasveraces.com\/index.php?rest_route=\/wp\/v2\/users\/1"}],"replies":[{"embeddable":true,"href":"https:\/\/noticiasveraces.com\/index.php?rest_route=%2Fwp%2Fv2%2Fcomments&post=27234"}],"version-history":[{"count":0,"href":"https:\/\/noticiasveraces.com\/index.php?rest_route=\/wp\/v2\/posts\/27234\/revisions"}],"wp:featuredmedia":[{"embeddable":true,"href":"https:\/\/noticiasveraces.com\/index.php?rest_route=\/wp\/v2\/media\/27235"}],"wp:attachment":[{"href":"https:\/\/noticiasveraces.com\/index.php?rest_route=%2Fwp%2Fv2%2Fmedia&parent=27234"}],"wp:term":[{"taxonomy":"category","embeddable":true,"href":"https:\/\/noticiasveraces.com\/index.php?rest_route=%2Fwp%2Fv2%2Fcategories&post=27234"},{"taxonomy":"post_tag","embeddable":true,"href":"https:\/\/noticiasveraces.com\/index.php?rest_route=%2Fwp%2Fv2%2Ftags&post=27234"}],"curies":[{"name":"wp","href":"https:\/\/api.w.org\/{rel}","templated":true}]}}