{"id":27208,"date":"2025-05-14T06:04:51","date_gmt":"2025-05-14T10:04:51","guid":{"rendered":"https:\/\/noticiasveraces.com\/?p=27208"},"modified":"2025-05-14T06:04:51","modified_gmt":"2025-05-14T10:04:51","slug":"trump-dice-que-quiere-el-acuerdo-de-iran-agregara-mas-paises-a-los-acuerdos-de-abraham","status":"publish","type":"post","link":"https:\/\/noticiasveraces.com\/?p=27208","title":{"rendered":"Trump dice que quiere el acuerdo de Ir\u00e1n, agregar\u00e1 m\u00e1s pa\u00edses a los acuerdos de Abraham"},"content":{"rendered":"<p> \n<\/p>\n<div>\n<p class=\"speakable\">El presidente Donald Trump, hablando en el Consejo de Cooperaci\u00f3n del Golfo en Riad el mi\u00e9rcoles, reiter\u00f3 su deseo de llegar a un acuerdo con Ir\u00e1n y pidi\u00f3 basarse en el progreso de los acuerdos de Abraham al agregar m\u00e1s pa\u00edses al acuerdo hist\u00f3rico. <\/p>\n<p class=\"speakable\">Trump hizo los comentarios mientras se dirig\u00eda a los l\u00edderes del Consejo de Cooperaci\u00f3n del Golfo como parte de su visita de cuatro d\u00edas a la regi\u00f3n. <\/p>\n<p>\u00abQuiero hacer un trato con Ir\u00e1n. Quiero hacer algo si es posible. Pero para que eso suceda, debe dejar de patrocinar el terror, detener sus sangrientas guerras de poder y dejar de perseguir de manera permanente y verificable su b\u00fasqueda de armas nucleares. No pueden tener un arma nuclear\u00bb, dijo Trump. <\/p>\n<p><strong>Trump dice que dejar\u00e1 sanciones a Siria en movimiento para normalizar las relaciones<\/strong><\/p>\n<div class=\"image-ct inline\">\n<div class=\"m\"><picture><source media=\"(max-width: 767px)\" srcset=\"https:\/\/a57.foxnews.com\/static.foxnews.com\/foxnews.com\/content\/uploads\/2025\/05\/343\/192\/trump-gulf-1.png?ve=1&amp;tl=1, https:\/\/a57.foxnews.com\/static.foxnews.com\/foxnews.com\/content\/uploads\/2025\/05\/686\/384\/trump-gulf-1.png?ve=1&amp;tl=1 2x\" height=\"192\" width=\"343\"><source media=\"(min-width: 768px) and (max-width: 1023px)\" srcset=\"https:\/\/a57.foxnews.com\/static.foxnews.com\/foxnews.com\/content\/uploads\/2025\/05\/672\/378\/trump-gulf-1.png?ve=1&amp;tl=1, https:\/\/a57.foxnews.com\/static.foxnews.com\/foxnews.com\/content\/uploads\/2025\/05\/1344\/756\/trump-gulf-1.png?ve=1&amp;tl=1 2x\" height=\"378\" width=\"672\"><source media=\"(min-width: 1024px) and (max-width: 1279px)\" srcset=\"https:\/\/a57.foxnews.com\/static.foxnews.com\/foxnews.com\/content\/uploads\/2025\/05\/931\/523\/trump-gulf-1.png?ve=1&amp;tl=1, https:\/\/a57.foxnews.com\/static.foxnews.com\/foxnews.com\/content\/uploads\/2025\/05\/1862\/1046\/trump-gulf-1.png?ve=1&amp;tl=1 2x\" height=\"523\" width=\"931\"><source media=\"(min-width: 1280px)\" srcset=\"https:\/\/a57.foxnews.com\/static.foxnews.com\/foxnews.com\/content\/uploads\/2025\/05\/720\/405\/trump-gulf-1.png?ve=1&amp;tl=1, https:\/\/a57.foxnews.com\/static.foxnews.com\/foxnews.com\/content\/uploads\/2025\/05\/1440\/810\/trump-gulf-1.png?ve=1&amp;tl=1 2x\" height=\"405\" width=\"720\"><img loading=\"lazy\" decoding=\"async\" src=\"https:\/\/a57.foxnews.com\/static.foxnews.com\/foxnews.com\/content\/uploads\/2025\/05\/1200\/675\/trump-gulf-1.png?ve=1&amp;tl=1\" alt=\"El presidente Trump se dirige a los l\u00edderes en el Consejo de Cooperaci\u00f3n del Golfo\" width=\"1200\" height=\"675\"\/><\/source><\/source><\/source><\/source><\/picture><\/div>\n<div class=\"info\">\n<div class=\"caption\">\n<p><span>El presidente Donald Trump habla durante la cumbre de l\u00edderes del Consejo de Cooperaci\u00f3n del Golfo (CCG) en el Ritz-Carlton el 14 de mayo de 2025 en Riad, Arabia Saudita.<\/span> <span>(Gana McNamee\/Getty Images)<\/span><\/p>\n<\/div>\n<\/div>\n<\/div>\n<p>Trump elogi\u00f3 a los Emiratos \u00c1rabes Unidos y Bahrein por \u00absu visi\u00f3n y coraje al firmar los hist\u00f3ricos acuerdos de Abraham\u00bb, un acuerdo negociado por los Estados Unidos en 2020. Como parte de los acuerdos, los EAU y Bahrein reconocieron la soberan\u00eda de Israel y establecieron las relaciones diplom\u00e1ticas completas. Marc\u00f3 la primera vez que Israel hab\u00eda establecido la paz con un pa\u00eds \u00e1rabe desde 1994, con el Tratado de Paz de Israel-Jordania. <\/p>\n<p>\u00abEn el futuro, continuaremos ese progreso al agregar m\u00e1s pa\u00edses a los acuerdos de Abraham\u00bb, dijo Trump. <\/p>\n<div class=\"image-ct inline\">\n<div class=\"m\"><picture><source media=\"(max-width: 767px)\" srcset=\"https:\/\/a57.foxnews.com\/static.foxnews.com\/foxnews.com\/content\/uploads\/2025\/05\/343\/192\/trump-gulf-3.png?ve=1&amp;tl=1, https:\/\/a57.foxnews.com\/static.foxnews.com\/foxnews.com\/content\/uploads\/2025\/05\/686\/384\/trump-gulf-3.png?ve=1&amp;tl=1 2x\" height=\"192\" width=\"343\"><source media=\"(min-width: 768px) and (max-width: 1023px)\" srcset=\"https:\/\/a57.foxnews.com\/static.foxnews.com\/foxnews.com\/content\/uploads\/2025\/05\/672\/378\/trump-gulf-3.png?ve=1&amp;tl=1, https:\/\/a57.foxnews.com\/static.foxnews.com\/foxnews.com\/content\/uploads\/2025\/05\/1344\/756\/trump-gulf-3.png?ve=1&amp;tl=1 2x\" height=\"378\" width=\"672\"><source media=\"(min-width: 1024px) and (max-width: 1279px)\" srcset=\"https:\/\/a57.foxnews.com\/static.foxnews.com\/foxnews.com\/content\/uploads\/2025\/05\/931\/523\/trump-gulf-3.png?ve=1&amp;tl=1, https:\/\/a57.foxnews.com\/static.foxnews.com\/foxnews.com\/content\/uploads\/2025\/05\/1862\/1046\/trump-gulf-3.png?ve=1&amp;tl=1 2x\" height=\"523\" width=\"931\"><source media=\"(min-width: 1280px)\" srcset=\"https:\/\/a57.foxnews.com\/static.foxnews.com\/foxnews.com\/content\/uploads\/2025\/05\/720\/405\/trump-gulf-3.png?ve=1&amp;tl=1, https:\/\/a57.foxnews.com\/static.foxnews.com\/foxnews.com\/content\/uploads\/2025\/05\/1440\/810\/trump-gulf-3.png?ve=1&amp;tl=1 2x\" height=\"405\" width=\"720\"><img loading=\"lazy\" decoding=\"async\" src=\"https:\/\/a57.foxnews.com\/static.foxnews.com\/foxnews.com\/content\/uploads\/2025\/05\/1200\/675\/trump-gulf-3.png?ve=1&amp;tl=1\" alt=\"Consejo de Cooperaci\u00f3n del Golfo Foto Op \" width=\"1200\" height=\"675\"\/><\/source><\/source><\/source><\/source><\/picture><\/div>\n<div class=\"info\">\n<div class=\"caption\">\n<p><span>El presidente Donald Trump y el pr\u00edncipe heredero saud\u00ed Mohammed bin Salman (R) se preparan para posar para fotos con l\u00edderes durante la cumbre de l\u00edderes del Consejo de Cooperaci\u00f3n del Golfo (CCG) en la Cumbre de Ritz-Carlton el 14 de mayo en Riad, Arabia Saudita.<\/span> <span>(Gana McNamee\/Getty Images)<\/span><\/p>\n<\/div>\n<\/div>\n<\/div>\n<p>Los comentarios, hechos justo momentos despu\u00e9s de que Trump se reuni\u00f3 con el presidente interino de Siria, Ahmed Al-Sharaa, al margen, llegaron un d\u00eda despu\u00e9s de que Trump anunciara que su administraci\u00f3n estaba levantando sanciones contra Siria. <\/p>\n<p>Trump tambi\u00e9n dijo que L\u00edbano ten\u00eda una \u00abnueva oportunidad para un futuro libre del control de los terroristas de Hezbol\u00e1 si el nuevo presidente y el primer ministro pueden reconstruir un estado liban\u00e9s efectivo\u00bb. <\/p>\n<p><strong>La gira de Trump en Medio Oriente comienza con Siria que se avecina como una oportunidad estrat\u00e9gica<\/strong><\/p>\n<p>\u00abEsta es una oportunidad \u00fanica en la generaci\u00f3n para forjar un L\u00edbano que sea pr\u00f3spero y en paz con sus vecinos\u00bb, dijo Trump. <\/p>\n<div class=\"image-ct inline\">\n<div class=\"m\"><picture><source media=\"(max-width: 767px)\" srcset=\"https:\/\/a57.foxnews.com\/static.foxnews.com\/foxnews.com\/content\/uploads\/2025\/05\/343\/192\/trump-gulf-2.png?ve=1&amp;tl=1, https:\/\/a57.foxnews.com\/static.foxnews.com\/foxnews.com\/content\/uploads\/2025\/05\/686\/384\/trump-gulf-2.png?ve=1&amp;tl=1 2x\" height=\"192\" width=\"343\"><source media=\"(min-width: 768px) and (max-width: 1023px)\" srcset=\"https:\/\/a57.foxnews.com\/static.foxnews.com\/foxnews.com\/content\/uploads\/2025\/05\/672\/378\/trump-gulf-2.png?ve=1&amp;tl=1, https:\/\/a57.foxnews.com\/static.foxnews.com\/foxnews.com\/content\/uploads\/2025\/05\/1344\/756\/trump-gulf-2.png?ve=1&amp;tl=1 2x\" height=\"378\" width=\"672\"><source media=\"(min-width: 1024px) and (max-width: 1279px)\" srcset=\"https:\/\/a57.foxnews.com\/static.foxnews.com\/foxnews.com\/content\/uploads\/2025\/05\/931\/523\/trump-gulf-2.png?ve=1&amp;tl=1, https:\/\/a57.foxnews.com\/static.foxnews.com\/foxnews.com\/content\/uploads\/2025\/05\/1862\/1046\/trump-gulf-2.png?ve=1&amp;tl=1 2x\" height=\"523\" width=\"931\"><source media=\"(min-width: 1280px)\" srcset=\"https:\/\/a57.foxnews.com\/static.foxnews.com\/foxnews.com\/content\/uploads\/2025\/05\/720\/405\/trump-gulf-2.png?ve=1&amp;tl=1, https:\/\/a57.foxnews.com\/static.foxnews.com\/foxnews.com\/content\/uploads\/2025\/05\/1440\/810\/trump-gulf-2.png?ve=1&amp;tl=1 2x\" height=\"405\" width=\"720\"><img loading=\"lazy\" decoding=\"async\" src=\"https:\/\/a57.foxnews.com\/static.foxnews.com\/foxnews.com\/content\/uploads\/2025\/05\/1200\/675\/trump-gulf-2.png?ve=1&amp;tl=1\" alt=\"Consejo de Cooperaci\u00f3n del Golfo\" width=\"1200\" height=\"675\"\/><\/source><\/source><\/source><\/source><\/picture><\/div>\n<div class=\"info\">\n<div class=\"caption\">\n<p><span>El presidente Donald Trump asiste a la cumbre de l\u00edderes del Consejo de Cooperaci\u00f3n del Golfo (CCG) en el Ritz-Carlton el 14 de mayo en Riad, Arabia Saudita. <\/span> <span>(Gana McNamee\/Getty Images)<\/span><\/p>\n<\/div>\n<\/div>\n<\/div>\n<p>Al final de sus comentarios, Trump apel\u00f3 a toda la regi\u00f3n m\u00e1s ampliamente, diciendo: \u00abVamos a forjar un Medio Oriente que ser\u00e1 una pr\u00f3spera encrucijada comercial, diplom\u00e1tica y cultural en el centro geogr\u00e1fico del mundo. Es lo que es, es el centro del mundo\u00bb. <\/p>\n<p><strong>Haga clic aqu\u00ed para obtener la aplicaci\u00f3n Fox News<\/strong><\/p>\n<p>Trump se dirigir\u00e1 a Qatar m\u00e1s tarde el mi\u00e9rcoles para su segunda parada en la gira de cuatro d\u00edas en el Medio Oriente. <\/p>\n<p><i>Emma Colton de Fox News Digital contribuy\u00f3 a este informe. <\/i> <\/p>\n<p> <!----> <\/p>\n<div class=\"article-meta\">\n<div class=\"author-bio\">\n<p>Bradford Betz es un reportero de Fox News Digital Breaking que cubre el crimen, los problemas pol\u00edticos y mucho m\u00e1s. <\/p>\n<\/div>\n<\/div>\n<\/div>\n\n","protected":false},"excerpt":{"rendered":"<p>El presidente Donald Trump, hablando en el Consejo de Cooperaci\u00f3n del Golfo en Riad el mi\u00e9rcoles, reiter\u00f3 su deseo de llegar a un acuerdo con Ir\u00e1n y pidi\u00f3 basarse en el progreso de los acuerdos de Abraham al agregar m\u00e1s pa\u00edses al acuerdo hist\u00f3rico. Trump hizo los comentarios mientras se dirig\u00eda a los l\u00edderes del &hellip;<\/p>\n","protected":false},"author":1,"featured_media":27209,"comment_status":"open","ping_status":"open","sticky":false,"template":"","format":"standard","meta":{"fifu_image_url":"https:\/\/static.foxnews.com\/foxnews.com\/content\/uploads\/2025\/05\/trump-gulf-1.png","fifu_image_alt":"","footnotes":""},"categories":[13],"tags":[],"class_list":["post-27208","post","type-post","status-publish","format-standard","has-post-thumbnail","","category-mundo"],"_links":{"self":[{"href":"https:\/\/noticiasveraces.com\/index.php?rest_route=\/wp\/v2\/posts\/27208","targetHints":{"allow":["GET"]}}],"collection":[{"href":"https:\/\/noticiasveraces.com\/index.php?rest_route=\/wp\/v2\/posts"}],"about":[{"href":"https:\/\/noticiasveraces.com\/index.php?rest_route=\/wp\/v2\/types\/post"}],"author":[{"embeddable":true,"href":"https:\/\/noticiasveraces.com\/index.php?rest_route=\/wp\/v2\/users\/1"}],"replies":[{"embeddable":true,"href":"https:\/\/noticiasveraces.com\/index.php?rest_route=%2Fwp%2Fv2%2Fcomments&post=27208"}],"version-history":[{"count":0,"href":"https:\/\/noticiasveraces.com\/index.php?rest_route=\/wp\/v2\/posts\/27208\/revisions"}],"wp:featuredmedia":[{"embeddable":true,"href":"https:\/\/noticiasveraces.com\/index.php?rest_route=\/wp\/v2\/media\/27209"}],"wp:attachment":[{"href":"https:\/\/noticiasveraces.com\/index.php?rest_route=%2Fwp%2Fv2%2Fmedia&parent=27208"}],"wp:term":[{"taxonomy":"category","embeddable":true,"href":"https:\/\/noticiasveraces.com\/index.php?rest_route=%2Fwp%2Fv2%2Fcategories&post=27208"},{"taxonomy":"post_tag","embeddable":true,"href":"https:\/\/noticiasveraces.com\/index.php?rest_route=%2Fwp%2Fv2%2Ftags&post=27208"}],"curies":[{"name":"wp","href":"https:\/\/api.w.org\/{rel}","templated":true}]}}