{"id":27196,"date":"2025-05-14T04:01:02","date_gmt":"2025-05-14T08:01:02","guid":{"rendered":"https:\/\/noticiasveraces.com\/?p=27196"},"modified":"2025-05-14T04:01:02","modified_gmt":"2025-05-14T08:01:02","slug":"colombia-celebra-la-firma-de-historico-acuerdo-con-china-dw-14-05-2025","status":"publish","type":"post","link":"https:\/\/noticiasveraces.com\/?p=27196","title":{"rendered":"Colombia celebra la firma de \u00abhist\u00f3rico\u00bb acuerdo con China \u2013 DW \u2013 14\/05\/2025"},"content":{"rendered":"<p> \n<\/p>\n<div>\n<p>La decisi\u00f3n de formar parte de la iniciativa china de la Franja y la Ruta, o nueva Ruta de la Seda, ya fue anunciada la semana pasada por Gustavo Petro. El mi\u00e9rcoles 14 de mayo de 2025, Colombia celebr\u00f3 la firma del convenio, calificado como \u00abhist\u00f3rico\u00bb, que incorporar\u00e1 al pa\u00eds latinoamericano al proyecto de China.<\/p>\n<p>\u00abColombia y China firmaron hoy plan de cooperaci\u00f3n para la Iniciativa de la Franja y la Ruta\u00bb, anunci\u00f3 en la red social X la Canciller\u00eda colombiana, que consider\u00f3 la firma del acuerdo \u00abun paso hist\u00f3rico que abre nuevas oportunidades de inversi\u00f3n\u00bb entre ambas naciones. <\/p>\n<blockquote class=\"tweet embed\" data-id=\"1922524990341087471\"\/>\n<p> \u00abYa entramos a la Ruta de la Seda\u00bb, dijo Petro en un comunicado de su oficina, despu\u00e9s de una reuni\u00f3n con su hom\u00f3logo Xi Jinping. En la red social X, Petro asegur\u00f3 que el acuerdo \u00abcambia la historia de nuestras relaciones exteriores\u00bb. \u00abA partir de ahora, Colombia se relaciona con el mundo entero en pie de igualdad y libertad\u00bb, afirm\u00f3.<\/p>\n<h2>Relaci\u00f3n con Estados Unidos<\/h2>\n<p>Por su parte, el presidente chino, Xi Jinping, inst\u00f3 a \u00abaprovechar la oportunidad de la adhesi\u00f3n formal de Colombia a la familia de la Iniciativa de la Franja y la Ruta para promover una mayor calidad en su cooperaci\u00f3n\u00bb.           <\/p>\n<p>El paso podr\u00eda irritar a Estados Unidos, el principal socio comercial y aliado estrat\u00e9gico de Bogot\u00e1. Dos tercios de los pa\u00edses de Am\u00e9rica Latina ya integran este proyecto central en la estrategia del presidente Xi para expandir la influencia econ\u00f3mica y pol\u00edtica de China.<\/p>\n<p>MS (EFE\/AFP)<\/p>\n<\/p>\n<\/div>\n\n","protected":false},"excerpt":{"rendered":"<p>La decisi\u00f3n de formar parte de la iniciativa china de la Franja y la Ruta, o nueva Ruta de la Seda, ya fue anunciada la semana pasada por Gustavo Petro. El mi\u00e9rcoles 14 de mayo de 2025, Colombia celebr\u00f3 la firma del convenio, calificado como \u00abhist\u00f3rico\u00bb, que incorporar\u00e1 al pa\u00eds latinoamericano al proyecto de China. &hellip;<\/p>\n","protected":false},"author":1,"featured_media":27197,"comment_status":"open","ping_status":"open","sticky":false,"template":"","format":"standard","meta":{"fifu_image_url":"https:\/\/static.dw.com\/image\/72535165_6.jpg","fifu_image_alt":"","footnotes":""},"categories":[13],"tags":[],"class_list":["post-27196","post","type-post","status-publish","format-standard","has-post-thumbnail","","category-mundo"],"_links":{"self":[{"href":"https:\/\/noticiasveraces.com\/index.php?rest_route=\/wp\/v2\/posts\/27196","targetHints":{"allow":["GET"]}}],"collection":[{"href":"https:\/\/noticiasveraces.com\/index.php?rest_route=\/wp\/v2\/posts"}],"about":[{"href":"https:\/\/noticiasveraces.com\/index.php?rest_route=\/wp\/v2\/types\/post"}],"author":[{"embeddable":true,"href":"https:\/\/noticiasveraces.com\/index.php?rest_route=\/wp\/v2\/users\/1"}],"replies":[{"embeddable":true,"href":"https:\/\/noticiasveraces.com\/index.php?rest_route=%2Fwp%2Fv2%2Fcomments&post=27196"}],"version-history":[{"count":0,"href":"https:\/\/noticiasveraces.com\/index.php?rest_route=\/wp\/v2\/posts\/27196\/revisions"}],"wp:featuredmedia":[{"embeddable":true,"href":"https:\/\/noticiasveraces.com\/index.php?rest_route=\/wp\/v2\/media\/27197"}],"wp:attachment":[{"href":"https:\/\/noticiasveraces.com\/index.php?rest_route=%2Fwp%2Fv2%2Fmedia&parent=27196"}],"wp:term":[{"taxonomy":"category","embeddable":true,"href":"https:\/\/noticiasveraces.com\/index.php?rest_route=%2Fwp%2Fv2%2Fcategories&post=27196"},{"taxonomy":"post_tag","embeddable":true,"href":"https:\/\/noticiasveraces.com\/index.php?rest_route=%2Fwp%2Fv2%2Ftags&post=27196"}],"curies":[{"name":"wp","href":"https:\/\/api.w.org\/{rel}","templated":true}]}}