{"id":27174,"date":"2025-05-14T00:19:27","date_gmt":"2025-05-14T04:19:27","guid":{"rendered":"https:\/\/noticiasveraces.com\/?p=27174"},"modified":"2025-05-14T00:19:27","modified_gmt":"2025-05-14T04:19:27","slug":"los-aranceles-podrian-recibir-un-golpe-en-las-tarifas-de-seguro-de-automovil","status":"publish","type":"post","link":"https:\/\/noticiasveraces.com\/?p=27174","title":{"rendered":"Los aranceles podr\u00edan recibir un golpe en las tarifas de seguro de autom\u00f3vil"},"content":{"rendered":"<p> \n<\/p>\n<div><!----> <!----> <\/p>\n<div class=\"featured featured-video video-ct\">\n<div class=\"contain\">\n<div class=\"info\">\n<div class=\"caption\">\n<p>Ponerse al volante est\u00e1 a punto de ser un poco m\u00e1s caro. Los aranceles podr\u00edan aumentar el precio del seguro de autom\u00f3vil en casi un diez por ciento a finales de este a\u00f1o.<\/p>\n<\/div>\n<\/div>\n<\/div>\n<\/div>\n<p>Ponerse al volante est\u00e1 a punto de ser un poco m\u00e1s caro. Los aranceles podr\u00edan aumentar el precio del seguro de autom\u00f3vil en casi un 10% a finales de este a\u00f1o.<\/p>\n<p>Es un efecto de bola de nieve de las tarifas del 25% en los autom\u00f3viles importados y las piezas de los autom\u00f3viles. Si las piezas del autom\u00f3vil son m\u00e1s caras o tardan m\u00e1s en importarse, los autom\u00f3viles cuestan m\u00e1s tiempo y dinero para reparar. <\/p>\n<p>Nevada tiene algunas de las tarifas de seguro de autom\u00f3vil m\u00e1s altas del pa\u00eds. Esta no es la noticia que los conductores o las tiendas de carrocer\u00eda quieren escuchar.  <\/p>\n<div class=\"inline image-ct\">\n<div class=\"m\"><picture><source media=\"(max-width: 767px)\" srcset=\"https:\/\/a57.foxnews.com\/static.foxbusiness.com\/foxbusiness.com\/content\/uploads\/2025\/05\/343\/192\/6b47c8c8-screenshot-2025-05-12-at-5.56.29\u202fpm.png?ve=1&amp;tl=1, https:\/\/a57.foxnews.com\/static.foxbusiness.com\/foxbusiness.com\/content\/uploads\/2025\/05\/686\/384\/6b47c8c8-screenshot-2025-05-12-at-5.56.29\u202fpm.png?ve=1&amp;tl=1 2x\"><source media=\"(min-width: 768px) and (max-width: 1023px)\" srcset=\"https:\/\/a57.foxnews.com\/static.foxbusiness.com\/foxbusiness.com\/content\/uploads\/2025\/05\/672\/378\/6b47c8c8-screenshot-2025-05-12-at-5.56.29\u202fpm.png?ve=1&amp;tl=1, https:\/\/a57.foxnews.com\/static.foxbusiness.com\/foxbusiness.com\/content\/uploads\/2025\/05\/1344\/756\/6b47c8c8-screenshot-2025-05-12-at-5.56.29\u202fpm.png?ve=1&amp;tl=1 2x\"><source media=\"(min-width: 1024px) and (max-width: 1279px)\" srcset=\"https:\/\/a57.foxnews.com\/static.foxbusiness.com\/foxbusiness.com\/content\/uploads\/2025\/05\/931\/523\/6b47c8c8-screenshot-2025-05-12-at-5.56.29\u202fpm.png?ve=1&amp;tl=1, https:\/\/a57.foxnews.com\/static.foxbusiness.com\/foxbusiness.com\/content\/uploads\/2025\/05\/1862\/1046\/6b47c8c8-screenshot-2025-05-12-at-5.56.29\u202fpm.png?ve=1&amp;tl=1 2x\"><source media=\"(min-width: 1280px)\" srcset=\"https:\/\/a57.foxnews.com\/static.foxbusiness.com\/foxbusiness.com\/content\/uploads\/2025\/05\/720\/405\/6b47c8c8-screenshot-2025-05-12-at-5.56.29\u202fpm.png?ve=1&amp;tl=1, https:\/\/a57.foxnews.com\/static.foxbusiness.com\/foxbusiness.com\/content\/uploads\/2025\/05\/1440\/810\/6b47c8c8-screenshot-2025-05-12-at-5.56.29\u202fpm.png?ve=1&amp;tl=1 2x\"><img decoding=\"async\" src=\"https:\/\/a57.foxnews.com\/static.foxbusiness.com\/foxbusiness.com\/content\/uploads\/2025\/05\/931\/523\/6b47c8c8-screenshot-2025-05-12-at-5.56.29\u202fpm.png?ve=1&amp;tl=1\" alt=\"Dos hombres examinando un coche\"\/><\/source><\/source><\/source><\/source><\/picture><\/div>\n<div class=\"caption\">\n<p><span>Izzy&#8217;s Auto est\u00e1 experimentando los efectos de las tarifas de primera mano.<\/span><span>  (Sunny Tsai \/ FoxBusiness)<\/span><\/p>\n<\/div>\n<\/div>\n<p><strong>\u00ab<\/strong>Solo podemos hacer mucho para sobrevivir porque todav\u00eda tenemos gastos generales y facturas y cosas que tenemos que pagar \u00ab, dijo Eric Randolph, copropietario de Izzy&#8217;s Auto. <\/p>\n<p>La tienda de Randolph ha estado lidiando con los efectos secundarios de las tarifas de primera mano.<\/p>\n<p><strong>La inflaci\u00f3n marcada ligeramente m\u00e1s alta en abril a medida que se acerca el impacto arancelario<\/strong><\/p>\n<p>\u00abHa sido muchos aumentos en el precio, lo que nos hace tener que aumentar los precios de nuestros clientes\u00bb, dijo Randolph.<\/p>\n<p>Los precios m\u00e1s altos son el resultado de un efecto de goteo del proveedor original.<\/p>\n<div class=\"inline image-ct\">\n<div class=\"m\"><picture><source media=\"(max-width: 767px)\" srcset=\"https:\/\/a57.foxnews.com\/static.foxbusiness.com\/foxbusiness.com\/content\/uploads\/2025\/05\/343\/192\/b33ff162-screenshot-2025-05-12-at-5.56.44\u202fpm.png?ve=1&amp;tl=1, https:\/\/a57.foxnews.com\/static.foxbusiness.com\/foxbusiness.com\/content\/uploads\/2025\/05\/686\/384\/b33ff162-screenshot-2025-05-12-at-5.56.44\u202fpm.png?ve=1&amp;tl=1 2x\"><source media=\"(min-width: 768px) and (max-width: 1023px)\" srcset=\"https:\/\/a57.foxnews.com\/static.foxbusiness.com\/foxbusiness.com\/content\/uploads\/2025\/05\/672\/378\/b33ff162-screenshot-2025-05-12-at-5.56.44\u202fpm.png?ve=1&amp;tl=1, https:\/\/a57.foxnews.com\/static.foxbusiness.com\/foxbusiness.com\/content\/uploads\/2025\/05\/1344\/756\/b33ff162-screenshot-2025-05-12-at-5.56.44\u202fpm.png?ve=1&amp;tl=1 2x\"><source media=\"(min-width: 1024px) and (max-width: 1279px)\" srcset=\"https:\/\/a57.foxnews.com\/static.foxbusiness.com\/foxbusiness.com\/content\/uploads\/2025\/05\/931\/523\/b33ff162-screenshot-2025-05-12-at-5.56.44\u202fpm.png?ve=1&amp;tl=1, https:\/\/a57.foxnews.com\/static.foxbusiness.com\/foxbusiness.com\/content\/uploads\/2025\/05\/1862\/1046\/b33ff162-screenshot-2025-05-12-at-5.56.44\u202fpm.png?ve=1&amp;tl=1 2x\"><source media=\"(min-width: 1280px)\" srcset=\"https:\/\/a57.foxnews.com\/static.foxbusiness.com\/foxbusiness.com\/content\/uploads\/2025\/05\/720\/405\/b33ff162-screenshot-2025-05-12-at-5.56.44\u202fpm.png?ve=1&amp;tl=1, https:\/\/a57.foxnews.com\/static.foxbusiness.com\/foxbusiness.com\/content\/uploads\/2025\/05\/1440\/810\/b33ff162-screenshot-2025-05-12-at-5.56.44\u202fpm.png?ve=1&amp;tl=1 2x\"><img decoding=\"async\" src=\"https:\/\/a57.foxnews.com\/static.foxbusiness.com\/foxbusiness.com\/content\/uploads\/2025\/05\/931\/523\/b33ff162-screenshot-2025-05-12-at-5.56.44\u202fpm.png?ve=1&amp;tl=1\" alt=\"Un hombre est\u00e1 envolviendo un auto en la tienda\"\/><\/source><\/source><\/source><\/source><\/picture><\/div>\n<div class=\"caption\">\n<p><span>Si las piezas del autom\u00f3vil son m\u00e1s caras, o tardan m\u00e1s en importar, los autom\u00f3viles cuestan m\u00e1s tiempo y dinero para reparar.<\/span><span>  (Sunny Tsai \/ FoxBusiness)<\/span><\/p>\n<\/div>\n<\/div>\n<p>\u00abTiene el proveedor real, luego el proveedor va al proveedor, luego [the] El proveedor vende a las diferentes tiendas y clientes, por lo que se elevan sus precios. Y luego, cuando llega al consumidor, cuando est\u00e1 all\u00ed, es alrededor de 100 a quiz\u00e1s un marcado del 110% solo para las tiendas, para que las peque\u00f1as empresas obtengan ganancias \u00ab, dijo Randolph.<\/p>\n<p>Los precios no solo son m\u00e1s altos para las piezas de autom\u00f3viles extranjeros, sino que tambi\u00e9n hay una desaceleraci\u00f3n en la cadena de suministro. <\/p>\n<p><strong><u>Los precios de los autom\u00f3viles usados \u200b\u200bsaltan al m\u00e1s alto nivel desde 2023 a medida que los aranceles autom\u00e1ticos aprueban a los consumidores<\/u><\/strong><\/p>\n<p>\u00abCon ese veh\u00edculo en el que estamos trabajando, probablemente ha sido como tal vez cuatro semanas. Se supon\u00eda que deb\u00edamos tener una hora de estacionamiento de dos o tres d\u00edas. Estamos en una retenci\u00f3n de cuatro semanas en este momento\u00bb, dijo Randolph.<\/p>\n<p>El aumento de los precios de las piezas de los autom\u00f3viles va de la mano con su factura de seguro. <\/p>\n<div class=\"inline image-ct\">\n<div class=\"m\"><picture><source media=\"(max-width: 767px)\" srcset=\"https:\/\/a57.foxnews.com\/static.foxbusiness.com\/foxbusiness.com\/content\/uploads\/2025\/05\/343\/192\/5b5b3a69-screenshot-2025-05-12-at-5.56.55\u202fpm.png?ve=1&amp;tl=1, https:\/\/a57.foxnews.com\/static.foxbusiness.com\/foxbusiness.com\/content\/uploads\/2025\/05\/686\/384\/5b5b3a69-screenshot-2025-05-12-at-5.56.55\u202fpm.png?ve=1&amp;tl=1 2x\"><source media=\"(min-width: 768px) and (max-width: 1023px)\" srcset=\"https:\/\/a57.foxnews.com\/static.foxbusiness.com\/foxbusiness.com\/content\/uploads\/2025\/05\/672\/378\/5b5b3a69-screenshot-2025-05-12-at-5.56.55\u202fpm.png?ve=1&amp;tl=1, https:\/\/a57.foxnews.com\/static.foxbusiness.com\/foxbusiness.com\/content\/uploads\/2025\/05\/1344\/756\/5b5b3a69-screenshot-2025-05-12-at-5.56.55\u202fpm.png?ve=1&amp;tl=1 2x\"><source media=\"(min-width: 1024px) and (max-width: 1279px)\" srcset=\"https:\/\/a57.foxnews.com\/static.foxbusiness.com\/foxbusiness.com\/content\/uploads\/2025\/05\/931\/523\/5b5b3a69-screenshot-2025-05-12-at-5.56.55\u202fpm.png?ve=1&amp;tl=1, https:\/\/a57.foxnews.com\/static.foxbusiness.com\/foxbusiness.com\/content\/uploads\/2025\/05\/1862\/1046\/5b5b3a69-screenshot-2025-05-12-at-5.56.55\u202fpm.png?ve=1&amp;tl=1 2x\"><source media=\"(min-width: 1280px)\" srcset=\"https:\/\/a57.foxnews.com\/static.foxbusiness.com\/foxbusiness.com\/content\/uploads\/2025\/05\/720\/405\/5b5b3a69-screenshot-2025-05-12-at-5.56.55\u202fpm.png?ve=1&amp;tl=1, https:\/\/a57.foxnews.com\/static.foxbusiness.com\/foxbusiness.com\/content\/uploads\/2025\/05\/1440\/810\/5b5b3a69-screenshot-2025-05-12-at-5.56.55\u202fpm.png?ve=1&amp;tl=1 2x\"><img decoding=\"async\" src=\"https:\/\/a57.foxnews.com\/static.foxbusiness.com\/foxbusiness.com\/content\/uploads\/2025\/05\/931\/523\/5b5b3a69-screenshot-2025-05-12-at-5.56.55\u202fpm.png?ve=1&amp;tl=1\" alt=\"Autos en la autopista Las Vegas.\"\/><\/source><\/source><\/source><\/source><\/picture><\/div>\n<div class=\"caption\">\n<p><span>Los precios no solo son m\u00e1s altos para las piezas de autom\u00f3viles extranjeros, sino que tambi\u00e9n hay una desaceleraci\u00f3n en la cadena de suministro. <\/span><span>  (Sunny Tsai \/ FoxBusiness)<\/span><\/p>\n<\/div>\n<\/div>\n<p>\u00abCuando llega a un accidente, su aseguradora a menudo tiene que pagar para reemplazar la parte autom\u00e1tica. Y si las piezas de autom\u00f3viles fueran m\u00e1s caras porque proviene de fuera del pa\u00eds, entonces esos costos a menudo se transmiten a los consumidores &#8230; El nuevo autom\u00f3vil popular promedio ver\u00eda un aumento del 15% debido a los aranceles y en t\u00e9rminos de seguros, el periodista de los datos de los seis por ciento en el a\u00f1o tras a\u00f1o en la parte superior de lo que ya iba a up\u00bb, dijo el periodista de los datos de Matnon, Insurify. <\/p>\n<p><strong>Ford Motor Company ofrecer\u00e1 precios de los empleados a todos los compradores de EE. UU.: &#8216;Trato de apret\u00f3n de manos con cada estadounidense&#8217;<\/strong><\/p>\n<p>Y esos precios m\u00e1s altos podr\u00edan afectar lo que la gente est\u00e1 conduciendo. <\/p>\n<p>\u00abM\u00e1s personas no pueden darse el lujo de salir y comprar un autom\u00f3vil, por lo que tienen que depender de los servicios de alquiler\u00bb, dijo DeAndre Johnson, propietario de JS Ridhare Rentals.<\/p>\n<div class=\"inline image-ct\">\n<div class=\"m\"><picture><source media=\"(max-width: 767px)\" srcset=\"https:\/\/a57.foxnews.com\/static.foxbusiness.com\/foxbusiness.com\/content\/uploads\/2025\/05\/343\/192\/e7a52723-screenshot-2025-05-12-at-5.57.07\u202fpm.png?ve=1&amp;tl=1, https:\/\/a57.foxnews.com\/static.foxbusiness.com\/foxbusiness.com\/content\/uploads\/2025\/05\/686\/384\/e7a52723-screenshot-2025-05-12-at-5.57.07\u202fpm.png?ve=1&amp;tl=1 2x\"><source media=\"(min-width: 768px) and (max-width: 1023px)\" srcset=\"https:\/\/a57.foxnews.com\/static.foxbusiness.com\/foxbusiness.com\/content\/uploads\/2025\/05\/672\/378\/e7a52723-screenshot-2025-05-12-at-5.57.07\u202fpm.png?ve=1&amp;tl=1, https:\/\/a57.foxnews.com\/static.foxbusiness.com\/foxbusiness.com\/content\/uploads\/2025\/05\/1344\/756\/e7a52723-screenshot-2025-05-12-at-5.57.07\u202fpm.png?ve=1&amp;tl=1 2x\"><source media=\"(min-width: 1024px) and (max-width: 1279px)\" srcset=\"https:\/\/a57.foxnews.com\/static.foxbusiness.com\/foxbusiness.com\/content\/uploads\/2025\/05\/931\/523\/e7a52723-screenshot-2025-05-12-at-5.57.07\u202fpm.png?ve=1&amp;tl=1, https:\/\/a57.foxnews.com\/static.foxbusiness.com\/foxbusiness.com\/content\/uploads\/2025\/05\/1862\/1046\/e7a52723-screenshot-2025-05-12-at-5.57.07\u202fpm.png?ve=1&amp;tl=1 2x\"><source media=\"(min-width: 1280px)\" srcset=\"https:\/\/a57.foxnews.com\/static.foxbusiness.com\/foxbusiness.com\/content\/uploads\/2025\/05\/720\/405\/e7a52723-screenshot-2025-05-12-at-5.57.07\u202fpm.png?ve=1&amp;tl=1, https:\/\/a57.foxnews.com\/static.foxbusiness.com\/foxbusiness.com\/content\/uploads\/2025\/05\/1440\/810\/e7a52723-screenshot-2025-05-12-at-5.57.07\u202fpm.png?ve=1&amp;tl=1 2x\"><img decoding=\"async\" src=\"https:\/\/a57.foxnews.com\/static.foxbusiness.com\/foxbusiness.com\/content\/uploads\/2025\/05\/931\/523\/e7a52723-screenshot-2025-05-12-at-5.57.07\u202fpm.png?ve=1&amp;tl=1\" alt=\"Un hombre est\u00e1 moviendo un autom\u00f3vil a un ascensor.\"\/><\/source><\/source><\/source><\/source><\/picture><\/div>\n<div class=\"caption\">\n<p><span>JS Ridhare Rentals ha visto m\u00e1s demanda de negocios recientemente.<\/span><span>  (Sunny Tsai \/ FoxBusiness)<\/span><\/p>\n<\/div>\n<\/div>\n<p>A pesar de que la compa\u00f1\u00eda de alquiler de autom\u00f3viles de Johnson tambi\u00e9n est\u00e1 lidiando con largas esperas y precios m\u00e1s altos para las piezas, la tienda ha visto una demanda en los negocios.<\/p>\n<p>\u00abNos hizo tener m\u00e1s clientes. Tambi\u00e9n condujo, como dije, impuls\u00f3 nuestro negocio, la valoraci\u00f3n, por lo que nuestro negocio vale la pena autom\u00e1ticamente m\u00e1s porque los precios del autom\u00f3vil han aumentado\u00bb, dijo Johnson.<\/p>\n<p><strong><u>Obtenga el negocio de Fox sobre la marcha haciendo clic aqu\u00ed<\/u><\/strong><\/p>\n<p>Los expertos en seguros dicen que las compa\u00f1\u00edas de seguros no pueden aumentar las tarifas de la noche a la ma\u00f1ana, y la mayor\u00eda de los consumidores no notar\u00e1n cambios en sus facturas hasta fin de a\u00f1o como muy pronto. <\/p>\n<\/div>\n\n","protected":false},"excerpt":{"rendered":"<p>Ponerse al volante est\u00e1 a punto de ser un poco m\u00e1s caro. Los aranceles podr\u00edan aumentar el precio del seguro de autom\u00f3vil en casi un diez por ciento a finales de este a\u00f1o. Ponerse al volante est\u00e1 a punto de ser un poco m\u00e1s caro. Los aranceles podr\u00edan aumentar el precio del seguro de autom\u00f3vil &hellip;<\/p>\n","protected":false},"author":1,"featured_media":27176,"comment_status":"open","ping_status":"open","sticky":false,"template":"","format":"standard","meta":{"fifu_image_url":"https:\/\/a57.foxnews.com\/static.foxbusiness.com\/foxbusiness.com\/content\/uploads\/2025\/05\/0\/0\/screenshot-2025-05-12-at-5.56.55\u202fpm.png?ve=1&tl=1","fifu_image_alt":"","footnotes":""},"categories":[3],"tags":[],"class_list":["post-27174","post","type-post","status-publish","format-standard","has-post-thumbnail","","category-negocio"],"_links":{"self":[{"href":"https:\/\/noticiasveraces.com\/index.php?rest_route=\/wp\/v2\/posts\/27174","targetHints":{"allow":["GET"]}}],"collection":[{"href":"https:\/\/noticiasveraces.com\/index.php?rest_route=\/wp\/v2\/posts"}],"about":[{"href":"https:\/\/noticiasveraces.com\/index.php?rest_route=\/wp\/v2\/types\/post"}],"author":[{"embeddable":true,"href":"https:\/\/noticiasveraces.com\/index.php?rest_route=\/wp\/v2\/users\/1"}],"replies":[{"embeddable":true,"href":"https:\/\/noticiasveraces.com\/index.php?rest_route=%2Fwp%2Fv2%2Fcomments&post=27174"}],"version-history":[{"count":0,"href":"https:\/\/noticiasveraces.com\/index.php?rest_route=\/wp\/v2\/posts\/27174\/revisions"}],"wp:featuredmedia":[{"embeddable":true,"href":"https:\/\/noticiasveraces.com\/index.php?rest_route=\/wp\/v2\/media\/27176"}],"wp:attachment":[{"href":"https:\/\/noticiasveraces.com\/index.php?rest_route=%2Fwp%2Fv2%2Fmedia&parent=27174"}],"wp:term":[{"taxonomy":"category","embeddable":true,"href":"https:\/\/noticiasveraces.com\/index.php?rest_route=%2Fwp%2Fv2%2Fcategories&post=27174"},{"taxonomy":"post_tag","embeddable":true,"href":"https:\/\/noticiasveraces.com\/index.php?rest_route=%2Fwp%2Fv2%2Ftags&post=27174"}],"curies":[{"name":"wp","href":"https:\/\/api.w.org\/{rel}","templated":true}]}}