{"id":27157,"date":"2025-05-13T22:58:39","date_gmt":"2025-05-14T02:58:39","guid":{"rendered":"https:\/\/noticiasveraces.com\/?p=27157"},"modified":"2025-05-13T22:58:39","modified_gmt":"2025-05-14T02:58:39","slug":"los-hermanos-menendez-admiten-la-culpa-dicen-que-han-cambiado-a-medida-que-el-juez-les-resentra","status":"publish","type":"post","link":"https:\/\/noticiasveraces.com\/?p=27157","title":{"rendered":"Los hermanos Men\u00e9ndez admiten la culpa, dicen que han cambiado a medida que el juez les resentra"},"content":{"rendered":"<p> \n<br \/><img decoding=\"async\" src=\"https:\/\/media-cldnry.s-nbcnews.com\/image\/upload\/t_fit_1500w\/rockcms\/2025-02\/250204-menendez-brothers-mn-0901-d265dd.jpg\" \/><\/p>\n<div>\n<p class=\"body-graf\">Casi 36 a\u00f1os despu\u00e9s de que Erik y Lyle Men\u00e9ndez mataron a sus padres con escopetas en un crimen que cautiv\u00f3 a la naci\u00f3n, aparecieron a trav\u00e9s de un video para dirigirse al juez de Los \u00c1ngeles que decidir\u00eda si alguna vez podr\u00edan ser liberados de la prisi\u00f3n.<\/p>\n<p class=\"body-graf\">\u00abMat\u00e9 a mi mam\u00e1 y a mi pap\u00e1\u00bb, dijo Lyle Men\u00e9ndez, ahora de 57 a\u00f1os, en una audiencia de resentimiento el martes. \u00abNo pongo excusas. Asumo toda la responsabilidad\u00bb.<\/p>\n<p class=\"body-graf\">El 20 de agosto de 1989, los hermanos mataron a sus padres, Jos\u00e9 y Kitty Men\u00e9ndez, en su casa de Beverly Hills. M\u00e1s tarde fueron sentenciados a cadena perpetua sin posibilidad de libertad condicional.<\/p>\n<p class=\"body-graf\">Pero despu\u00e9s de un d\u00eda de testimonio, y despu\u00e9s de que fueron respaldados por cartas de apoyo de los oficiales de la prisi\u00f3n, el juez del Tribunal Superior de Los \u00c1ngeles, Michael Jesic, el martes le preocup\u00f3 a los hermanos a 50 a\u00f1os a la vida, un cambio que los har\u00e1 inmediatamente elegibles para la libertad condicional.<\/p>\n<p class=\"body-graf\">Erik Men\u00e9ndez, que ahora tiene 54 a\u00f1os, dijo: \u00abMis acciones fueron criminales, ego\u00edstas, crueles y cobardes\u00bb. <\/p>\n<p class=\"body-graf\">\u00abNo tengo excusa, no hay justificaci\u00f3n para lo que hice\u00bb, dijo. \u00abAsumo toda la responsabilidad de mis cr\u00edmenes\u00bb. <\/p>\n<p class=\"body-graf\">Los hermanos admitieron que mintieron a la polic\u00eda despu\u00e9s de los asesinatos. \u00abDespu\u00e9s de los asesinatos, negu\u00e9 toda responsabilidad\u00bb, dijo Erik Men\u00e9ndez. \u00abLamento estas mentiras. No hay excusa para mi comportamiento\u00bb.<\/p>\n<p class=\"body-graf\">La pareja ha argumentado que fueron abusados \u200b\u200bsexualmente por su padre.<\/p>\n<p class=\"body-graf\">Lyle Men\u00e9ndez dijo el martes que \u00abestaba en una relaci\u00f3n co-dependiente con mi hermano peque\u00f1o\u00bb por el trauma compartido.<\/p>\n<p class=\"body-graf\">Dijo que despu\u00e9s de los asesinatos, todav\u00eda escuch\u00f3 la voz de su padre en su cabeza y que mantuvo esos secretos porque pens\u00f3 que nadie creer\u00eda el presunto abuso sexual.<\/p>\n<p class=\"body-graf\">\u00abHoy, 35 a\u00f1os despu\u00e9s, estoy profundamente avergonzado de qui\u00e9n era\u00bb, dijo Lyle Men\u00e9ndez.<\/p>\n<p class=\"body-graf\">Dijo que ha tenido una evoluci\u00f3n personal desde 1996, cuando \u00e9l y su hermano fueron condenados por asesinato en primer grado y sentenciados a cadena perpetua sin posibilidad de libertad condicional.  <\/p>\n<p class=\"body-graf\">\u00abHice una promesa de que nunca usar\u00eda la violencia para resolver un problema\u00bb, dijo Lyle Men\u00e9ndez.<\/p>\n<p class=\"body-graf\">Si se libera, dijo que planea continuar trabajando con personas encarceladas.<\/p>\n<p class=\"body-graf\">La resentimiento de la pareja de Jesic a 50 a\u00f1os de vida en prisi\u00f3n no significa que sean liberados todav\u00eda. <\/p>\n<p class=\"body-graf\">Su libertad condicional tendr\u00e1 que ser aprobada por la Junta de Audiencias de Libertad Condicional, que generalmente establece una audiencia con seis meses de anticipaci\u00f3n. Una decisi\u00f3n de en libertad condicional estar\u00eda a la revisi\u00f3n del gobernador de California Gavin Newsom.<\/p>\n<p class=\"body-graf\">Ese proceso de revisi\u00f3n puede demorar hasta 150 d\u00edas despu\u00e9s de una audiencia de libertad condicional, seg\u00fan el sitio web del gobernador.<\/p>\n<p class=\"body-graf\">Tambi\u00e9n hay un esfuerzo separado de los hermanos para que Newsom les conceda clemencia, lo que les permitir\u00eda ser liberado de inmediato, pero ese proceso est\u00e1 pendiente.<\/p>\n<p class=\"body-graf\">Los miembros de la familia de los hermanos han buscado su liberaci\u00f3n de la prisi\u00f3n. Lyle Men\u00e9ndez se disculp\u00f3 el martes con los miembros de su familia, diciendo: \u00abLamento mucho a todos y cada uno de ustedes\u00bb.<\/p>\n<p class=\"endmark body-graf\">\u00abTe ment\u00ed y te oblig\u00e9 a focalizar la humillaci\u00f3n p\u00fablica que nunca pediste\u00bb, dijo.<\/p>\n<\/div>\n\n","protected":false},"excerpt":{"rendered":"<p>Casi 36 a\u00f1os despu\u00e9s de que Erik y Lyle Men\u00e9ndez mataron a sus padres con escopetas en un crimen que cautiv\u00f3 a la naci\u00f3n, aparecieron a trav\u00e9s de un video para dirigirse al juez de Los \u00c1ngeles que decidir\u00eda si alguna vez podr\u00edan ser liberados de la prisi\u00f3n. \u00abMat\u00e9 a mi mam\u00e1 y a mi &hellip;<\/p>\n","protected":false},"author":1,"featured_media":27159,"comment_status":"open","ping_status":"open","sticky":false,"template":"","format":"standard","meta":{"fifu_image_url":"https:\/\/media-cldnry.s-nbcnews.com\/image\/upload\/t_nbcnews-fp-1200-630,f_auto,q_auto:best\/rockcms\/2025-02\/250204-menendez-brothers-mn-0901-d265dd.jpg","fifu_image_alt":"","footnotes":""},"categories":[4],"tags":[],"class_list":["post-27157","post","type-post","status-publish","format-standard","has-post-thumbnail","","category-historias-destacadas"],"_links":{"self":[{"href":"https:\/\/noticiasveraces.com\/index.php?rest_route=\/wp\/v2\/posts\/27157","targetHints":{"allow":["GET"]}}],"collection":[{"href":"https:\/\/noticiasveraces.com\/index.php?rest_route=\/wp\/v2\/posts"}],"about":[{"href":"https:\/\/noticiasveraces.com\/index.php?rest_route=\/wp\/v2\/types\/post"}],"author":[{"embeddable":true,"href":"https:\/\/noticiasveraces.com\/index.php?rest_route=\/wp\/v2\/users\/1"}],"replies":[{"embeddable":true,"href":"https:\/\/noticiasveraces.com\/index.php?rest_route=%2Fwp%2Fv2%2Fcomments&post=27157"}],"version-history":[{"count":0,"href":"https:\/\/noticiasveraces.com\/index.php?rest_route=\/wp\/v2\/posts\/27157\/revisions"}],"wp:featuredmedia":[{"embeddable":true,"href":"https:\/\/noticiasveraces.com\/index.php?rest_route=\/wp\/v2\/media\/27159"}],"wp:attachment":[{"href":"https:\/\/noticiasveraces.com\/index.php?rest_route=%2Fwp%2Fv2%2Fmedia&parent=27157"}],"wp:term":[{"taxonomy":"category","embeddable":true,"href":"https:\/\/noticiasveraces.com\/index.php?rest_route=%2Fwp%2Fv2%2Fcategories&post=27157"},{"taxonomy":"post_tag","embeddable":true,"href":"https:\/\/noticiasveraces.com\/index.php?rest_route=%2Fwp%2Fv2%2Ftags&post=27157"}],"curies":[{"name":"wp","href":"https:\/\/api.w.org\/{rel}","templated":true}]}}