{"id":27155,"date":"2025-05-13T22:53:46","date_gmt":"2025-05-14T02:53:46","guid":{"rendered":"https:\/\/noticiasveraces.com\/?p=27155"},"modified":"2025-05-13T22:53:46","modified_gmt":"2025-05-14T02:53:46","slug":"cuba-en-lista-de-paises-que-no-cooperan-contra-terrorismo-dw-13-05-2025","status":"publish","type":"post","link":"https:\/\/noticiasveraces.com\/?p=27155","title":{"rendered":"Cuba en lista de pa\u00edses que no cooperan contra terrorismo \u2013 DW \u2013 13\/05\/2025"},"content":{"rendered":"<p> \n<\/p>\n<div>\n<p>Estados Unidos incluy\u00f3 de nuevo a Cuba y mantuvo a Venezuela en el grupo de pa\u00edses que no cooperan plenamente en su lucha antiterrorista, indic\u00f3 el Departamento de Estado este martes (13.05.2025).<\/p>\n<p>El d\u00eda de su investidura, el presidente estadounidense Donald Trump revoc\u00f3 la decisi\u00f3n de su predecesor Joe Biden de retirar a Cuba de otra lista negra, la de pa\u00edses patrocinadores del terrorismo.<\/p>\n<p>\u00abEn 2024, el r\u00e9gimen cubano no cooper\u00f3 plenamente con Estados Unidos en materia antiterrorista\u00bb, se\u00f1al\u00f3 la portavoz del Departamento de Estado, Tammy Bruce, en un comunicado, el cual precisa que Venezuela, Corea del Norte, Ir\u00e1n y Siria permanecen en la lista.<\/p>\n<p>\u00abHab\u00eda al menos 11 fugitivos de la justicia estadounidense en Cuba, incluidos varios que enfrentaban cargos relacionados con el terrorismo, y el r\u00e9gimen cubano dej\u00f3 claro que no estaba dispuesto a negociar su regreso para que comparecieran ante la justicia en nuestro pa\u00eds\u00bb, agreg\u00f3.<\/p>\n<p>La inclusi\u00f3n del pa\u00eds caribe\u00f1o en la lista \u00abimplica la prohibici\u00f3n de la venta o la concesi\u00f3n de licencias para la exportaci\u00f3n de art\u00edculos y servicios de defensa a Cuba\u00bb.<\/p>\n<p>Desde hace m\u00e1s de seis d\u00e9cadas, Washington impone a Cuba un embargo comercial. Trump lo endureci\u00f3 durante su primer mandato (2017-2021), y volvi\u00f3 a incluir a la isla en su lista negra de patrocinadores del terrorismo, una medida que obstaculiza las transacciones y las inversiones porque las empresas se exponen a sanciones estadounidenses.<\/p>\n<p>RR (AFP\/EFE)<\/p>\n<\/div>\n\n","protected":false},"excerpt":{"rendered":"<p>Estados Unidos incluy\u00f3 de nuevo a Cuba y mantuvo a Venezuela en el grupo de pa\u00edses que no cooperan plenamente en su lucha antiterrorista, indic\u00f3 el Departamento de Estado este martes (13.05.2025). El d\u00eda de su investidura, el presidente estadounidense Donald Trump revoc\u00f3 la decisi\u00f3n de su predecesor Joe Biden de retirar a Cuba de &hellip;<\/p>\n","protected":false},"author":1,"featured_media":27156,"comment_status":"open","ping_status":"open","sticky":false,"template":"","format":"standard","meta":{"fifu_image_url":"https:\/\/static.dw.com\/image\/71304247_6.jpg","fifu_image_alt":"","footnotes":""},"categories":[13],"tags":[],"class_list":["post-27155","post","type-post","status-publish","format-standard","has-post-thumbnail","","category-mundo"],"_links":{"self":[{"href":"https:\/\/noticiasveraces.com\/index.php?rest_route=\/wp\/v2\/posts\/27155","targetHints":{"allow":["GET"]}}],"collection":[{"href":"https:\/\/noticiasveraces.com\/index.php?rest_route=\/wp\/v2\/posts"}],"about":[{"href":"https:\/\/noticiasveraces.com\/index.php?rest_route=\/wp\/v2\/types\/post"}],"author":[{"embeddable":true,"href":"https:\/\/noticiasveraces.com\/index.php?rest_route=\/wp\/v2\/users\/1"}],"replies":[{"embeddable":true,"href":"https:\/\/noticiasveraces.com\/index.php?rest_route=%2Fwp%2Fv2%2Fcomments&post=27155"}],"version-history":[{"count":0,"href":"https:\/\/noticiasveraces.com\/index.php?rest_route=\/wp\/v2\/posts\/27155\/revisions"}],"wp:featuredmedia":[{"embeddable":true,"href":"https:\/\/noticiasveraces.com\/index.php?rest_route=\/wp\/v2\/media\/27156"}],"wp:attachment":[{"href":"https:\/\/noticiasveraces.com\/index.php?rest_route=%2Fwp%2Fv2%2Fmedia&parent=27155"}],"wp:term":[{"taxonomy":"category","embeddable":true,"href":"https:\/\/noticiasveraces.com\/index.php?rest_route=%2Fwp%2Fv2%2Fcategories&post=27155"},{"taxonomy":"post_tag","embeddable":true,"href":"https:\/\/noticiasveraces.com\/index.php?rest_route=%2Fwp%2Fv2%2Ftags&post=27155"}],"curies":[{"name":"wp","href":"https:\/\/api.w.org\/{rel}","templated":true}]}}