{"id":27153,"date":"2025-05-13T21:53:02","date_gmt":"2025-05-14T01:53:02","guid":{"rendered":"https:\/\/noticiasveraces.com\/?p=27153"},"modified":"2025-05-13T21:53:02","modified_gmt":"2025-05-14T01:53:02","slug":"adios-al-icono-de-la-austeridad-dw-13-05-2025","status":"publish","type":"post","link":"https:\/\/noticiasveraces.com\/?p=27153","title":{"rendered":"adi\u00f3s al \u00edcono de la austeridad \u2013 DW \u2013 13\/05\/2025"},"content":{"rendered":"<p> \n<\/p>\n<div>\n<p>Jos\u00e9 \u00abPepe\u00bb Mujica fue una figura imprescindible en la pol\u00edtica de Uruguay, hasta el final. En 2019, gan\u00f3 un esca\u00f1o senatorial encabezando la lista m\u00e1s votada de su conglomerado. Y hasta trat\u00f3 de salvar la candidatura presidencial del Frente Amplio, aceptando ocupar un Ministerio si triunfaba. No fue as\u00ed. Pero probablemente eso haya sido un alivio para este \u00edcono de la izquierda, que un a\u00f1o antes hab\u00eda renunciado al Senado para tomarse \u00abuna licencia antes de morir de viejo\u00bb. Se retir\u00f3 definitivamente de la pol\u00edtica en octubre de 2020 para dedicarse a la militancia popular. Muri\u00f3 de c\u00e1ncer de es\u00f3fago este 13 de mayo de 2025, a los 89 a\u00f1os.<\/p>\n<p>En enero de 2025 hab\u00eda anunciado que la expansi\u00f3n de su enfermedad le hab\u00eda hecho decidir que ya no se someter\u00eda a m\u00e1s tratamientos: \u00abYa termin\u00f3 mi ciclo. Sinceramente, me estoy muriendo. Y el guerrero tiene derecho a su descanso\u00bb, dijo. Su esposa,\u00a0Luc\u00eda Topolansky, quien fuera primera dama y luego vicepresidenta de Uruguay (2017-2020), anunci\u00f3 hoy, 13 de mayo, que Jos\u00e9 Mujica estaba recibiendo cuidados paliativos en la fase terminal de su c\u00e1ncer.<\/p>\n<figure class=\"placeholder-image master_landscape big\"><img data-format=\"MASTER_LANDSCAPE\" data-id=\"68952826\" data-url=\"https:\/\/static.dw.com\/image\/68952826_${formatId}.jpg\" data-aspect-ratio=\"16\/9\" alt=\"El expresidente uruguayo Jos\u00e9 &quot;Pepe&quot; Mujica, en su casa, en Montevideo. (2023).\" style=\"padding-bottom: 56.25%; height: 0; max-height: 0;\"\/><figcaption class=\"img-caption\">El expresidente uruguayo Jos\u00e9 \u00abPepe\u00bb Mujica, fallecido este martes 15 de mayo de 2025, sufr\u00eda de un c\u00e1ncer de es\u00f3fago, hecho que dio a conocer p\u00fablicamente en abril de 2024.<small class=\"copyright\">Imagen: Ximena Borrazas\/ZUMA Wire\/IMAGO<\/small><\/figcaption><\/figure>\n<p>Al dar \u00e9l mismo a conocer p\u00fablicamente que estaba enfermo, en abril de 2024, recibi\u00f3 muestras de afecto y reconocimiento por parte de artistas (en Instagram bajo #unacancionparapepe), as\u00ed como de pol\u00edticos y diplom\u00e1ticos latinoamericanos y del mundo.<\/p>\n<h2>Picard\u00eda, franqueza y una vida austera<\/h2>\n<p>Jos\u00e9 \u00abPepe\u00bb\u00a0Mujica despert\u00f3 simpat\u00edas en todo el mundo. Desde la prensa internacional, pasando por estrellas del pop, hasta pol\u00edticos de primer rango, no hubo quien escapara a su carisma, basado en la franqueza, la picard\u00eda, las palabras sin rodeos y una vivida austeridad, en una sociedad global sacudida a menudo por los esc\u00e1ndalos, la corrupci\u00f3n y el doble discurso. <\/p>\n<p>M\u00e1s admirado fue en el exterior que en su pa\u00eds, donde la proximidad permit\u00eda ver m\u00e1s los claroscuros de una personalidad compleja, capaz de decir una cosa y la contraria, defender al mismo tiempo la democracia y la revoluci\u00f3n socialista, la libre empresa y la Cuba de los Castro, la guerrilla y el Parlamento, el anticapitalismo y una pol\u00edtica econ\u00f3mica ortodoxa.<\/p>\n<p>Esa ubicuidad lo llev\u00f3 a hacer buenas migas tanto con Barack Obama como con Nicol\u00e1s Maduro, Aerosmith y Ricky Martin. Se autodefini\u00f3 como un \u00abanimal pol\u00edtico\u00bb, y lo demostr\u00f3 hasta el final de sus d\u00edas. En 2016 fue mediador en las negociaciones de paz en Cuba entre la guerrilla colombiana de las FARC y el Gobierno de Colombia.<\/p>\n<p>Tres de sus proyectos quedan, sobre todo, en la memoria del mundo, que mir\u00f3 asombrado hacia un peque\u00f1o pa\u00eds casi en el fin del mapa: la legalizaci\u00f3n del aborto, a finales de 2012; el matrimonio homosexual, en 2013 y, a fines de ese mismo a\u00f1o, la legalizaci\u00f3n del uso recreativo de la marihuana, con Uruguay como primer Estado plantador de cannabis del globo. \u00abEl mundo tiene que aceptar ciertas cosas que son inalterables\u00bb, dijo al respecto de esas decisiones, que para \u00e9l no eran ni de izquierda, sino simplemente una cuesti\u00f3n de sentido com\u00fan.<\/p>\n<div class=\"vjs-wrapper embed big\">\n<h2 aria-label=\"Video integrado \u2014 &quot;Pepe&quot; Mujica cumple 89 a\u00f1os\" class=\"headline\"><svg xmlns=\"http:\/\/www.w3.org\/2000\/svg\" viewbox=\"0 0 20 20\"><g fill-rule=\"evenodd\"><path d=\"M14.114 7.599H13.5l.002 4.706h.601l4.582 3.25-.005-11.11zM11.084 4.444l-9.007.002-1.336.797.002 9.514 1.334.793 9.007.006 1.509-.799-.004-9.516z\"\/><\/g><\/svg>\u00abPepe\u00bb Mujica cumple 89 a\u00f1os<\/h2>\n<p><video id=\"video-69149130\" controls=\"\" playsinline=\"\" preload=\"none\" poster=\"data:image\/png;base64,iVBORw0KGgoAAAANSUhEUgAAAAEAAAABCAQAAAC1HAwCAAAAC0lEQVR42mNkYAAAAAYAAjCB0C8AAAAASUVORK5CYII=\" data-id=\"69149130\" data-posterurl=\"https:\/\/tvdownloaddw-a.akamaihd.net\/vps\/stills\/webvideos\/SPA\/2024\/DWVG\/DWVGSPA240521_Mujica_cumple_89_01IMW.jpg\" data-duration=\"01:29\"><source src=\"https:\/\/hlsvod.dw.com\/i\/vps\/webvideos\/SPA\/2024\/DWVG\/DWVGSPA240521_Mujica_cumple_89_01IMW_,AVC_480x270,AVC_512x288,AVC_640x360,AVC_960x540,AVC_1280x720,AVC_1920x1080,.mp4.csmil\/master.m3u8\" type=\"application\/x-mpegURL\"><source src=\"https:\/\/tvdownloaddw-a.akamaihd.net\/vps\/webvideos\/SPA\/2024\/DWVG\/DWVGSPA240521_Mujica_cumple_89_01IMW_AVC_1920x1080.mp4\" type=\"video\/mp4\"><p class=\"vjs-no-js\">Para ver este video, habilite JavaScript y considere actualizar a un navegador web que admite el video HTML5<\/p>\n<p><\/source><\/source><\/video><\/div>\n<h2>De \u00e9xitos y fracasos<\/h2>\n<p>No tanta trascendencia mundial, pero tanto m\u00e1s enojo a nivel nacional tuvieron otros proyectos que terminaron en fracaso: una imprescindible reforma educativa que no lleg\u00f3 a implementarse, la planeada construcci\u00f3n de una regasificadora que result\u00f3 inviable, un puerto de aguas profundas que jam\u00e1s lleg\u00f3 a concretarse y un considerable d\u00e9ficit fiscal al final de su periodo. <\/p>\n<p>Jos\u00e9 Mujica naci\u00f3 en Montevideo, Uruguay, el 20 de mayo de 1935, de padre descendiente de inmigrantes vascos y madre de origen italiano.\u00a0 Su padre era un peque\u00f1o estanciero, que cay\u00f3 en la ruina y muri\u00f3 en 1940. Desde peque\u00f1o, Mujica trabaj\u00f3 junto a su hermana en la granja de floricultura paterna. Interrumpi\u00f3 sus estudios antes de terminar la secundaria para comprometerse cada vez m\u00e1s con el movimiento estudiantil.<\/p>\n<figure class=\"placeholder-image master_landscape big\"><img data-format=\"MASTER_LANDSCAPE\" data-id=\"70978691\" data-url=\"https:\/\/static.dw.com\/image\/70978691_${formatId}.jpg\" data-aspect-ratio=\"16\/9\" alt=\"El presidente de Brasil, Lula da Silva, coloca a Jos\u00e9 Mujica la &quot;Orden de la Cruz del Sur&quot;.\" style=\"padding-bottom: 56.25%; height: 0; max-height: 0;\"\/><figcaption class=\"img-caption\">El presidente de Brasil, Lula da Silva, coloca a Jos\u00e9 Mujica la \u00abOrden de la Cruz del Sur\u00bb. A la derecha, la esposa de Mujica, Luc\u00eda Topolansky, y el presidente electo de Uruguay, Yamand\u00fa Orsi. (5.12.2024).<small class=\"copyright\">Imagen: Mariana Greif\/REUTERS<\/small><\/figcaption><\/figure>\n<p>La carrera pol\u00edtica del joven Mujica comenz\u00f3 en el Partido Nacional (conservador). En 1962 pasa a filas de la Uni\u00f3n Popular, pr\u00f3xima al Partido Socialista, que en las elecciones solo obtiene el 2,3 por ciento de los votos. <\/p>\n<p>En medio de una crisis econ\u00f3mica, desilusionados por la pol\u00edtica conservadora y la falta de ideas de los gobernantes de la \u00e9poca, e inspirados en la Revoluci\u00f3n Cubana y la m\u00edtica figura del Che Guevara, a comienzos de los 60 se forma el Movimiento de Liberaci\u00f3n Nacional-Tupamaros, una guerrilla urbana a la que Mujica adhiere desde la primera hora. <\/p>\n<p><span data-slot-id=\"Article_InContent-1\" class=\"rich-text-ad\"\/><\/p>\n<h2>Seis impactos de bala y aislamiento en pozos de tierra<\/h2>\n<p>En el transcurso de diversas acciones, Mujica recibe seis impactos de bala. En 1969 participa en la ocupaci\u00f3n de la peque\u00f1a ciudad de Pando, en las cercan\u00edas de Montevideo. Es arrestado en cuatro ocasiones y en 1971 logra evadirse, junto con otros 110 presos, en su mayor\u00eda pol\u00edticos, de una c\u00e1rcel en medio de Montevideo. <\/p>\n<p>Un a\u00f1o despu\u00e9s es recapturado y condenado por un tribunal militar. Despu\u00e9s del golpe de Estado militar de 1973 es trasladado a un cuartel. En pocos meses, los Tupamaros hab\u00edan sido derrotados militarmente y su organizaci\u00f3n, completamente desbaratada.<\/p>\n<p>Mujica pasa 13 a\u00f1os en completo aislamiento en diversos cuarteles, en parte, en pozos en la tierra. Fue uno de los nueve dirigentes tupamaros prisioneros que la dictadura militar llamaba \u00abrehenes\u00bb: personas que ser\u00edan inmediatamente fusiladas en caso de que la guerrilla reiniciara sus acciones militares. <\/p>\n<figure class=\"placeholder-image master_landscape big\"><img data-format=\"MASTER_LANDSCAPE\" data-id=\"64987043\" data-url=\"https:\/\/static.dw.com\/image\/64987043_${formatId}.jpg\" data-aspect-ratio=\"16\/9\" alt=\"Jos\u00e9 &quot;Pepe&quot; Mujica habla luego de recibir el Doctorado honoris causa de la Universidad de R\u00edo Cuarto, en C\u00f3rdoba, Argentina, en 2022.\" style=\"padding-bottom: 56.25%; height: 0; max-height: 0;\"\/><figcaption class=\"img-caption\">Jos\u00e9 \u00abPepe\u00bb Mujica recibi\u00f3 el Doctorado honoris causa de la Universidad de R\u00edo Cuarto, en C\u00f3rdoba, Argentina, en junio de 2022.<small class=\"copyright\">Imagen: PABLO PORCIUNCULA\/AFP<\/small><\/figcaption><\/figure>\n<h2>Liberaci\u00f3n e integraci\u00f3n en la pol\u00edtica<\/h2>\n<p>En 1985, con el restablecimiento de la democracia en el pa\u00eds, Mujica es liberado. Algunos a\u00f1os despu\u00e9s, junto con otros dirigentes tupamaros, crea el Movimiento de Participaci\u00f3n Popular, dentro de la coalici\u00f3n de izquierda Frente Amplio. En 1994 es elegido diputado y en 1999, senador. En 2005 es nombrado ministro de Ganader\u00eda, Agricultura y Pesca. En las elecciones de 2009 es elegido presidente de la Rep\u00fablica, cargo que ejerce hasta el 2015. <\/p>\n<p>Es el comienzo de una carrera medi\u00e1tica sin igual a nivel internacional. A menudo es calificado como el \u00abpresidente m\u00e1s pobre del mundo\u00bb. Efectivamente, donaba el 90 por ciento sus ingresos para fines caritativos y rechaz\u00f3 vivir en la residencia presidencial, optando por quedarse en su sencilla granja.<\/p>\n<p>Manejaba un \u00abescarabajo\u00bb\u00a0color celeste de 1987, por el que, despu\u00e9s de haber adquirido fama, le ofrecieron mucho dinero, que rechaz\u00f3. Quedan en la memoria colectiva sus apariciones en p\u00fablico como presidente en el Gabinete de Uruguay vestido sobriamente con un sencillo saco de lana, sin corbata, con unos pantalones gastados y sus sandalias.<\/p>\n<p>El <em>auge <\/em>global de Mujica explota en junio de 2012, cuando en la Cumbre sobre Desarrollo Sostenible R\u00edo+20, deja boquiabierto al mundo con un discurso filos\u00f3fico contra el consumismo y el despilfarro de los recursos naturales.<\/p>\n<h2>Entre el consumo y la libertad<\/h2>\n<p>Ese fue desde entonces el leitmotiv de su pensamiento pol\u00edtico, que no se cans\u00f3 de repetir. En septiembre de 2013, en un hist\u00f3rico discurso de 45 minutos ante la Asamblea General de las Naciones Unidas, en Nueva York, puso nuevamente en tela de juicio la civilizaci\u00f3n de consumo: \u00abParecer\u00eda que hemos nacido s\u00f3lo para consumir y consumir, y cuando no podemos, cargamos con la frustraci\u00f3n, la pobreza y la autoexclusi\u00f3n\u00bb.<\/p>\n<p>En su serie de m\u00e1s de 100 videocolumnas \u00abConciencia Sur\u00bb\u00a0en DW Espa\u00f1ol, Jos\u00e9 Mujica sigui\u00f3 analizando la realidad pol\u00edtica global desde agosto de 2016 hasta diciembre de 2024 desde el jard\u00edn de su \u00abchacra\u00bb, o desde su peque\u00f1o cuarto de trabajo.<\/p>\n<p>\u00abCuando compras algo, no lo compras con dinero, sino con el tiempo de vida que tuviste que gastar para tener ese dinero. Pero con la diferencia de que la \u00fanica cosa que no se puede comprar es la vida. La vida se gasta. Y es miserable gastar la vida para perder libertad\u00bb. Esa es la esencia de la \u00faltima ense\u00f1anza que nos deja Jos\u00e9 Mujica.<\/p>\n<div class=\"vjs-wrapper embed big\">\n<h2 aria-label=\"Video integrado \u2014 Pepe Mujica: un pensamiento para la juventud\" class=\"headline\"><svg xmlns=\"http:\/\/www.w3.org\/2000\/svg\" viewbox=\"0 0 20 20\"><g fill-rule=\"evenodd\"><path d=\"M14.114 7.599H13.5l.002 4.706h.601l4.582 3.25-.005-11.11zM11.084 4.444l-9.007.002-1.336.797.002 9.514 1.334.793 9.007.006 1.509-.799-.004-9.516z\"\/><\/g><\/svg>Pepe Mujica: un pensamiento para la juventud<\/h2>\n<p><video id=\"video-71524238\" controls=\"\" playsinline=\"\" preload=\"none\" poster=\"data:image\/png;base64,iVBORw0KGgoAAAANSUhEUgAAAAEAAAABCAQAAAC1HAwCAAAAC0lEQVR42mNkYAAAAAYAAjCB0C8AAAAASUVORK5CYII=\" data-id=\"71524238\" data-posterurl=\"https:\/\/static.dw.com\/image\/68952827_605.webp\" data-duration=\"05:21\"><source src=\"https:\/\/hlsvod.dw.com\/i\/vps\/webvideos\/SPA\/2025\/DWVG\/DWVGSPA250206_Mujica_Despedida_05IMW_,AVC_480x270,AVC_512x288,AVC_640x360,AVC_960x540,AVC_1280x720,AVC_1920x1080,.mp4.csmil\/master.m3u8\" type=\"application\/x-mpegURL\"><source src=\"https:\/\/tvdownloaddw-a.akamaihd.net\/vps\/webvideos\/SPA\/2025\/DWVG\/DWVGSPA250206_Mujica_Despedida_05IMW_AVC_1920x1080.mp4\" type=\"video\/mp4\"><p class=\"vjs-no-js\">Para ver este video, habilite JavaScript y considere actualizar a un navegador web que admite el video HTML5<\/p>\n<p><\/source><\/source><\/video><\/div>\n<p>(CP\/RML)<\/p>\n<\/div>\n\n","protected":false},"excerpt":{"rendered":"<p>Jos\u00e9 \u00abPepe\u00bb Mujica fue una figura imprescindible en la pol\u00edtica de Uruguay, hasta el final. En 2019, gan\u00f3 un esca\u00f1o senatorial encabezando la lista m\u00e1s votada de su conglomerado. Y hasta trat\u00f3 de salvar la candidatura presidencial del Frente Amplio, aceptando ocupar un Ministerio si triunfaba. No fue as\u00ed. Pero probablemente eso haya sido un &hellip;<\/p>\n","protected":false},"author":1,"featured_media":27154,"comment_status":"open","ping_status":"open","sticky":false,"template":"","format":"standard","meta":{"fifu_image_url":"https:\/\/static.dw.com\/image\/72533154_6.jpg","fifu_image_alt":"","footnotes":""},"categories":[13],"tags":[],"class_list":["post-27153","post","type-post","status-publish","format-standard","has-post-thumbnail","","category-mundo"],"_links":{"self":[{"href":"https:\/\/noticiasveraces.com\/index.php?rest_route=\/wp\/v2\/posts\/27153","targetHints":{"allow":["GET"]}}],"collection":[{"href":"https:\/\/noticiasveraces.com\/index.php?rest_route=\/wp\/v2\/posts"}],"about":[{"href":"https:\/\/noticiasveraces.com\/index.php?rest_route=\/wp\/v2\/types\/post"}],"author":[{"embeddable":true,"href":"https:\/\/noticiasveraces.com\/index.php?rest_route=\/wp\/v2\/users\/1"}],"replies":[{"embeddable":true,"href":"https:\/\/noticiasveraces.com\/index.php?rest_route=%2Fwp%2Fv2%2Fcomments&post=27153"}],"version-history":[{"count":0,"href":"https:\/\/noticiasveraces.com\/index.php?rest_route=\/wp\/v2\/posts\/27153\/revisions"}],"wp:featuredmedia":[{"embeddable":true,"href":"https:\/\/noticiasveraces.com\/index.php?rest_route=\/wp\/v2\/media\/27154"}],"wp:attachment":[{"href":"https:\/\/noticiasveraces.com\/index.php?rest_route=%2Fwp%2Fv2%2Fmedia&parent=27153"}],"wp:term":[{"taxonomy":"category","embeddable":true,"href":"https:\/\/noticiasveraces.com\/index.php?rest_route=%2Fwp%2Fv2%2Fcategories&post=27153"},{"taxonomy":"post_tag","embeddable":true,"href":"https:\/\/noticiasveraces.com\/index.php?rest_route=%2Fwp%2Fv2%2Ftags&post=27153"}],"curies":[{"name":"wp","href":"https:\/\/api.w.org\/{rel}","templated":true}]}}