{"id":27149,"date":"2025-05-13T19:49:32","date_gmt":"2025-05-13T23:49:32","guid":{"rendered":"https:\/\/noticiasveraces.com\/?p=27149"},"modified":"2025-05-13T19:49:32","modified_gmt":"2025-05-13T23:49:32","slug":"mark-carney-forma-su-nuevo-gobierno-en-canada-dw-14-05-2025","status":"publish","type":"post","link":"https:\/\/noticiasveraces.com\/?p=27149","title":{"rendered":"Mark Carney forma su nuevo gobierno en Canad\u00e1 \u2013 DW \u2013 14\/05\/2025"},"content":{"rendered":"<p> \n<\/p>\n<div>\n<p>El primer ministro de Canad\u00e1, Mark Carney, prometi\u00f3 este martes (13.05.2025) que su nuevo gobierno trabajar\u00e1 \u00absin descanso\u00bb para proteger la soberan\u00eda del pa\u00eds tras juramentar a su gabinete, con el que busca redefinir la relaci\u00f3n con Estados Unidos y enfrentar la guerra comercial de Donald Trump.<\/p>\n<p>Dos semanas despu\u00e9s de que el Partido Liberal ganara las elecciones generales, Carney jurament\u00f3 a sus ministros en una ceremonia en Ottawa, que marc\u00f3 el inicio del primer mandato completo que ejercer\u00e1 este exjefe de banco central con experiencia en fuertes crisis financieras.<\/p>\n<p>Carney convenci\u00f3 a los electores de que era la mejor opci\u00f3n para lidiar con Trump, que insiste en sus amenazas de anexar Canad\u00e1 y cuyos aranceles a los autos importados y otros bienes ya le costaron empleos a Canad\u00e1.<\/p>\n<p>\u00abMi gobierno trabajar\u00e1 sin descanso para mantener a Canad\u00e1 segura como naci\u00f3n soberana\u00bb, expres\u00f3 el primer ministro ante periodistas despu\u00e9s de la ceremonia.<\/p>\n<p>\u00abLos canadienses eligieron este nuevo gobierno con un claro mandato de definir una nueva relaci\u00f3n econ\u00f3mica y de seguridad con Estados Unidos\u00bb, indic\u00f3 el primer ministro antes de la ceremonia en un comunicado.<\/p>\n<p>En su primer encuentro cara a cara la semana pasada en la Casa Blanca, Trump insisti\u00f3 en que ser\u00eda \u00abun maravilloso matrimonio\u00bb si Canad\u00e1 aceptara convertirse en el estado n\u00famero 51 de Estados Unidos.<\/p>\n<p>Carney replic\u00f3 que Canad\u00e1 \u00abno estar\u00e1 en venta nunca\u00bb y coment\u00f3 sobre la profunda hostilidad entre los canadienses hacia una uni\u00f3n pol\u00edtica con Estados Unidos.<\/p>\n<p>En el gabinete Carney mantuvo varias figuras claves que han participado en las negociaciones con la administraci\u00f3n Trump sobre los aranceles. Pero hay algunos cambios.<\/p>\n<p>Dominic LeBlanc, quien ha negociado directamente con el secretario de Comercio estadounidense Howard Lutnick en las \u00faltimas semanas, fue nombrado ministro responsable de Comercio Canad\u00e1-EEUU. <\/p>\n<p><span data-slot-id=\"Article_InContent-1\" class=\"rich-text-ad\"\/><\/p>\n<h2>\u00abCrear la econom\u00eda m\u00e1s fuerte del G7\u00bb<\/h2>\n<p>La exministra de Exteriores, Melanie Joly, pas\u00f3 al ministerio de Industria y ahora la nueva jefa de la diplomacia canadiense es Anita Anand.<\/p>\n<p>El ministro de Finanzas, Francois-Philippe Champagne, se mantiene en el cargo. Adem\u00e1s, Evan Solomon, un destacado experiodista que fue electo parlamentario por primera vez, fue nombrado ministro para la inteligencia artificial, un nuevo cargo con el que Carney busca transformar la econom\u00eda de Canad\u00e1.<\/p>\n<p>Carney dijo que su gabinete estar\u00e1 enfocado en una \u00abmisi\u00f3n central\u00bb, que es \u00abcrear la econom\u00eda m\u00e1s fuerte del G7\u00bb.<\/p>\n<p>Desde que asumi\u00f3 el poder en reemplazo del ex primer ministro Justin Trudeau el 14 de marzo, Carney ha tratado de marcar distancia de la gesti\u00f3n de su antecesor, que se torn\u00f3 muy impopular tras una d\u00e9cada en el poder.<\/p>\n<p>Carney prometi\u00f3 la semana pasada conformar \u00abun gabinete eficiente, enfocado y con paridad de g\u00e9nero\u00bb.<\/p>\n<p>El anuncio del nuevo gobierno tuvo lugar por la ma\u00f1ana en Ottawa ante la gobernadora general, Mary Simon, representante del Rey Carlos III, jefe de Estado del pa\u00eds de la Commonwealth.<\/p>\n<p>El Parlamento, en receso desde enero, volver\u00e1 el 26 de mayo. El Rey acudir\u00e1 excepcionalmente a pronunciar el discurso de apertura al d\u00eda siguiente, una alocuci\u00f3n solemne que suele pronunciar el gobernador general.<\/p>\n<p>El Partido Liberal obtuvo 170 asientos en el Parlamento, menos que los 172 necesarios para formar una mayor\u00eda, pero aun as\u00ed tendr\u00e1 una posici\u00f3n fuerte para aprobar leyes.<\/p>\n<p>Mg (AFP, Efe)<\/p>\n<\/p>\n<\/div>\n\n","protected":false},"excerpt":{"rendered":"<p>El primer ministro de Canad\u00e1, Mark Carney, prometi\u00f3 este martes (13.05.2025) que su nuevo gobierno trabajar\u00e1 \u00absin descanso\u00bb para proteger la soberan\u00eda del pa\u00eds tras juramentar a su gabinete, con el que busca redefinir la relaci\u00f3n con Estados Unidos y enfrentar la guerra comercial de Donald Trump. Dos semanas despu\u00e9s de que el Partido Liberal &hellip;<\/p>\n","protected":false},"author":1,"featured_media":27150,"comment_status":"open","ping_status":"open","sticky":false,"template":"","format":"standard","meta":{"fifu_image_url":"https:\/\/static.dw.com\/image\/72385360_6.jpg","fifu_image_alt":"","footnotes":""},"categories":[13],"tags":[],"class_list":["post-27149","post","type-post","status-publish","format-standard","has-post-thumbnail","","category-mundo"],"_links":{"self":[{"href":"https:\/\/noticiasveraces.com\/index.php?rest_route=\/wp\/v2\/posts\/27149","targetHints":{"allow":["GET"]}}],"collection":[{"href":"https:\/\/noticiasveraces.com\/index.php?rest_route=\/wp\/v2\/posts"}],"about":[{"href":"https:\/\/noticiasveraces.com\/index.php?rest_route=\/wp\/v2\/types\/post"}],"author":[{"embeddable":true,"href":"https:\/\/noticiasveraces.com\/index.php?rest_route=\/wp\/v2\/users\/1"}],"replies":[{"embeddable":true,"href":"https:\/\/noticiasveraces.com\/index.php?rest_route=%2Fwp%2Fv2%2Fcomments&post=27149"}],"version-history":[{"count":0,"href":"https:\/\/noticiasveraces.com\/index.php?rest_route=\/wp\/v2\/posts\/27149\/revisions"}],"wp:featuredmedia":[{"embeddable":true,"href":"https:\/\/noticiasveraces.com\/index.php?rest_route=\/wp\/v2\/media\/27150"}],"wp:attachment":[{"href":"https:\/\/noticiasveraces.com\/index.php?rest_route=%2Fwp%2Fv2%2Fmedia&parent=27149"}],"wp:term":[{"taxonomy":"category","embeddable":true,"href":"https:\/\/noticiasveraces.com\/index.php?rest_route=%2Fwp%2Fv2%2Fcategories&post=27149"},{"taxonomy":"post_tag","embeddable":true,"href":"https:\/\/noticiasveraces.com\/index.php?rest_route=%2Fwp%2Fv2%2Ftags&post=27149"}],"curies":[{"name":"wp","href":"https:\/\/api.w.org\/{rel}","templated":true}]}}