{"id":27146,"date":"2025-05-13T18:48:48","date_gmt":"2025-05-13T22:48:48","guid":{"rendered":"https:\/\/noticiasveraces.com\/?p=27146"},"modified":"2025-05-13T18:48:48","modified_gmt":"2025-05-13T22:48:48","slug":"autodeclarado-rey-de-alemania-peter-fitzek-arrestado-en-el-estado-de-golpe-de-reichsburger","status":"publish","type":"post","link":"https:\/\/noticiasveraces.com\/?p=27146","title":{"rendered":"Autodeclarado &#8216;Rey de Alemania&#8217; Peter Fitzek arrestado en el estado de golpe de reichsb\u00fcrger"},"content":{"rendered":"<p> \n<\/p>\n<div>\n<p class=\"speakable\">El autodenominado \u00abrey\u00bb de Alemania y tres de sus \u00absujetos\u00bb senior fueron arrestados por intentar derrocar al estado, seg\u00fan informes de los medios. <\/p>\n<p class=\"speakable\">Peter Fitzek, de 59 a\u00f1os, fue puesto bajo custodia policial durante las redadas de la ma\u00f1ana realizadas el martes en siete estados alemanes, inform\u00f3 la BBC. <\/p>\n<p>El grupo de Fitzek, el Reichsb\u00fcrger, o \u00abciudadanos del Reich\u00bb, tambi\u00e9n ha sido prohibido por el gobierno. <\/p>\n<p><strong><u>Trump celebra la victoria del Partido Conservador en Alemania<\/u><\/strong><\/p>\n<div class=\"image-ct inline\">\n<div class=\"m\"><picture><source media=\"(max-width: 767px)\" srcset=\"https:\/\/a57.foxnews.com\/static.foxnews.com\/foxnews.com\/content\/uploads\/2025\/05\/343\/192\/germany.jpg?ve=1&amp;tl=1, https:\/\/a57.foxnews.com\/static.foxnews.com\/foxnews.com\/content\/uploads\/2025\/05\/686\/384\/germany.jpg?ve=1&amp;tl=1 2x\" height=\"192\" width=\"343\"><source media=\"(min-width: 768px) and (max-width: 1023px)\" srcset=\"https:\/\/a57.foxnews.com\/static.foxnews.com\/foxnews.com\/content\/uploads\/2025\/05\/672\/378\/germany.jpg?ve=1&amp;tl=1, https:\/\/a57.foxnews.com\/static.foxnews.com\/foxnews.com\/content\/uploads\/2025\/05\/1344\/756\/germany.jpg?ve=1&amp;tl=1 2x\" height=\"378\" width=\"672\"><source media=\"(min-width: 1024px) and (max-width: 1279px)\" srcset=\"https:\/\/a57.foxnews.com\/static.foxnews.com\/foxnews.com\/content\/uploads\/2025\/05\/931\/523\/germany.jpg?ve=1&amp;tl=1, https:\/\/a57.foxnews.com\/static.foxnews.com\/foxnews.com\/content\/uploads\/2025\/05\/1862\/1046\/germany.jpg?ve=1&amp;tl=1 2x\" height=\"523\" width=\"931\"><source media=\"(min-width: 1280px)\" srcset=\"https:\/\/a57.foxnews.com\/static.foxnews.com\/foxnews.com\/content\/uploads\/2025\/05\/720\/405\/germany.jpg?ve=1&amp;tl=1, https:\/\/a57.foxnews.com\/static.foxnews.com\/foxnews.com\/content\/uploads\/2025\/05\/1440\/810\/germany.jpg?ve=1&amp;tl=1 2x\" height=\"405\" width=\"720\"><img loading=\"lazy\" decoding=\"async\" src=\"https:\/\/a57.foxnews.com\/static.foxnews.com\/foxnews.com\/content\/uploads\/2025\/05\/1200\/675\/germany.jpg?ve=1&amp;tl=1\" alt=\"Peter Fitzek doblando un folleto\" width=\"1200\" height=\"675\"\/><\/source><\/source><\/source><\/source><\/picture><\/div>\n<div class=\"info\">\n<div class=\"caption\">\n<p><span>Peter Fitzek, el autoproclamado jefe del llamado \u00abReino de Alemania\u00bb, posa para una foto con la constituci\u00f3n del reino en Wittenberg, Alemania, el 23 de octubre de 2023.  <\/span> <span>(Jens Schwetter \/ AFP a trav\u00e9s de im\u00e1genes Gety)<\/span><\/p>\n<\/div>\n<\/div>\n<\/div>\n<p>El objetivo del grupo es establecer el K\u00f6nigreich Deutschland, o \u00abReino de Alemania\u00bb.<\/p>\n<p>\u00abNo tengo inter\u00e9s en ser parte de este sistema fascista y sat\u00e1nico\u00bb, dijo Fitzek previamente al medio de comunicaci\u00f3n en una entrevista de 2022.<\/p>\n<p>Seg\u00fan los informes, Reichsb\u00fcrgers tiene su propia moneda, bandera e tarjetas de identificaci\u00f3n y desean establecer sistemas de banca y salud separados.<\/p>\n<p>El Reichsb\u00fcrger socav\u00f3 \u00abel estado de derecho\u00bb, dijo Alexander Dobrindt, ministro de interiores de Alemania, creando un estado alternativo y difundiendo \u00abnarrativas de conspiraci\u00f3n antisemita para respaldar su supuesto reclamo de autoridad\u00bb, dice el informe de noticias. <\/p>\n<p><strong><u>El nuevo l\u00edder de Alemania busca distanciarse de Europa desde Trump<\/u><\/strong><\/p>\n<div class=\"image-ct inline\">\n<div class=\"m\"><picture><source media=\"(max-width: 767px)\" srcset=\"https:\/\/a57.foxnews.com\/static.foxnews.com\/foxnews.com\/content\/uploads\/2025\/05\/343\/192\/germany1.jpg?ve=1&amp;tl=1, https:\/\/a57.foxnews.com\/static.foxnews.com\/foxnews.com\/content\/uploads\/2025\/05\/686\/384\/germany1.jpg?ve=1&amp;tl=1 2x\" height=\"192\" width=\"343\"><source media=\"(min-width: 768px) and (max-width: 1023px)\" srcset=\"https:\/\/a57.foxnews.com\/static.foxnews.com\/foxnews.com\/content\/uploads\/2025\/05\/672\/378\/germany1.jpg?ve=1&amp;tl=1, https:\/\/a57.foxnews.com\/static.foxnews.com\/foxnews.com\/content\/uploads\/2025\/05\/1344\/756\/germany1.jpg?ve=1&amp;tl=1 2x\" height=\"378\" width=\"672\"><source media=\"(min-width: 1024px) and (max-width: 1279px)\" srcset=\"https:\/\/a57.foxnews.com\/static.foxnews.com\/foxnews.com\/content\/uploads\/2025\/05\/931\/523\/germany1.jpg?ve=1&amp;tl=1, https:\/\/a57.foxnews.com\/static.foxnews.com\/foxnews.com\/content\/uploads\/2025\/05\/1862\/1046\/germany1.jpg?ve=1&amp;tl=1 2x\" height=\"523\" width=\"931\"><source media=\"(min-width: 1280px)\" srcset=\"https:\/\/a57.foxnews.com\/static.foxnews.com\/foxnews.com\/content\/uploads\/2025\/05\/720\/405\/germany1.jpg?ve=1&amp;tl=1, https:\/\/a57.foxnews.com\/static.foxnews.com\/foxnews.com\/content\/uploads\/2025\/05\/1440\/810\/germany1.jpg?ve=1&amp;tl=1 2x\" height=\"405\" width=\"720\"><img loading=\"lazy\" decoding=\"async\" src=\"https:\/\/a57.foxnews.com\/static.foxnews.com\/foxnews.com\/content\/uploads\/2025\/05\/1200\/675\/germany1.jpg?ve=1&amp;tl=1\" alt=\"Moneda alemana falsa\" width=\"1200\" height=\"675\"\/><\/source><\/source><\/source><\/source><\/picture><\/div>\n<div class=\"info\">\n<div class=\"caption\">\n<p><span>Peter Fitzek, el autoproclamado jefe del llamado \u00abReino de Alemania\u00bb, muestra el papel moneda que se cre\u00f3 en Wittenberg, Alemania, el 23 de octubre de 2023. <\/span> <span>(Jens Schuter \/ AFP)<\/span><\/p>\n<\/div>\n<\/div>\n<\/div>\n<p>Dijo que el grupo se financia a trav\u00e9s del crimen. <\/p>\n<p>Fitzek, quien afirma tener miles de \u00absujetos\u00bb, neg\u00f3 tener intenciones violentas, pero tambi\u00e9n llam\u00f3 a Alemania \u00abdestructiva y enferma\u00bb.<\/p>\n<p>En 2022, docenas de personas asociadas con el Reichsb\u00fcrger fueron arrestados por conspirar para derrocar al gobierno alem\u00e1n en Berl\u00edn. Seg\u00fan la BBC, fueron acusados \u200b\u200bde planificar un golpe violento, que inclu\u00eda secuestrar al ministro de salud en un esfuerzo por crear \u00abcondiciones de guerra civil\u00bb para derribar la democracia alemana. <\/p>\n<div class=\"image-ct inline\">\n<div class=\"m\"><picture><source media=\"(max-width: 767px)\" srcset=\"https:\/\/a57.foxnews.com\/static.foxnews.com\/foxnews.com\/content\/uploads\/2025\/05\/343\/192\/germany2.jpg?ve=1&amp;tl=1, https:\/\/a57.foxnews.com\/static.foxnews.com\/foxnews.com\/content\/uploads\/2025\/05\/686\/384\/germany2.jpg?ve=1&amp;tl=1 2x\" height=\"192\" width=\"343\"><source media=\"(min-width: 768px) and (max-width: 1023px)\" srcset=\"https:\/\/a57.foxnews.com\/static.foxnews.com\/foxnews.com\/content\/uploads\/2025\/05\/672\/378\/germany2.jpg?ve=1&amp;tl=1, https:\/\/a57.foxnews.com\/static.foxnews.com\/foxnews.com\/content\/uploads\/2025\/05\/1344\/756\/germany2.jpg?ve=1&amp;tl=1 2x\" height=\"378\" width=\"672\"><source media=\"(min-width: 1024px) and (max-width: 1279px)\" srcset=\"https:\/\/a57.foxnews.com\/static.foxnews.com\/foxnews.com\/content\/uploads\/2025\/05\/931\/523\/germany2.jpg?ve=1&amp;tl=1, https:\/\/a57.foxnews.com\/static.foxnews.com\/foxnews.com\/content\/uploads\/2025\/05\/1862\/1046\/germany2.jpg?ve=1&amp;tl=1 2x\" height=\"523\" width=\"931\"><source media=\"(min-width: 1280px)\" srcset=\"https:\/\/a57.foxnews.com\/static.foxnews.com\/foxnews.com\/content\/uploads\/2025\/05\/720\/405\/germany2.jpg?ve=1&amp;tl=1, https:\/\/a57.foxnews.com\/static.foxnews.com\/foxnews.com\/content\/uploads\/2025\/05\/1440\/810\/germany2.jpg?ve=1&amp;tl=1 2x\" height=\"405\" width=\"720\"><img loading=\"lazy\" decoding=\"async\" src=\"https:\/\/a57.foxnews.com\/static.foxnews.com\/foxnews.com\/content\/uploads\/2025\/05\/1200\/675\/germany2.jpg?ve=1&amp;tl=1\" alt=\"Pasaportes e ID hechos por un hombre alem\u00e1n acusado de tratar de derrocar al estado\" width=\"1200\" height=\"675\"\/><\/source><\/source><\/source><\/source><\/picture><\/div>\n<div class=\"info\">\n<div class=\"caption\">\n<p><span>Los documentos de identidad y banca hechos a s\u00ed mismos del llamado \u00abReino de Alemania\u00bb se muestran en Wittenberg, Alemania, el 23 de octubre de 2023.<\/span> <span>(Jens Schwetter \/ AFP a trav\u00e9s de im\u00e1genes Gety)<\/span><\/p>\n<\/div>\n<\/div>\n<\/div>\n<p><strong><u>Haga clic aqu\u00ed para obtener la aplicaci\u00f3n Fox News<\/u><\/strong> <\/p>\n<p>Una vez desestimado como exc\u00e9ntrico por los cr\u00edticos, el grupo ahora se ve en Alemania como una amenaza grave a medida que la extrema derecha ha crecido pol\u00edticamente durante la \u00faltima d\u00e9cada, seg\u00fan el informe. <\/p>\n<p> <!----> <\/div>\n\n","protected":false},"excerpt":{"rendered":"<p>El autodenominado \u00abrey\u00bb de Alemania y tres de sus \u00absujetos\u00bb senior fueron arrestados por intentar derrocar al estado, seg\u00fan informes de los medios. Peter Fitzek, de 59 a\u00f1os, fue puesto bajo custodia policial durante las redadas de la ma\u00f1ana realizadas el martes en siete estados alemanes, inform\u00f3 la BBC. El grupo de Fitzek, el Reichsb\u00fcrger, &hellip;<\/p>\n","protected":false},"author":1,"featured_media":27148,"comment_status":"open","ping_status":"open","sticky":false,"template":"","format":"standard","meta":{"fifu_image_url":"https:\/\/static.foxnews.com\/foxnews.com\/content\/uploads\/2025\/05\/germany.jpg","fifu_image_alt":"","footnotes":""},"categories":[13],"tags":[],"class_list":["post-27146","post","type-post","status-publish","format-standard","has-post-thumbnail","","category-mundo"],"_links":{"self":[{"href":"https:\/\/noticiasveraces.com\/index.php?rest_route=\/wp\/v2\/posts\/27146","targetHints":{"allow":["GET"]}}],"collection":[{"href":"https:\/\/noticiasveraces.com\/index.php?rest_route=\/wp\/v2\/posts"}],"about":[{"href":"https:\/\/noticiasveraces.com\/index.php?rest_route=\/wp\/v2\/types\/post"}],"author":[{"embeddable":true,"href":"https:\/\/noticiasveraces.com\/index.php?rest_route=\/wp\/v2\/users\/1"}],"replies":[{"embeddable":true,"href":"https:\/\/noticiasveraces.com\/index.php?rest_route=%2Fwp%2Fv2%2Fcomments&post=27146"}],"version-history":[{"count":0,"href":"https:\/\/noticiasveraces.com\/index.php?rest_route=\/wp\/v2\/posts\/27146\/revisions"}],"wp:featuredmedia":[{"embeddable":true,"href":"https:\/\/noticiasveraces.com\/index.php?rest_route=\/wp\/v2\/media\/27148"}],"wp:attachment":[{"href":"https:\/\/noticiasveraces.com\/index.php?rest_route=%2Fwp%2Fv2%2Fmedia&parent=27146"}],"wp:term":[{"taxonomy":"category","embeddable":true,"href":"https:\/\/noticiasveraces.com\/index.php?rest_route=%2Fwp%2Fv2%2Fcategories&post=27146"},{"taxonomy":"post_tag","embeddable":true,"href":"https:\/\/noticiasveraces.com\/index.php?rest_route=%2Fwp%2Fv2%2Ftags&post=27146"}],"curies":[{"name":"wp","href":"https:\/\/api.w.org\/{rel}","templated":true}]}}