{"id":27144,"date":"2025-05-13T17:44:37","date_gmt":"2025-05-13T21:44:37","guid":{"rendered":"https:\/\/noticiasveraces.com\/?p=27144"},"modified":"2025-05-13T17:44:37","modified_gmt":"2025-05-13T21:44:37","slug":"lideres-mundiales-lamentan-la-muerte-de-jose-pepe-mujica-dw-13-05-2025","status":"publish","type":"post","link":"https:\/\/noticiasveraces.com\/?p=27144","title":{"rendered":"L\u00edderes mundiales lamentan la muerte de Jos\u00e9 \u00abPepe\u00bb Mujica \u2013 DW \u2013 13\/05\/2025"},"content":{"rendered":"<p> \n<\/p>\n<div>\n<p>\u00abGran\u00a0 amigo\u00bb, \u00abviejo querido\u00bb, \u00abejemplo\u00bb. Uruguay y l\u00edderes pol\u00edticos mundiales lloraron la muerte este martes (13.05.2025) del expresidente uruguayo Jos\u00e9 \u00abPepe\u00bb Mujica a los 89 a\u00f1os v\u00edctima de un c\u00e1ncer.<\/p>\n<p>\u00abCon profundo dolor comunicamos que falleci\u00f3 nuestro compa\u00f1ero Pepe Mujica. Presidente, militante, referente y conductor. Te vamos a extra\u00f1ar mucho viejo querido. Gracias por todo lo que nos diste y por tu profundo amor por tu pueblo\u00bb, indic\u00f3 el actual mandatario de Uruguay, Yamand\u00fa Orsi,\u00a0en la red social X.<\/p>\n<blockquote class=\"tweet embed\" data-id=\"1922369763457593477\"\/>\n<p>\u00abAnte la muerte del expresidente Jos\u00e9 Mujica, mi respeto y saludo a su partido pol\u00edtico, a su gente y su compa\u00f1era de vida\u00bb, expres\u00f3 el exmandatario uruguayo Luis Lacalle Pou en la misma plataforma.<\/p>\n<blockquote class=\"tweet embed\" data-id=\"1922379614266990625\"\/>\n<p>Mujica fue \u00abuno de los principales art\u00edfices de la integraci\u00f3n de Am\u00e9rica del Sur y Am\u00e9rica Latina, y sobre todo uno de los humanistas m\u00e1s importantes de nuestra \u00e9poca\u00bb, se\u00f1al\u00f3 Brasil a trav\u00e9s de un comunicado del Ministerio de Relaciones Exteriores.<\/p>\n<p>El presidente chileno Gabriel Boric escribi\u00f3: \u00abPepe querido, te imagino partiendo preocupado por la ensalada amarga que hay hoy en el mundo. Pero si algo nos dejaste fue la esperanza incombustible de que es posible hacer las cosas mejor\u00bb.<\/p>\n<p>\u00abTe vas f\u00edsicamente pero te quedas para siempre. Te prometo que el olivo que plantamos en febrero en tu chacra florecer\u00e1\u00bb, sostuvo el mandatario chileno, que fue uno de los \u00faltimos dignatarios extranjeros en visitar a Mujica en Montevideo.<\/p>\n<blockquote class=\"tweet embed\" data-id=\"1922394149673959481\"\/>\n<p>El tambi\u00e9n exguerrillero Gustavo Petro, primer presidente de izquierda de Colombia, lo calific\u00f3 de \u00abgran revolucionario\u00bb. \u00abAdi\u00f3s amigo\u00bb, dijo Petro.<\/p>\n<blockquote class=\"tweet embed\" data-id=\"1922377953868197904\"\/>\n<p>El exl\u00edder uruguayo fue un \u00abejemplo para Am\u00e9rica Latina y el mundo entero por la sabidur\u00eda, pensamiento y sencillez que lo caracterizaron\u00bb, afirm\u00f3 la presidenta de M\u00e9xico, Claudia Sheinbaum. \u00abExternamos nuestra tristeza y p\u00e9same a familiares, amigos y al pueblo de Uruguay\u00bb.<\/p>\n<blockquote class=\"tweet embed\" data-id=\"1922382119407403212\"\/>\n<p>\u00abUn mundo mejor. En eso crey\u00f3, milit\u00f3 y vivi\u00f3 Pepe Mujica. La pol\u00edtica cobra sentido cuando se vive as\u00ed, desde el coraz\u00f3n\u00bb,\u00a0manifest\u00f3 por su parte el presidente del gobierno espa\u00f1ol Pedro S\u00e1nchez.<\/p>\n<blockquote class=\"tweet embed\" data-id=\"1922377039689969923\"\/>\n<p>RR AFP\/EFE\/X<\/p>\n<\/div>\n\n","protected":false},"excerpt":{"rendered":"<p>\u00abGran\u00a0 amigo\u00bb, \u00abviejo querido\u00bb, \u00abejemplo\u00bb. Uruguay y l\u00edderes pol\u00edticos mundiales lloraron la muerte este martes (13.05.2025) del expresidente uruguayo Jos\u00e9 \u00abPepe\u00bb Mujica a los 89 a\u00f1os v\u00edctima de un c\u00e1ncer. \u00abCon profundo dolor comunicamos que falleci\u00f3 nuestro compa\u00f1ero Pepe Mujica. Presidente, militante, referente y conductor. Te vamos a extra\u00f1ar mucho viejo querido. Gracias por todo &hellip;<\/p>\n","protected":false},"author":1,"featured_media":27145,"comment_status":"open","ping_status":"open","sticky":false,"template":"","format":"standard","meta":{"fifu_image_url":"https:\/\/static.dw.com\/image\/72533186_6.jpg","fifu_image_alt":"","footnotes":""},"categories":[13],"tags":[],"class_list":["post-27144","post","type-post","status-publish","format-standard","has-post-thumbnail","","category-mundo"],"_links":{"self":[{"href":"https:\/\/noticiasveraces.com\/index.php?rest_route=\/wp\/v2\/posts\/27144","targetHints":{"allow":["GET"]}}],"collection":[{"href":"https:\/\/noticiasveraces.com\/index.php?rest_route=\/wp\/v2\/posts"}],"about":[{"href":"https:\/\/noticiasveraces.com\/index.php?rest_route=\/wp\/v2\/types\/post"}],"author":[{"embeddable":true,"href":"https:\/\/noticiasveraces.com\/index.php?rest_route=\/wp\/v2\/users\/1"}],"replies":[{"embeddable":true,"href":"https:\/\/noticiasveraces.com\/index.php?rest_route=%2Fwp%2Fv2%2Fcomments&post=27144"}],"version-history":[{"count":0,"href":"https:\/\/noticiasveraces.com\/index.php?rest_route=\/wp\/v2\/posts\/27144\/revisions"}],"wp:featuredmedia":[{"embeddable":true,"href":"https:\/\/noticiasveraces.com\/index.php?rest_route=\/wp\/v2\/media\/27145"}],"wp:attachment":[{"href":"https:\/\/noticiasveraces.com\/index.php?rest_route=%2Fwp%2Fv2%2Fmedia&parent=27144"}],"wp:term":[{"taxonomy":"category","embeddable":true,"href":"https:\/\/noticiasveraces.com\/index.php?rest_route=%2Fwp%2Fv2%2Fcategories&post=27144"},{"taxonomy":"post_tag","embeddable":true,"href":"https:\/\/noticiasveraces.com\/index.php?rest_route=%2Fwp%2Fv2%2Ftags&post=27144"}],"curies":[{"name":"wp","href":"https:\/\/api.w.org\/{rel}","templated":true}]}}