{"id":27109,"date":"2025-05-13T14:40:21","date_gmt":"2025-05-13T18:40:21","guid":{"rendered":"https:\/\/noticiasveraces.com\/?p=27109"},"modified":"2025-05-13T14:40:21","modified_gmt":"2025-05-13T18:40:21","slug":"los-grandes-desafios-del-papa-leon-xiv-dw-13-05-2025","status":"publish","type":"post","link":"https:\/\/noticiasveraces.com\/?p=27109","title":{"rendered":"Los grandes desaf\u00edos del papa Le\u00f3n XIV \u2013 DW \u2013 13\/05\/2025"},"content":{"rendered":"<p> \n<\/p>\n<div>\n<p>El c\u00f3nclave eligi\u00f3 con sorprendente rapidez al cardenal Robert Prevost, de 69 a\u00f1os<em>,<\/em> como 267\u00ba papa de la historia de la Iglesia cat\u00f3lica. Prevost, nacido en Estados Unidos y peruano por elecci\u00f3n, es un cosmopolita que domina varios idiomas. Incluso salud\u00f3 en espa\u00f1ol a \u00absu querida di\u00f3cesis de Chiclayo, en Per\u00fa\u00bb.<\/p>\n<p>En su primer discurso p\u00fablico tras el c\u00f3nclave, el papa Le\u00f3n XIV us\u00f3 diez veces la palabra \u00abpaz\u00bb, m\u00e1s que ning\u00fan otro sustantivo. A m\u00e1s tardar cuando djo: \u00abEsta es la paz de Cristo Resucitado: una paz desarmada y desarmante, humilde y perseverante\u00bb, las referencias al presente eran obvias. \u00ab\u00a1El mal no vencer\u00e1! Todos estamos en las manos de Dios\u00bb. A eso sigui\u00f3 la imagen del puente, de construir puentes.<\/p>\n<p>El cardenal muniqu\u00e9s Reinhard Marx, de\u00a0 71 a\u00f1os, quien\u00a0particip\u00f3 en la elecci\u00f3n,\u00a0cont\u00f3 a DW: \u00abA m\u00ed me dicen los obispos estadounidenses que, en realidad, lo perciben como latinoamericano. \u00c9l es, m\u00e1s bien, para ellos tambi\u00e9n uno de ESE lado\u00bb.<\/p>\n<figure class=\"placeholder-image master_landscape big\"><img data-format=\"MASTER_LANDSCAPE\" data-id=\"72490676\" data-url=\"https:\/\/static.dw.com\/image\/72490676_${formatId}.jpg\" data-aspect-ratio=\"16\/9\" alt=\"Le\u00f3n XIV celebrando su primera misa como papa, el 9 de mayo en la Capilla Sixtina.\" style=\"padding-bottom: 56.25%; height: 0; max-height: 0;\"\/><figcaption class=\"img-caption\">Le\u00f3n XIV en su primera misa como papa, el 9 de mayo de 2025, en la Capilla Sixtina.<small class=\"copyright\">Imagen: Simone Resoluti\/Vatican Media\/Handoutreuters<\/small><\/figcaption><\/figure>\n<p>Este quiz\u00e1s sea el mayor logro de este c\u00f3nclave papal: que el sumo pont\u00edfice de m\u00e1s de 1.400 millones de miembros de la Iglesia Cat\u00f3lica Apost\u00f3lica Romana es, de repente, un estadounidense. Esto significa que el presidente de Estados Unidos, que se considera al menos el hombre m\u00e1s poderoso del mundo, se enfrenta a un hombre quiz\u00e1s a\u00fan m\u00e1s poderoso, con redes globales.<\/p>\n<p>\u00bfC\u00f3mo ser\u00e1 la relaci\u00f3n entre el presidente estadounidense, Donald Trump, y el papa Le\u00f3n XIV? Para Marx, las declaraciones de quien fuera hasta hace poco el cardenal Prevost \u00abno fueron todas para alegr\u00eda del presidente\u00bb. Pero, como papa, Prevost \u00abseguro que no querr\u00e1 provocar\u00bb. Depende de lo que haga el presidente. Le\u00f3n XIV ser\u00e1, en cualquier caso, libre. \u00abNo es, de seguro, un hombre que diga: &#8216;Vengo de Estados Unidos y por eso no tomar\u00e9 una posici\u00f3n clara y libre'\u00bb.<\/p>\n<h2>Prevost contradijo a Trump y a Vance<\/h2>\n<p>Y eso es lo que hizo el ahora papa ya como cardenal. Al contrario de la mayor\u00eda de los obispos y cardenales estadounidenses, en sus pocas publicaciones en la red X (antes Twitter), se opuso p\u00fablicamente a Trump y a su vicepresidente, J.D. Vance.<\/p>\n<p>Prevost defendi\u00f3 varias veces las posturas del papa Francisco y de la Iglesia cat\u00f3lica en cuanto a pol\u00edtica migratoria y a la lucha contra el cambio clim\u00e1tico como responsabilidad por la creaci\u00f3n. Y recomend\u00f3 expl\u00edcitamente que Trump -a quien le gusta colocar tales ideas en el caj\u00f3n de la \u00abizquierda radical\u00bb- leyera el discurso de 2015 de Francisco sobre la responsabilidad ecol\u00f3gica, <em>Laudato si<\/em> (\u00abAlabado seas\u00bb).<\/p>\n<blockquote class=\"tweet embed\" data-id=\"1886469097560719594\"\/>\n<p>Hace apenas unas semanas, Robert Prevost asegur\u00f3 que el vicepresidente estadounidense \u00abJ. D. Vance est\u00e1 equivocado\u00bb. Esto es interesante porque Vance, que se convirti\u00f3 al catolicismo hace unos a\u00f1os, quer\u00eda explicar a la Iglesia c\u00f3mo debe entenderse la caridad.<\/p>\n<p>El 18 de mayo ser\u00e1 un d\u00eda emocionante. Ese d\u00eda se celebrar\u00e1 la misa de inicio del Pontificado del papa Le\u00f3n XIV. Se espera la llegada de m\u00e1s de 200.000 fieles, y de decenas de representantes estatales y pol\u00edticos de alto nivel de todo el mundo.<\/p>\n<p>En Roma, aseguran la presencia de Donald Trump. Y entonces, Le\u00f3n XIV seguramente ser\u00e1 el papa latinoamericano que se confronte con su compatriota estadounidense. Una cosa parece segura: Le\u00f3n\u00a0XIV (de 69 a\u00f1os) gobernar\u00e1 m\u00e1s tiempo que Trump (de 78). Por cierto: a\u00fan no se sabe si el presidente ucraniano, Volodimir Zelenski, tambi\u00e9n estar\u00e1 en Roma.<\/p>\n<figure class=\"placeholder-image master_landscape big\"><img data-format=\"MASTER_LANDSCAPE\" data-id=\"72362387\" data-url=\"https:\/\/static.dw.com\/image\/72362387_${formatId}.jpg\" data-aspect-ratio=\"16\/9\" alt=\"El presidente estadounidense Trump y el presidente ucraniano Zelenski conversando en la Bas\u00edlica de San Pedro.\" style=\"padding-bottom: 56.25%; height: 0; max-height: 0;\"\/><figcaption class=\"img-caption\">Al margen del funeral del papa Francisco (26 de abril de 2025), el presidente estadounidense Trump y el presidente ucraniano Zelenski se reunieron para conversar en la Bas\u00edlica de San Pedro.<small class=\"copyright\">Imagen: servicio\/folleto de prensa presidencial ucraniana a trav\u00e9s de Reuters <\/small><\/figcaption><\/figure>\n<h2>Cuestiones de personal en la curia del Vaticano<\/h2>\n<p>Con la muerte de un papa termina el per\u00edodo de casi todos los cargos importantes en la curia. Le\u00f3n XIV confirm\u00f3 por ahora a todos en sus cargos, tambi\u00e9n a las religiosas nombradas tard\u00edamente por su predecesor para dirigir dos ministerios (dicasterios).<\/p>\n<p>Esto se aplica tambi\u00e9n para el n\u00famero dos del Vaticano, el italiano Pietro Parolin (70), cardenal secretario de Estado, y para el brit\u00e1nico Paul Richard Gallagher (71), secretario de la Santa Sede para las Relaciones con los Estados. Despu\u00e9s de todo, ambos son actores centrales de la diplomacia vaticana.<\/p>\n<p>A diferencia de su predecesor, Le\u00f3n XIV, que desde 2023 ocupa uno de los cargos m\u00e1s importantes de la curia, conoce a todas las personas y sus rostros (y probablemente tambi\u00e9n sus puntos d\u00e9biles). La imagen de \u00abconstruir puentes\u00bb que propuso en su primer discurso se refiere principalmente a la unidad de la Iglesia.<\/p>\n<p><span data-slot-id=\"Article_InContent-1\" class=\"rich-text-ad\"\/><\/p>\n<h2>\u00abUna Iglesia que crea di\u00e1logo\u00bb<\/h2>\n<p>Un aspecto ser\u00e1 muy importante para Le\u00f3n XIV y tiene que ver con la elecci\u00f3n de su nombre. La reportera experta en el Vaticano In\u00e9s San Mart\u00edn cit\u00f3 al cardenal chileno Fernando Chomali, quien cont\u00f3 que, en una cena de cardenales luego del c\u00f3nclave, Le\u00f3n XIV le dijo que estaba \u00abmuy preocupado por los cambios culturales que vivimos, realmente una revoluci\u00f3n copernicana, inteligencia artificial, rob\u00f3tica y relaciones humanas\u00bb.\u00a0Y que, como el papa Le\u00f3n XIII (1878-1903), que \u00abimpuls\u00f3 un di\u00e1logo importante entre la Iglesia y el\u00a0mundo moderno\u00bb\u00a0en medio de la revoluci\u00f3n industrial, la Iglesia deber\u00eda cumplir con un papel importante en este momento actual de \u00abincertidumbre\u00bb.<\/p>\n<p>El nuevo papa seguramente viajar\u00e1 a \u00c1frica, Asia y Europa del Este. Tal vez su primer viaje sea a Turqu\u00eda, a finales de mayo. El jefe de la Iglesia ortodoxa, el patriarca ecum\u00e9nico Bartolom\u00e9 (85) expres\u00f3 en las exequias del papa Francisco su esperanza de volver a ver a Le\u00f3n XIV en Turqu\u00eda. A finales de mayo se celebrar\u00e1 en Iznik (Nicea), al sureste de Estambul, el 1.700 aniversario del inicio del Concilio de Nicea. Un aniversario que para mucha gente en Occidente no significa nada, pero que es de suma relevancia para el ecumenismo.<\/p>\n<figure class=\"placeholder-image master_landscape big\"><img data-format=\"MASTER_LANDSCAPE\" data-id=\"39071095\" data-url=\"https:\/\/static.dw.com\/image\/39071095_${formatId}.jpg\" data-aspect-ratio=\"16\/9\" alt=\"El papa Francisco y el patriarca Bartolom\u00e9 en Estambul. (Archivo).\" style=\"padding-bottom: 56.25%; height: 0; max-height: 0;\"\/><figcaption class=\"img-caption\">El papa Francisco y el patriarca Bartolom\u00e9 en Estambul en 2014.<small class=\"copyright\">Imagen: Picture Alliance\/DPA\/EPA\/T. Bozoglu<\/small><\/figcaption><\/figure>\n<h2>El tema de los abusos sexuales<\/h2>\n<p>A finales de marzo, la organizaci\u00f3n estadounidense \u00abSurvivors Network of Those Abused by Priests\u00bb (SNAP),\u00a0activa a nivel internacional, present\u00f3 una denuncia ante el Vaticano contra Prevost y otros cinco cardenales por encubrimiento. Tras la elecci\u00f3n papal, reiter\u00f3 sus cr\u00edticas.<\/p>\n<p>El pasado viernes (9.05.2025), el experto mundial en protecci\u00f3n infantil del Vaticano, Hans Zollner, manifest\u00f3 su sospecha de que detr\u00e1s de las acusaciones estaba la reaccionaria comunidad cat\u00f3lica Sodalicio de Vida Cristiana. El papa Francisco y Prevost, durante su estancia en Per\u00fa, tomaron medidas decisivas contra este grupo. A principios de 2025 fue prohibido por Francisco, en parte debido a numerosos casos de abuso.<\/p>\n<p>La organizaci\u00f3n internacional de v\u00edctimas de abusos Ending Clergy Abuse Global (ECA) pidi\u00f3 a Le\u00f3n XIV que contin\u00fae abordando los abusos e involucrando a las v\u00edctimas. El ejemplo actual refuerza la necesidad de escuchar las demandas de transparencia, investigaci\u00f3n independiente y participaci\u00f3n de los sobrevivientes.<\/p>\n<p>El papa Le\u00f3n XIV se enfrenta ahora a una decisi\u00f3n crucial: preservar un sistema quebrado, o guiar a la Iglesia hacia un futuro basado en la rendici\u00f3n de cuentas y en reformas impulsadas por los supervivientes. Este desaf\u00edo persistir\u00e1 por mucho tiempo.<\/p>\n<p>(CP\/RML)<\/p>\n<\/div>\n\n","protected":false},"excerpt":{"rendered":"<p>El c\u00f3nclave eligi\u00f3 con sorprendente rapidez al cardenal Robert Prevost, de 69 a\u00f1os, como 267\u00ba papa de la historia de la Iglesia cat\u00f3lica. Prevost, nacido en Estados Unidos y peruano por elecci\u00f3n, es un cosmopolita que domina varios idiomas. Incluso salud\u00f3 en espa\u00f1ol a \u00absu querida di\u00f3cesis de Chiclayo, en Per\u00fa\u00bb. En su primer discurso &hellip;<\/p>\n","protected":false},"author":1,"featured_media":27110,"comment_status":"open","ping_status":"open","sticky":false,"template":"","format":"standard","meta":{"fifu_image_url":"https:\/\/static.dw.com\/image\/72502352_6.jpg","fifu_image_alt":"","footnotes":""},"categories":[13],"tags":[],"class_list":["post-27109","post","type-post","status-publish","format-standard","has-post-thumbnail","","category-mundo"],"_links":{"self":[{"href":"https:\/\/noticiasveraces.com\/index.php?rest_route=\/wp\/v2\/posts\/27109","targetHints":{"allow":["GET"]}}],"collection":[{"href":"https:\/\/noticiasveraces.com\/index.php?rest_route=\/wp\/v2\/posts"}],"about":[{"href":"https:\/\/noticiasveraces.com\/index.php?rest_route=\/wp\/v2\/types\/post"}],"author":[{"embeddable":true,"href":"https:\/\/noticiasveraces.com\/index.php?rest_route=\/wp\/v2\/users\/1"}],"replies":[{"embeddable":true,"href":"https:\/\/noticiasveraces.com\/index.php?rest_route=%2Fwp%2Fv2%2Fcomments&post=27109"}],"version-history":[{"count":0,"href":"https:\/\/noticiasveraces.com\/index.php?rest_route=\/wp\/v2\/posts\/27109\/revisions"}],"wp:featuredmedia":[{"embeddable":true,"href":"https:\/\/noticiasveraces.com\/index.php?rest_route=\/wp\/v2\/media\/27110"}],"wp:attachment":[{"href":"https:\/\/noticiasveraces.com\/index.php?rest_route=%2Fwp%2Fv2%2Fmedia&parent=27109"}],"wp:term":[{"taxonomy":"category","embeddable":true,"href":"https:\/\/noticiasveraces.com\/index.php?rest_route=%2Fwp%2Fv2%2Fcategories&post=27109"},{"taxonomy":"post_tag","embeddable":true,"href":"https:\/\/noticiasveraces.com\/index.php?rest_route=%2Fwp%2Fv2%2Ftags&post=27109"}],"curies":[{"name":"wp","href":"https:\/\/api.w.org\/{rel}","templated":true}]}}