{"id":27101,"date":"2025-05-13T12:37:54","date_gmt":"2025-05-13T16:37:54","guid":{"rendered":"https:\/\/noticiasveraces.com\/?p=27101"},"modified":"2025-05-13T12:37:54","modified_gmt":"2025-05-13T16:37:54","slug":"arresto-realizado-despues-del-hogar-privado-del-primer-ministro-del-reino-unido-dirigido-al-fuego","status":"publish","type":"post","link":"https:\/\/noticiasveraces.com\/?p=27101","title":{"rendered":"Arresto realizado despu\u00e9s del hogar privado del primer ministro del Reino Unido dirigido al fuego"},"content":{"rendered":"<p> \n<\/p>\n<div>\n<p class=\"speakable\">La polic\u00eda brit\u00e1nica arrest\u00f3 a un sospechoso de 21 a\u00f1os el martes despu\u00e9s de que la casa privada de Londres del primer ministro del Reino Unido Keir Starmer fue atacado por un incendio \u00absospechoso\u00bb, seg\u00fan los informes. <\/p>\n<p class=\"speakable\">La polic\u00eda metropolitana dijo que el sospechoso fue detenido bajo sospecha de incendio provocado con la intenci\u00f3n de poner en peligro la vida un d\u00eda despu\u00e9s de que un incendio temprano en la ma\u00f1ana da\u00f1\u00f3 la puerta de la casa donde Starmer y su familia vivieron antes de ser elegido para liderar el pa\u00eds, seg\u00fan Associated Press. <\/p>\n<p>\u00abComo precauci\u00f3n y debido a que la propiedad tiene conexiones previas con una figura p\u00fablica de alto perfil, los oficiales del Comando contra el Terrorismo del Met est\u00e1n liderando la investigaci\u00f3n sobre este incendio. Las consultas est\u00e1n en curso para establecer qu\u00e9 lo caus\u00f3\u00bb, dijo la polic\u00eda de Met en un comunicado. <\/p>\n<p>La polic\u00eda dijo que el arresto tambi\u00e9n se refiere a otros dos incendios que pueden estar vinculados: un incendio de veh\u00edculos cerca de la casa de Starmer el domingo y un incendio en una puerta del 8 de mayo en una propiedad en otra parte del norte de Londres. La segunda propiedad es una casa convertida en apartamentos y tambi\u00e9n est\u00e1 vinculada a Starmer. <\/p>\n<p><strong>La polic\u00eda brit\u00e1nica investiga el fuego en la casa de Londres del primer ministro Keir Starmer<\/strong><strong> <\/strong><\/p>\n<div class=\"image-ct inline\">\n<div class=\"m\"><picture><source media=\"(max-width: 767px)\" srcset=\"https:\/\/a57.foxnews.com\/static.foxnews.com\/foxnews.com\/content\/uploads\/2025\/05\/343\/192\/starmer-house-fire-1.jpg?ve=1&amp;tl=1, https:\/\/a57.foxnews.com\/static.foxnews.com\/foxnews.com\/content\/uploads\/2025\/05\/686\/384\/starmer-house-fire-1.jpg?ve=1&amp;tl=1 2x\" height=\"192\" width=\"343\"><source media=\"(min-width: 768px) and (max-width: 1023px)\" srcset=\"https:\/\/a57.foxnews.com\/static.foxnews.com\/foxnews.com\/content\/uploads\/2025\/05\/672\/378\/starmer-house-fire-1.jpg?ve=1&amp;tl=1, https:\/\/a57.foxnews.com\/static.foxnews.com\/foxnews.com\/content\/uploads\/2025\/05\/1344\/756\/starmer-house-fire-1.jpg?ve=1&amp;tl=1 2x\" height=\"378\" width=\"672\"><source media=\"(min-width: 1024px) and (max-width: 1279px)\" srcset=\"https:\/\/a57.foxnews.com\/static.foxnews.com\/foxnews.com\/content\/uploads\/2025\/05\/931\/523\/starmer-house-fire-1.jpg?ve=1&amp;tl=1, https:\/\/a57.foxnews.com\/static.foxnews.com\/foxnews.com\/content\/uploads\/2025\/05\/1862\/1046\/starmer-house-fire-1.jpg?ve=1&amp;tl=1 2x\" height=\"523\" width=\"931\"><source media=\"(min-width: 1280px)\" srcset=\"https:\/\/a57.foxnews.com\/static.foxnews.com\/foxnews.com\/content\/uploads\/2025\/05\/720\/405\/starmer-house-fire-1.jpg?ve=1&amp;tl=1, https:\/\/a57.foxnews.com\/static.foxnews.com\/foxnews.com\/content\/uploads\/2025\/05\/1440\/810\/starmer-house-fire-1.jpg?ve=1&amp;tl=1 2x\" height=\"405\" width=\"720\"><img loading=\"lazy\" decoding=\"async\" src=\"https:\/\/a57.foxnews.com\/static.foxnews.com\/foxnews.com\/content\/uploads\/2025\/05\/1200\/675\/starmer-house-fire-1.jpg?ve=1&amp;tl=1\" alt=\"Fuego cerca de la casa del primer ministro del Reino Unido Keir Starmer\" width=\"1200\" height=\"675\"\/><\/source><\/source><\/source><\/source><\/picture><\/div>\n<div class=\"info\">\n<div class=\"caption\">\n<p><span>Se ve un cord\u00f3n policial en Kentish Town, cerca de la casa del primer ministro brit\u00e1nico, Keir Starmer, en el norte de Londres, el lunes 12 de mayo.<\/span> <span>(James Manning\/PA a trav\u00e9s de AP)<\/span><\/p>\n<\/div>\n<\/div>\n<\/div>\n<p>\u00abLos tres incendios est\u00e1n siendo tratados como sospechosos en este momento, y las consultas permanecen en curso\u00bb, dijo la polic\u00eda de Met. <\/p>\n<p>No se informaron lesiones de ninguno de los incendios. <\/p>\n<p>Starmer actualmente no vive en su casa privada. Desde que asumi\u00f3 el cargo en julio, Starmer ha vivido con su familia en la residencia oficial de Downing Street del primer ministro. <\/p>\n<p>El vecino Charles Grant le dijo a la AP que la polic\u00eda registr\u00f3 su patio el lunes y \u00abdijo que estaban buscando un proyectil\u00bb. <\/p>\n<p><strong>El oficial de polic\u00eda retirado del Reino Unido demanda despu\u00e9s de ser arrestado por la publicaci\u00f3n de &#8216;crimen de pensamiento&#8217; en las redes sociales<\/strong><strong> <\/strong><\/p>\n<div class=\"image-ct inline\">\n<div class=\"m\"><picture><source media=\"(max-width: 767px)\" srcset=\"https:\/\/a57.foxnews.com\/static.foxnews.com\/foxnews.com\/content\/uploads\/2025\/05\/343\/192\/starmer-house-fire-2.jpg?ve=1&amp;tl=1, https:\/\/a57.foxnews.com\/static.foxnews.com\/foxnews.com\/content\/uploads\/2025\/05\/686\/384\/starmer-house-fire-2.jpg?ve=1&amp;tl=1 2x\" height=\"192\" width=\"343\"><source media=\"(min-width: 768px) and (max-width: 1023px)\" srcset=\"https:\/\/a57.foxnews.com\/static.foxnews.com\/foxnews.com\/content\/uploads\/2025\/05\/672\/378\/starmer-house-fire-2.jpg?ve=1&amp;tl=1, https:\/\/a57.foxnews.com\/static.foxnews.com\/foxnews.com\/content\/uploads\/2025\/05\/1344\/756\/starmer-house-fire-2.jpg?ve=1&amp;tl=1 2x\" height=\"378\" width=\"672\"><source media=\"(min-width: 1024px) and (max-width: 1279px)\" srcset=\"https:\/\/a57.foxnews.com\/static.foxnews.com\/foxnews.com\/content\/uploads\/2025\/05\/931\/523\/starmer-house-fire-2.jpg?ve=1&amp;tl=1, https:\/\/a57.foxnews.com\/static.foxnews.com\/foxnews.com\/content\/uploads\/2025\/05\/1862\/1046\/starmer-house-fire-2.jpg?ve=1&amp;tl=1 2x\" height=\"523\" width=\"931\"><source media=\"(min-width: 1280px)\" srcset=\"https:\/\/a57.foxnews.com\/static.foxnews.com\/foxnews.com\/content\/uploads\/2025\/05\/720\/405\/starmer-house-fire-2.jpg?ve=1&amp;tl=1, https:\/\/a57.foxnews.com\/static.foxnews.com\/foxnews.com\/content\/uploads\/2025\/05\/1440\/810\/starmer-house-fire-2.jpg?ve=1&amp;tl=1 2x\" height=\"405\" width=\"720\"><img loading=\"lazy\" decoding=\"async\" src=\"https:\/\/a57.foxnews.com\/static.foxnews.com\/foxnews.com\/content\/uploads\/2025\/05\/1200\/675\/starmer-house-fire-2.jpg?ve=1&amp;tl=1\" alt=\"Polic\u00eda fuera de Keir Starmer's London Private Home\" width=\"1200\" height=\"675\"\/><\/source><\/source><\/source><\/source><\/picture><\/div>\n<div class=\"info\">\n<div class=\"caption\">\n<p><span>Los oficiales de apoyo de la comunidad policial se encuentran cerca de la puerta da\u00f1ada por el fuego de una casa que pertenece al primer ministro brit\u00e1nico Keir Starmer en Kentish Town en Londres, el martes 13 de mayo.<\/span> <span>(AP\/Kirsty Wigglesworth)<\/span><\/p>\n<\/div>\n<\/div>\n<\/div>\n<p>\u00abPor lo que otras personas me han dicho hoy, supo que alguien arroj\u00f3 una bomba de fuego en la casa de Keir Starmer\u00bb, dijo. <\/p>\n<p>El principal l\u00edder de la oposici\u00f3n, Kemi Badenoch, del Partido Conservador, lo calific\u00f3 como \u00abun incidente impactante\u00bb. <\/p>\n<p>\u00abNadie deber\u00eda enfrentar este tipo de amenazas, y mucho menos personas en el servicio p\u00fablico\u00bb, public\u00f3 en X. \u00abEs un ataque a nuestra democracia y nunca debe ser tolerado\u00bb. <\/p>\n<div class=\"image-ct inline\">\n<div class=\"m\"><picture><source media=\"(max-width: 767px)\" srcset=\"https:\/\/a57.foxnews.com\/static.foxnews.com\/foxnews.com\/content\/uploads\/2025\/05\/343\/192\/starmer-house-fire-3.jpg?ve=1&amp;tl=1, https:\/\/a57.foxnews.com\/static.foxnews.com\/foxnews.com\/content\/uploads\/2025\/05\/686\/384\/starmer-house-fire-3.jpg?ve=1&amp;tl=1 2x\" height=\"192\" width=\"343\"><source media=\"(min-width: 768px) and (max-width: 1023px)\" srcset=\"https:\/\/a57.foxnews.com\/static.foxnews.com\/foxnews.com\/content\/uploads\/2025\/05\/672\/378\/starmer-house-fire-3.jpg?ve=1&amp;tl=1, https:\/\/a57.foxnews.com\/static.foxnews.com\/foxnews.com\/content\/uploads\/2025\/05\/1344\/756\/starmer-house-fire-3.jpg?ve=1&amp;tl=1 2x\" height=\"378\" width=\"672\"><source media=\"(min-width: 1024px) and (max-width: 1279px)\" srcset=\"https:\/\/a57.foxnews.com\/static.foxnews.com\/foxnews.com\/content\/uploads\/2025\/05\/931\/523\/starmer-house-fire-3.jpg?ve=1&amp;tl=1, https:\/\/a57.foxnews.com\/static.foxnews.com\/foxnews.com\/content\/uploads\/2025\/05\/1862\/1046\/starmer-house-fire-3.jpg?ve=1&amp;tl=1 2x\" height=\"523\" width=\"931\"><source media=\"(min-width: 1280px)\" srcset=\"https:\/\/a57.foxnews.com\/static.foxnews.com\/foxnews.com\/content\/uploads\/2025\/05\/720\/405\/starmer-house-fire-3.jpg?ve=1&amp;tl=1, https:\/\/a57.foxnews.com\/static.foxnews.com\/foxnews.com\/content\/uploads\/2025\/05\/1440\/810\/starmer-house-fire-3.jpg?ve=1&amp;tl=1 2x\" height=\"405\" width=\"720\"><img loading=\"lazy\" decoding=\"async\" src=\"https:\/\/a57.foxnews.com\/static.foxnews.com\/foxnews.com\/content\/uploads\/2025\/05\/1200\/675\/starmer-house-fire-3.jpg?ve=1&amp;tl=1\" alt=\"La polic\u00eda investiga el incendio de Londres\" width=\"1200\" height=\"675\"\/><\/source><\/source><\/source><\/source><\/picture><\/div>\n<div class=\"info\">\n<div class=\"caption\">\n<p><span>Los oficiales de polic\u00eda buscan un contenedor de basura en Kentish Town, cerca de la Casa del Primer Ministro Brit\u00e1nico Keir Starmer en el norte de Londres, el lunes.<\/span> <span>(James Manning\/PA a trav\u00e9s de AP)<\/span><\/p>\n<\/div>\n<\/div>\n<\/div>\n<p><strong>Haga clic aqu\u00ed para obtener la aplicaci\u00f3n Fox News<\/strong><strong> <\/strong><\/p>\n<p>La casa de Starmer ha atra\u00eddo a los manifestantes en el pasado. El a\u00f1o pasado, tres activistas pro-palestinos fueron arrestados y acusados \u200b\u200bde delitos de orden p\u00fablico despu\u00e9s de desplegar una pancarta cubierta de huellas rojas fuera del edificio, inform\u00f3 la AP. <\/p>\n<p><i>Associated Press contribuy\u00f3 a este informe. <\/i><\/p>\n<p> <!----> <\/p>\n<div class=\"article-meta\">\n<div class=\"author-bio\">\n<p>Greg Norman es reportero de Fox News Digital.<\/p>\n<\/div>\n<\/div>\n<\/div>\n\n","protected":false},"excerpt":{"rendered":"<p>La polic\u00eda brit\u00e1nica arrest\u00f3 a un sospechoso de 21 a\u00f1os el martes despu\u00e9s de que la casa privada de Londres del primer ministro del Reino Unido Keir Starmer fue atacado por un incendio \u00absospechoso\u00bb, seg\u00fan los informes. La polic\u00eda metropolitana dijo que el sospechoso fue detenido bajo sospecha de incendio provocado con la intenci\u00f3n de &hellip;<\/p>\n","protected":false},"author":1,"featured_media":27103,"comment_status":"open","ping_status":"open","sticky":false,"template":"","format":"standard","meta":{"fifu_image_url":"https:\/\/static.foxnews.com\/foxnews.com\/content\/uploads\/2025\/05\/starmer-house-fire-1.jpg","fifu_image_alt":"","footnotes":""},"categories":[13],"tags":[],"class_list":["post-27101","post","type-post","status-publish","format-standard","has-post-thumbnail","","category-mundo"],"_links":{"self":[{"href":"https:\/\/noticiasveraces.com\/index.php?rest_route=\/wp\/v2\/posts\/27101","targetHints":{"allow":["GET"]}}],"collection":[{"href":"https:\/\/noticiasveraces.com\/index.php?rest_route=\/wp\/v2\/posts"}],"about":[{"href":"https:\/\/noticiasveraces.com\/index.php?rest_route=\/wp\/v2\/types\/post"}],"author":[{"embeddable":true,"href":"https:\/\/noticiasveraces.com\/index.php?rest_route=\/wp\/v2\/users\/1"}],"replies":[{"embeddable":true,"href":"https:\/\/noticiasveraces.com\/index.php?rest_route=%2Fwp%2Fv2%2Fcomments&post=27101"}],"version-history":[{"count":0,"href":"https:\/\/noticiasveraces.com\/index.php?rest_route=\/wp\/v2\/posts\/27101\/revisions"}],"wp:featuredmedia":[{"embeddable":true,"href":"https:\/\/noticiasveraces.com\/index.php?rest_route=\/wp\/v2\/media\/27103"}],"wp:attachment":[{"href":"https:\/\/noticiasveraces.com\/index.php?rest_route=%2Fwp%2Fv2%2Fmedia&parent=27101"}],"wp:term":[{"taxonomy":"category","embeddable":true,"href":"https:\/\/noticiasveraces.com\/index.php?rest_route=%2Fwp%2Fv2%2Fcategories&post=27101"},{"taxonomy":"post_tag","embeddable":true,"href":"https:\/\/noticiasveraces.com\/index.php?rest_route=%2Fwp%2Fv2%2Ftags&post=27101"}],"curies":[{"name":"wp","href":"https:\/\/api.w.org\/{rel}","templated":true}]}}