{"id":27095,"date":"2025-05-13T11:35:19","date_gmt":"2025-05-13T15:35:19","guid":{"rendered":"https:\/\/noticiasveraces.com\/?p=27095"},"modified":"2025-05-13T11:35:19","modified_gmt":"2025-05-13T15:35:19","slug":"pm-israeli-netanyahu-promete-usar-fuerza-completa-para-destruir-a-hamas-en-los-proximos-dias","status":"publish","type":"post","link":"https:\/\/noticiasveraces.com\/?p=27095","title":{"rendered":"PM israel\u00ed Netanyahu promete usar &#8216;Fuerza completa&#8217; para destruir a Hamas en los pr\u00f3ximos d\u00edas"},"content":{"rendered":"<p> \n<\/p>\n<div>\n<p class=\"speakable\">El primer ministro israel\u00ed, Benjamin Netanyahu, se comprometi\u00f3 el lunes a mudarse contra Hamas con \u00abtoda la fuerza\u00bb en los pr\u00f3ximos d\u00edas para \u00abcompletar\u00bb la lucha contra el grupo terrorista respaldado por Ir\u00e1n.<\/p>\n<p class=\"speakable\">Netanyahu hizo los comentarios sobre la guerra en Gaza mientras visitaba a los reservistas de las Fuerzas de Defensa de Israel.<\/p>\n<p>\u00abEn los pr\u00f3ximos d\u00edas, entramos con toda su fuerza para completar la operaci\u00f3n\u00bb, dijo Netanyahu. \u00abCompletar la operaci\u00f3n significa derrotar a Hamas. Significa destruir a Hamas\u00bb.<\/p>\n<p>Netanyahu dijo que eliminar a Hamas y liberar a los rehenes restantes que el grupo tomaron durante su ataque mortal el 7 de octubre de 2023, \u00abve de la mano\u00bb.<\/p>\n<p><strong>El reh\u00e9n estadounidense Edan Alexander es lanzado por Hamas despu\u00e9s de m\u00e1s de 580 d\u00edas en cautiverio<\/strong><\/p>\n<div class=\"image-ct inline\">\n<div class=\"m\"><picture><source media=\"(max-width: 767px)\" srcset=\"https:\/\/a57.foxnews.com\/static.foxnews.com\/foxnews.com\/content\/uploads\/2025\/05\/343\/192\/netanyahu.jpg?ve=1&amp;tl=1, https:\/\/a57.foxnews.com\/static.foxnews.com\/foxnews.com\/content\/uploads\/2025\/05\/686\/384\/netanyahu.jpg?ve=1&amp;tl=1 2x\" height=\"192\" width=\"343\"><source media=\"(min-width: 768px) and (max-width: 1023px)\" srcset=\"https:\/\/a57.foxnews.com\/static.foxnews.com\/foxnews.com\/content\/uploads\/2025\/05\/672\/378\/netanyahu.jpg?ve=1&amp;tl=1, https:\/\/a57.foxnews.com\/static.foxnews.com\/foxnews.com\/content\/uploads\/2025\/05\/1344\/756\/netanyahu.jpg?ve=1&amp;tl=1 2x\" height=\"378\" width=\"672\"><source media=\"(min-width: 1024px) and (max-width: 1279px)\" srcset=\"https:\/\/a57.foxnews.com\/static.foxnews.com\/foxnews.com\/content\/uploads\/2025\/05\/931\/523\/netanyahu.jpg?ve=1&amp;tl=1, https:\/\/a57.foxnews.com\/static.foxnews.com\/foxnews.com\/content\/uploads\/2025\/05\/1862\/1046\/netanyahu.jpg?ve=1&amp;tl=1 2x\" height=\"523\" width=\"931\"><source media=\"(min-width: 1280px)\" srcset=\"https:\/\/a57.foxnews.com\/static.foxnews.com\/foxnews.com\/content\/uploads\/2025\/05\/720\/405\/netanyahu.jpg?ve=1&amp;tl=1, https:\/\/a57.foxnews.com\/static.foxnews.com\/foxnews.com\/content\/uploads\/2025\/05\/1440\/810\/netanyahu.jpg?ve=1&amp;tl=1 2x\" height=\"405\" width=\"720\"><img loading=\"lazy\" decoding=\"async\" src=\"https:\/\/a57.foxnews.com\/static.foxnews.com\/foxnews.com\/content\/uploads\/2025\/05\/1200\/675\/netanyahu.jpg?ve=1&amp;tl=1\" alt=\"Primer Ministro israel\u00ed Benjamin Netanyahu Hablando\" width=\"1200\" height=\"675\"\/><\/source><\/source><\/source><\/source><\/picture><\/div>\n<div class=\"info\">\n<div class=\"caption\">\n<p><span>El primer ministro israel\u00ed, Benjamin Netanyahu, habla durante la ceremonia anual en la v\u00edspera del D\u00eda de Recuerdo de Israel para soldados ca\u00eddos (Yom Hazikaron) en el Yad Labanim Memorial en Jerusal\u00e9n el martes 29 de abril de 2025.<\/span> <span>(Abir Sultan\/Pool Photo a trav\u00e9s de AP)<\/span><\/p>\n<\/div>\n<\/div>\n<\/div>\n<p>\u00abEs posible que Hamas diga: &#8216;Tiempo de espera: queremos lanzar diez m\u00e1s [hostages]. &#8216; Bien, tr\u00e1elos. Los tomaremos, y luego entraremos \u00ab, dijo el primer ministro.\u00bb Pero no habr\u00e1 una situaci\u00f3n en la que detenemos la guerra. Puede haber un alto el fuego temporal, pero vamos hasta el final \u00ab.<\/p>\n<p>Con el lanzamiento de Hamas de rehenes estadounidenses israel\u00ed Edan Alexander el lunes, ahora hay 58 rehenes que ahora se llevan a cabo en Gaza. Los comentarios de Netanyahu llegaron justo antes de que Alexander fuera liberado.<\/p>\n<p><strong>Trump se relaciona con Netanyahu como la pol\u00edtica de Medio Oriente a\u00edsla cada vez m\u00e1s a Israel<\/strong><\/p>\n<p>El enviado especial de los Estados Unidos Adam Boehler y el enviado especial del Medio Oriente Steve Witkoff se reunieron con las familias de los rehenes durante casi dos horas en Tel Aviv el martes antes de viajar a Doha, Qatar, para unirse a las conversaciones sobre un posible alto el fuego en Gaza.<\/p>\n<div class=\"image-ct inline\">\n<div class=\"m\"><picture><source media=\"(max-width: 767px)\" srcset=\"https:\/\/a57.foxnews.com\/static.foxnews.com\/foxnews.com\/content\/uploads\/2025\/05\/343\/192\/boehler-witkoff-and-hostages-families.jpg?ve=1&amp;tl=1, https:\/\/a57.foxnews.com\/static.foxnews.com\/foxnews.com\/content\/uploads\/2025\/05\/686\/384\/boehler-witkoff-and-hostages-families.jpg?ve=1&amp;tl=1 2x\" height=\"192\" width=\"343\"><source media=\"(min-width: 768px) and (max-width: 1023px)\" srcset=\"https:\/\/a57.foxnews.com\/static.foxnews.com\/foxnews.com\/content\/uploads\/2025\/05\/672\/378\/boehler-witkoff-and-hostages-families.jpg?ve=1&amp;tl=1, https:\/\/a57.foxnews.com\/static.foxnews.com\/foxnews.com\/content\/uploads\/2025\/05\/1344\/756\/boehler-witkoff-and-hostages-families.jpg?ve=1&amp;tl=1 2x\" height=\"378\" width=\"672\"><source media=\"(min-width: 1024px) and (max-width: 1279px)\" srcset=\"https:\/\/a57.foxnews.com\/static.foxnews.com\/foxnews.com\/content\/uploads\/2025\/05\/931\/523\/boehler-witkoff-and-hostages-families.jpg?ve=1&amp;tl=1, https:\/\/a57.foxnews.com\/static.foxnews.com\/foxnews.com\/content\/uploads\/2025\/05\/1862\/1046\/boehler-witkoff-and-hostages-families.jpg?ve=1&amp;tl=1 2x\" height=\"523\" width=\"931\"><source media=\"(min-width: 1280px)\" srcset=\"https:\/\/a57.foxnews.com\/static.foxnews.com\/foxnews.com\/content\/uploads\/2025\/05\/720\/405\/boehler-witkoff-and-hostages-families.jpg?ve=1&amp;tl=1, https:\/\/a57.foxnews.com\/static.foxnews.com\/foxnews.com\/content\/uploads\/2025\/05\/1440\/810\/boehler-witkoff-and-hostages-families.jpg?ve=1&amp;tl=1 2x\" height=\"405\" width=\"720\"><img loading=\"lazy\" decoding=\"async\" src=\"https:\/\/a57.foxnews.com\/static.foxnews.com\/foxnews.com\/content\/uploads\/2025\/05\/1200\/675\/boehler-witkoff-and-hostages-families.jpg?ve=1&amp;tl=1\" alt=\"Adam Boehler y Steve Witkoff con las familias de los rehenes\" width=\"1200\" height=\"675\"\/><\/source><\/source><\/source><\/source><\/picture><\/div>\n<div class=\"info\">\n<div class=\"caption\">\n<p><span>El enviado especial Adam Boehler y el enviado especial del Medio Oriente Steve Witkoff se reunieron con las familias de los rehenes durante casi dos horas en Tel Aviv el martes.<\/span> <span>(Paulina Patimer)<\/span><\/p>\n<\/div>\n<\/div>\n<\/div>\n<p>Boehler dijo que despu\u00e9s del lanzamiento de Alexander, existe una mejor oportunidad de asegurar el lanzamiento de los rehenes restantes.<\/p>\n<p>Boehler y Witkoff dijeron a las familias que si no cre\u00edan que hubiera una verdadera posibilidad de progreso en las negociaciones, no estar\u00edan haciendo el viaje a Doha.<\/p>\n<p><strong><u>Haga clic aqu\u00ed para obtener la aplicaci\u00f3n Fox News<\/u><\/strong><\/p>\n<p>A medida que avanza la guerra en Gaza, el presidente Donald Trump inici\u00f3 un viaje de cuatro d\u00edas en el Medio Oriente el martes en Arabia Saudita, donde \u00e9l y el pr\u00edncipe heredero Mohammed bin Salman se esperaban que mantuvieran conversaciones para terminar la guerra en Gaza y m\u00e1s.<\/p>\n<p><i>Yonat Friling de Fox News y The Associated Press contribuyeron a este informe.<\/i><\/p>\n<p> <!----> <\/div>\n\n","protected":false},"excerpt":{"rendered":"<p>El primer ministro israel\u00ed, Benjamin Netanyahu, se comprometi\u00f3 el lunes a mudarse contra Hamas con \u00abtoda la fuerza\u00bb en los pr\u00f3ximos d\u00edas para \u00abcompletar\u00bb la lucha contra el grupo terrorista respaldado por Ir\u00e1n. Netanyahu hizo los comentarios sobre la guerra en Gaza mientras visitaba a los reservistas de las Fuerzas de Defensa de Israel. \u00abEn &hellip;<\/p>\n","protected":false},"author":1,"featured_media":27097,"comment_status":"open","ping_status":"open","sticky":false,"template":"","format":"standard","meta":{"fifu_image_url":"https:\/\/static.foxnews.com\/foxnews.com\/content\/uploads\/2025\/05\/netanyahu.jpg","fifu_image_alt":"","footnotes":""},"categories":[13],"tags":[],"class_list":["post-27095","post","type-post","status-publish","format-standard","has-post-thumbnail","","category-mundo"],"_links":{"self":[{"href":"https:\/\/noticiasveraces.com\/index.php?rest_route=\/wp\/v2\/posts\/27095","targetHints":{"allow":["GET"]}}],"collection":[{"href":"https:\/\/noticiasveraces.com\/index.php?rest_route=\/wp\/v2\/posts"}],"about":[{"href":"https:\/\/noticiasveraces.com\/index.php?rest_route=\/wp\/v2\/types\/post"}],"author":[{"embeddable":true,"href":"https:\/\/noticiasveraces.com\/index.php?rest_route=\/wp\/v2\/users\/1"}],"replies":[{"embeddable":true,"href":"https:\/\/noticiasveraces.com\/index.php?rest_route=%2Fwp%2Fv2%2Fcomments&post=27095"}],"version-history":[{"count":0,"href":"https:\/\/noticiasveraces.com\/index.php?rest_route=\/wp\/v2\/posts\/27095\/revisions"}],"wp:featuredmedia":[{"embeddable":true,"href":"https:\/\/noticiasveraces.com\/index.php?rest_route=\/wp\/v2\/media\/27097"}],"wp:attachment":[{"href":"https:\/\/noticiasveraces.com\/index.php?rest_route=%2Fwp%2Fv2%2Fmedia&parent=27095"}],"wp:term":[{"taxonomy":"category","embeddable":true,"href":"https:\/\/noticiasveraces.com\/index.php?rest_route=%2Fwp%2Fv2%2Fcategories&post=27095"},{"taxonomy":"post_tag","embeddable":true,"href":"https:\/\/noticiasveraces.com\/index.php?rest_route=%2Fwp%2Fv2%2Ftags&post=27095"}],"curies":[{"name":"wp","href":"https:\/\/api.w.org\/{rel}","templated":true}]}}