{"id":27085,"date":"2025-05-13T09:29:35","date_gmt":"2025-05-13T13:29:35","guid":{"rendered":"https:\/\/noticiasveraces.com\/?p=27085"},"modified":"2025-05-13T09:29:35","modified_gmt":"2025-05-13T13:29:35","slug":"steinmeier-celebra-60-anos-de-lazos-diplomaticos-con-israel-dw-13-05-2025","status":"publish","type":"post","link":"https:\/\/noticiasveraces.com\/?p=27085","title":{"rendered":"Steinmeier celebra 60 a\u00f1os de lazos diplom\u00e1ticos con Israel \u2013 DW \u2013 13\/05\/2025"},"content":{"rendered":"<p> \n<\/p>\n<div>\n<p>El presidente alem\u00e1n, Frank-Walter Steinmeier, lleg\u00f3 este martes (13.05.2025) a Jerusal\u00e9n para conmemorar los 60 a\u00f1os de relaciones diplom\u00e1ticas entre Israel y Alemania, forjadas tras la oscura sombra del Holocausto. Steinmeier fue recibido con honores militares en el Aeropuerto Ben Guri\u00f3n por el presidente israel\u00ed, Isaac Herzog, quien visit\u00f3 Alemania el lunes para conmemorar este hito diplom\u00e1tico.<\/p>\n<p>Las relaciones diplom\u00e1ticas se establecieron formalmente el 12 de mayo de 1965, tras un acuerdo entre el entonces canciller alem\u00e1n, Ludwig Erhard, y el primer ministro israel\u00ed, Levi Eshkol. Esta decisi\u00f3n se produjo tras un acercamiento gradual entre dos naciones cuya relaci\u00f3n hab\u00eda quedado profundamente marcada por las atrocidades cometidas por Alemania durante el Holocausto, en el que el r\u00e9gimen nazi asesin\u00f3 a unos seis millones de jud\u00edos.<\/p>\n<h2>Alemania, un aliado de Israel<\/h2>\n<p>Alemania e Israel han construido una estrecha red de cooperaci\u00f3n pol\u00edtica, econ\u00f3mica, militar, cient\u00edfica y cultural. Sin embargo, el aniversario se vio eclipsado por la guerra en Gaza, y Steinmeier inst\u00f3 ayer a Herzog en Berl\u00edn a levantar el bloqueo que impide que la ayuda humanitaria llegue a la poblaci\u00f3n civil de la franja y a adherirse al derecho internacional. \u00abLos enemigos de Israel no acatan las reglas, pero nosotros debemos hacerlo\u00bb, declar\u00f3 Steinmeier en Berl\u00edn el lunes por la noche.<\/p>\n<p>En Jerusal\u00e9n, ambos jefes de Estado tienen previsto visitar la Biblioteca Nacional de Israel.\u00a0Steinmeier tiene tambi\u00e9n previsto reunirse con el primer ministro israel\u00ed, Benjam\u00edn Netanyahu, esta misma tarde. Netanyahu ha dicho hoy que su Ej\u00e9rcito entrar\u00e1 en la Franja de Gaza en los pr\u00f3ximos d\u00edas, seg\u00fan un comunicado de su oficina. \u00abEn los pr\u00f3ximos d\u00edas, iremos con toda nuestra fuerza para completar la operaci\u00f3n. Completar la operaci\u00f3n significa derrotar a Ham\u00e1s, destruir a Ham\u00e1s\u00bb, a\u00f1adi\u00f3.<\/p>\n<p>\u00abNo habr\u00e1 situaci\u00f3n en la que podamos detener la guerra. Podr\u00eda haber una tregua temporal, pero vamos con todo\u00bb, enfatiz\u00f3 Netanyahu, quien dijo estar trabajando para encontrar pa\u00edses dispuestos a aceptar refugiados palestinos. \u00abHemos establecido una administraci\u00f3n que les permitir\u00e1 marcharse, pero (&#8230;) necesitamos pa\u00edses dispuestos a acogerlos. En eso trabajamos\u00bb, declar\u00f3 Netanyahu durante un encuentro con soldados reservistas el lunes. Seg\u00fan su c\u00e1lculo, m\u00e1s de la mitad de los palestinos abandonar\u00edan la Franja.<\/p>\n<p><span data-slot-id=\"Article_InContent-1\" class=\"rich-text-ad\"\/><\/p>\n<h2>Un momento delicado<\/h2>\n<p>El Ej\u00e9rcito israel\u00ed anunci\u00f3 hoy que bombarde\u00f3 un hospital en la Franja de Gaza que afirm\u00f3 que era utilizado por Ham\u00e1s para \u00abactividades terroristas\u00bb y el movimiento islamista palestino report\u00f3 la muerte de un periodista que estaba ingresado y del director de la polic\u00eda antinarc\u00f3ticos de la Franja, mientras la Organizaci\u00f3n Mundial de la Salud alerta del riesgo de hambruna ante el bloqueo de la ayuda humanitaria.<\/p>\n<p>\u00abEl Ej\u00e9rcito israel\u00ed bombarde\u00f3 el servicio de cirug\u00eda del hospital Naser en Jan Yunis en la madrugada del martes y mat\u00f3 al periodista Has\u00e1n Aslih, que trabajaba para varias organizaciones locales y \u00e1rabes, y para varias agencias\u00bb, declar\u00f3 a la AFP el portavoz de la Defensa Civil en Gaza, Mahmud Basal. \u00c9ste inform\u00f3 que Aslih era director del medio de comunicaci\u00f3n Alam24 y que estaba ingresado tras resultar herido en un bombardeo en abril que tuvo como objetivo una carpa utilizada por reporteros. El Ej\u00e9rcito israel\u00ed sostiene que Aslih era un operador de Ham\u00e1s que us\u00f3 como cobertura el hecho de ser periodista.<\/p>\n<p>LGC (DPA, AFP, EFE)<\/p>\n<\/div>\n\n","protected":false},"excerpt":{"rendered":"<p>El presidente alem\u00e1n, Frank-Walter Steinmeier, lleg\u00f3 este martes (13.05.2025) a Jerusal\u00e9n para conmemorar los 60 a\u00f1os de relaciones diplom\u00e1ticas entre Israel y Alemania, forjadas tras la oscura sombra del Holocausto. Steinmeier fue recibido con honores militares en el Aeropuerto Ben Guri\u00f3n por el presidente israel\u00ed, Isaac Herzog, quien visit\u00f3 Alemania el lunes para conmemorar este &hellip;<\/p>\n","protected":false},"author":1,"featured_media":27086,"comment_status":"open","ping_status":"open","sticky":false,"template":"","format":"standard","meta":{"fifu_image_url":"https:\/\/static.dw.com\/image\/72527649_6.jpg","fifu_image_alt":"","footnotes":""},"categories":[13],"tags":[],"class_list":["post-27085","post","type-post","status-publish","format-standard","has-post-thumbnail","","category-mundo"],"_links":{"self":[{"href":"https:\/\/noticiasveraces.com\/index.php?rest_route=\/wp\/v2\/posts\/27085","targetHints":{"allow":["GET"]}}],"collection":[{"href":"https:\/\/noticiasveraces.com\/index.php?rest_route=\/wp\/v2\/posts"}],"about":[{"href":"https:\/\/noticiasveraces.com\/index.php?rest_route=\/wp\/v2\/types\/post"}],"author":[{"embeddable":true,"href":"https:\/\/noticiasveraces.com\/index.php?rest_route=\/wp\/v2\/users\/1"}],"replies":[{"embeddable":true,"href":"https:\/\/noticiasveraces.com\/index.php?rest_route=%2Fwp%2Fv2%2Fcomments&post=27085"}],"version-history":[{"count":0,"href":"https:\/\/noticiasveraces.com\/index.php?rest_route=\/wp\/v2\/posts\/27085\/revisions"}],"wp:featuredmedia":[{"embeddable":true,"href":"https:\/\/noticiasveraces.com\/index.php?rest_route=\/wp\/v2\/media\/27086"}],"wp:attachment":[{"href":"https:\/\/noticiasveraces.com\/index.php?rest_route=%2Fwp%2Fv2%2Fmedia&parent=27085"}],"wp:term":[{"taxonomy":"category","embeddable":true,"href":"https:\/\/noticiasveraces.com\/index.php?rest_route=%2Fwp%2Fv2%2Fcategories&post=27085"},{"taxonomy":"post_tag","embeddable":true,"href":"https:\/\/noticiasveraces.com\/index.php?rest_route=%2Fwp%2Fv2%2Ftags&post=27085"}],"curies":[{"name":"wp","href":"https:\/\/api.w.org\/{rel}","templated":true}]}}