{"id":27066,"date":"2025-05-13T07:26:47","date_gmt":"2025-05-13T11:26:47","guid":{"rendered":"https:\/\/noticiasveraces.com\/?p=27066"},"modified":"2025-05-13T07:26:47","modified_gmt":"2025-05-13T11:26:47","slug":"incendios-provocados-contra-el-primer-ministro-britanico-dw-13-05-2025","status":"publish","type":"post","link":"https:\/\/noticiasveraces.com\/?p=27066","title":{"rendered":"Incendios provocados contra el primer ministro brit\u00e1nico \u2013 DW \u2013 13\/05\/2025"},"content":{"rendered":"<p> \n<\/p>\n<div>\n<p>Un hombre de 21 a\u00f1os sospechoso de estar implicado en incendios provocados en dos propiedades vinculadas al primer ministro brit\u00e1nico, Keir Starmer, fue arrestado, inform\u00f3 el martes (13.05.2025) la polic\u00eda de Londres. El presunto autor fue \u00abarrestado en la madrugada del martes bajo sospecha de incendios criminales con la intenci\u00f3n de poner en peligro la vida de otras personas\u00bb, indic\u00f3 la polic\u00eda metropolitana, que hab\u00eda anunciado el lunes por la noche la apertura de una investigaci\u00f3n por parte de su unidad antiterrorista\u00a0\u00abcomo medida de precauci\u00f3n, y debido a que la propiedad ten\u00eda v\u00ednculos previos con una figura p\u00fablica de alto perfil\u00bb.<\/p>\n<p>El joven se encuentra bajo custodia a la espera de que le tomen declaraci\u00f3n en relaci\u00f3n con \u00abtres incidentes\u00bb ocurridos en los \u00faltimos d\u00edas, seg\u00fan el comunicado de la Polic\u00eda. La investigaci\u00f3n se abri\u00f3 tras un incendio ocurrido en la noche del domingo al lunes en una propiedad del primer ministro laborista en el norte de Londres, causando da\u00f1os en la entrada de la casa, sin que hubiera heridos. El jefe de gobierno ten\u00eda ah\u00ed su domicilio hasta su mudanza a Downing Street, residencia oficial del primer ministro, en julio de 2024, tras ganar las elecciones brit\u00e1nicas.<\/p>\n<p>La unidad antiterrorista de la Polic\u00eda Metropolitana investiga tambi\u00e9n otros \u00abdos incidentes\u00bb, que podr\u00edan estar relacionados con el primero, incluido un incendio ocurrido la ma\u00f1ana del domingo a la entrada de otra propiedad. Seg\u00fan los medios brit\u00e1nicos, este peque\u00f1o incendio tuvo lugar en la puerta de una casa convertida en apartamentos, en el barrio londinense de Islington, que tambi\u00e9n est\u00e1 vinculada a Keir Starmer. Un tercer incidente afect\u00f3 a un veh\u00edculo que se incendi\u00f3 el 8 de mayo, en el barrio de Kentish Town, en el norte de Londres. <\/p>\n<p>LGC (AFP, EFE)<\/p>\n<\/div>\n\n","protected":false},"excerpt":{"rendered":"<p>Un hombre de 21 a\u00f1os sospechoso de estar implicado en incendios provocados en dos propiedades vinculadas al primer ministro brit\u00e1nico, Keir Starmer, fue arrestado, inform\u00f3 el martes (13.05.2025) la polic\u00eda de Londres. El presunto autor fue \u00abarrestado en la madrugada del martes bajo sospecha de incendios criminales con la intenci\u00f3n de poner en peligro la &hellip;<\/p>\n","protected":false},"author":1,"featured_media":27067,"comment_status":"open","ping_status":"open","sticky":false,"template":"","format":"standard","meta":{"fifu_image_url":"https:\/\/static.dw.com\/image\/72514220_6.jpg","fifu_image_alt":"","footnotes":""},"categories":[13],"tags":[],"class_list":["post-27066","post","type-post","status-publish","format-standard","has-post-thumbnail","","category-mundo"],"_links":{"self":[{"href":"https:\/\/noticiasveraces.com\/index.php?rest_route=\/wp\/v2\/posts\/27066","targetHints":{"allow":["GET"]}}],"collection":[{"href":"https:\/\/noticiasveraces.com\/index.php?rest_route=\/wp\/v2\/posts"}],"about":[{"href":"https:\/\/noticiasveraces.com\/index.php?rest_route=\/wp\/v2\/types\/post"}],"author":[{"embeddable":true,"href":"https:\/\/noticiasveraces.com\/index.php?rest_route=\/wp\/v2\/users\/1"}],"replies":[{"embeddable":true,"href":"https:\/\/noticiasveraces.com\/index.php?rest_route=%2Fwp%2Fv2%2Fcomments&post=27066"}],"version-history":[{"count":0,"href":"https:\/\/noticiasveraces.com\/index.php?rest_route=\/wp\/v2\/posts\/27066\/revisions"}],"wp:featuredmedia":[{"embeddable":true,"href":"https:\/\/noticiasveraces.com\/index.php?rest_route=\/wp\/v2\/media\/27067"}],"wp:attachment":[{"href":"https:\/\/noticiasveraces.com\/index.php?rest_route=%2Fwp%2Fv2%2Fmedia&parent=27066"}],"wp:term":[{"taxonomy":"category","embeddable":true,"href":"https:\/\/noticiasveraces.com\/index.php?rest_route=%2Fwp%2Fv2%2Fcategories&post=27066"},{"taxonomy":"post_tag","embeddable":true,"href":"https:\/\/noticiasveraces.com\/index.php?rest_route=%2Fwp%2Fv2%2Ftags&post=27066"}],"curies":[{"name":"wp","href":"https:\/\/api.w.org\/{rel}","templated":true}]}}