{"id":27061,"date":"2025-05-13T06:24:05","date_gmt":"2025-05-13T10:24:05","guid":{"rendered":"https:\/\/noticiasveraces.com\/?p=27061"},"modified":"2025-05-13T06:24:05","modified_gmt":"2025-05-13T10:24:05","slug":"publican-las-primeras-biografias-del-papa-leon-xiv-dw-13-05-2025","status":"publish","type":"post","link":"https:\/\/noticiasveraces.com\/?p=27061","title":{"rendered":"Publican las primeras biograf\u00edas del papa Le\u00f3n XIV \u2013 DW \u2013 13\/05\/2025"},"content":{"rendered":"<p> \n<\/p>\n<div>\n<p>Ya est\u00e1 disponible una primera biograf\u00eda del papa Le\u00f3n XIV. Seg\u00fan su p\u00e1gina web, la editorial francesa Editions Salvator ya tiene \u00aben existencias\u00bb el libro titulado \u00abLe\u00f3n XIV, el ap\u00f3stol de la paz\u00bb. El autor es Samuel Pruvot, redactor jefe del semanario cat\u00f3lico conservador \u00abFamille chr\u00e9tienne\u00bb (Familia cristiana). El autor franc\u00e9s y director literario de la editorial, Marc Leboucher, colabor\u00f3 \u200b\u200ben el proyecto.<\/p>\n<p>Ya existen algunas otras biograf\u00edas en ingl\u00e9s en Internet,\u00a0publicadas de manera independiente. Se espera que pr\u00f3ximamente tambi\u00e9n est\u00e9n disponibles en el mercado las primeras biograf\u00edas alemanas del nuevo sumo pont\u00edfice. Tanto la editorial Herder-Verlag de Friburgo como Patmos-Verlag de Ostfildern han anunciado publicaciones de este tipo. Herder anunci\u00f3 la publicaci\u00f3n del libro de 176 p\u00e1ginas \u00abLe\u00f3n XIV, el nuevo Papa\u00bb el 28 de mayo. El autor es el jesuita Andreas Batlogg.<\/p>\n<div class=\"vjs-wrapper embed big\">\n<h2 aria-label=\"Video integrado \u2014 Per\u00fa celebra a su Papa\" class=\"headline\"><svg xmlns=\"http:\/\/www.w3.org\/2000\/svg\" viewbox=\"0 0 20 20\"><g fill-rule=\"evenodd\"><path d=\"M14.114 7.599H13.5l.002 4.706h.601l4.582 3.25-.005-11.11zM11.084 4.444l-9.007.002-1.336.797.002 9.514 1.334.793 9.007.006 1.509-.799-.004-9.516z\"\/><\/g><\/svg>Per\u00fa celebra a su Papa<\/h2>\n<p><video id=\"video-72523690\" controls=\"\" playsinline=\"\" preload=\"none\" poster=\"data:image\/png;base64,iVBORw0KGgoAAAANSUhEUgAAAAEAAAABCAQAAAC1HAwCAAAAC0lEQVR42mNkYAAAAAYAAjCB0C8AAAAASUVORK5CYII=\" data-id=\"72523690\" data-posterurl=\"https:\/\/static.dw.com\/image\/72504708_605.webp\" data-duration=\"02:57\"><source src=\"https:\/\/hlsvod.dw.com\/i\/dwtv_video\/flv\/js\/js20250512_PAPAnn_,AVC_480x270,AVC_512x288,AVC_640x360,AVC_960x540,AVC_1280x720,AVC_1920x1080,.mp4.csmil\/master.m3u8\" type=\"application\/x-mpegURL\"><source src=\"https:\/\/tvdownloaddw-a.akamaihd.net\/dwtv_video\/flv\/js\/js20250512_PAPAnn_AVC_1920x1080.mp4\" type=\"video\/mp4\"><p class=\"vjs-no-js\">Para ver este video, habilite JavaScript y considere actualizar a un navegador web que admite el video HTML5<\/p>\n<p><\/source><\/source><\/video><\/div>\n<p>Patmos ha vuelto a adelantar la fecha para la publicaci\u00f3n\u00a0su biograf\u00eda, anunciada inicialmente para principios de junio: el volumen de 160 p\u00e1ginas \u00abEl papa Le\u00f3n XIV. Qui\u00e9n es, c\u00f3mo piensa, qu\u00e9 le espera a \u00e9l y a nosotros\u00bb, del periodista vaticano Stefan von Kempis, estar\u00e1 disponible en librer\u00edas alemanas el 30 de mayo. Se inform\u00f3 que la versi\u00f3n electr\u00f3nica saldr\u00e1 a la venta incluso antes:\u00a0el 19 de mayo.<\/p>\n<p>Electric (desnudo)<\/p>\n<\/div>\n\n","protected":false},"excerpt":{"rendered":"<p>Ya est\u00e1 disponible una primera biograf\u00eda del papa Le\u00f3n XIV. Seg\u00fan su p\u00e1gina web, la editorial francesa Editions Salvator ya tiene \u00aben existencias\u00bb el libro titulado \u00abLe\u00f3n XIV, el ap\u00f3stol de la paz\u00bb. El autor es Samuel Pruvot, redactor jefe del semanario cat\u00f3lico conservador \u00abFamille chr\u00e9tienne\u00bb (Familia cristiana). El autor franc\u00e9s y director literario de &hellip;<\/p>\n","protected":false},"author":1,"featured_media":27062,"comment_status":"open","ping_status":"open","sticky":false,"template":"","format":"standard","meta":{"fifu_image_url":"https:\/\/static.dw.com\/image\/72518228_6.jpg","fifu_image_alt":"","footnotes":""},"categories":[13],"tags":[],"class_list":["post-27061","post","type-post","status-publish","format-standard","has-post-thumbnail","","category-mundo"],"_links":{"self":[{"href":"https:\/\/noticiasveraces.com\/index.php?rest_route=\/wp\/v2\/posts\/27061","targetHints":{"allow":["GET"]}}],"collection":[{"href":"https:\/\/noticiasveraces.com\/index.php?rest_route=\/wp\/v2\/posts"}],"about":[{"href":"https:\/\/noticiasveraces.com\/index.php?rest_route=\/wp\/v2\/types\/post"}],"author":[{"embeddable":true,"href":"https:\/\/noticiasveraces.com\/index.php?rest_route=\/wp\/v2\/users\/1"}],"replies":[{"embeddable":true,"href":"https:\/\/noticiasveraces.com\/index.php?rest_route=%2Fwp%2Fv2%2Fcomments&post=27061"}],"version-history":[{"count":0,"href":"https:\/\/noticiasveraces.com\/index.php?rest_route=\/wp\/v2\/posts\/27061\/revisions"}],"wp:featuredmedia":[{"embeddable":true,"href":"https:\/\/noticiasveraces.com\/index.php?rest_route=\/wp\/v2\/media\/27062"}],"wp:attachment":[{"href":"https:\/\/noticiasveraces.com\/index.php?rest_route=%2Fwp%2Fv2%2Fmedia&parent=27061"}],"wp:term":[{"taxonomy":"category","embeddable":true,"href":"https:\/\/noticiasveraces.com\/index.php?rest_route=%2Fwp%2Fv2%2Fcategories&post=27061"},{"taxonomy":"post_tag","embeddable":true,"href":"https:\/\/noticiasveraces.com\/index.php?rest_route=%2Fwp%2Fv2%2Ftags&post=27061"}],"curies":[{"name":"wp","href":"https:\/\/api.w.org\/{rel}","templated":true}]}}