{"id":27047,"date":"2025-05-13T03:18:26","date_gmt":"2025-05-13T07:18:26","guid":{"rendered":"https:\/\/noticiasveraces.com\/?p=27047"},"modified":"2025-05-13T03:18:26","modified_gmt":"2025-05-13T07:18:26","slug":"nueve-datos-dw-12-05-2025","status":"publish","type":"post","link":"https:\/\/noticiasveraces.com\/?p=27047","title":{"rendered":"nueve datos \u2013 DW \u2013 12\/05\/2025"},"content":{"rendered":"<p> \n<\/p>\n<div>\n<h2>1. \u00bfQu\u00e9 orden\u00f3 exactamente el ministro alem\u00e1n del Interior, Dobrindt?<\/h2>\n<p>El nuevo ministro alem\u00e1n del Interior, Alexander Dobrindt, del partido conservador Uni\u00f3n Social Cristiana (CSU), est\u00e1 reforzando los controles en las fronteras exteriores de Alemania. Las personas que solicitan asilo tambi\u00e9n ser\u00e1n rechazadas en las fronteras si no pueden presentar documentos de entrada v\u00e1lidos, o si ya han presentado una solicitud en otro pa\u00eds de la Uni\u00f3n Europea. Dobrindt dijo que la Polic\u00eda Federal ahora tiene la opci\u00f3n de rechazar a los solicitantes, pero no est\u00e1 obligada a hacerlo. Es decir, que puede decidir seg\u00fan el caso.<\/p>\n<h2>2. \u00bfQu\u00e9 excepciones existen a los rechazos?<\/h2>\n<p>Las mujeres embarazadas, las personas enfermas, los menores no acompa\u00f1ados y otros miembros de grupos vulnerables deber\u00edan estar exentos de posibles rechazos.<\/p>\n<h2>3. \u00bfC\u00f3mo justifica Dobrindt estas medidas?<\/h2>\n<p>Se trata de una promesa central de campa\u00f1a del canciller alem\u00e1n, Friedrich Merz, de la conservadora Uni\u00f3n Dem\u00f3crata Cristiana (CDU), quien dijo que habr\u00eda rechazos en las fronteras desde su primer d\u00eda de Gobierno. El jefe de la Canciller\u00eda, Thorsten Frei, dijo a la emisora alemana ARD que la migraci\u00f3n deber\u00eda reducirse a \u00abun nivel tolerable\u00bb. Muchas ciudades y municipios se han quejado durante a\u00f1os de escuelas saturadas, aumento explosivo de los costos de la vivienda y un sistema de atenci\u00f3n sanitaria sobrecargado.<\/p>\n<p>El ministro del Interior espera que, con esta medida, las personas migrantes ni siquiera intenten llegar a Alemania. Tambi\u00e9n deber\u00eda alentarse a los pa\u00edses vecinos en la Uni\u00f3n Europea a que detengan su tr\u00e1nsito hacia Alemania. Seg\u00fan Frei, tambi\u00e9n ministro de Asuntos Especiales, las medidas son necesarias porque todav\u00eda no ha sido posible proteger eficazmente las fronteras exteriores de la UE.<\/p>\n<figure class=\"placeholder-image master_landscape big\"><img data-format=\"MASTER_LANDSCAPE\" data-id=\"72486196\" data-url=\"https:\/\/static.dw.com\/image\/72486196_${formatId}.jpg\" data-aspect-ratio=\"16\/9\" alt=\"El ministro alem\u00e1n del Interior, Alexander Dobrindt.\" style=\"padding-bottom: 56.25%; height: 0; max-height: 0;\"\/><figcaption class=\"img-caption\">El ministro alem\u00e1n del Interior, Alexander Dobrindt, quiere tomar medidas en\u00e9rgicas contra la migraci\u00f3n irregular.<small class=\"copyright\">Im\u00e1genes: Bernd Von Jutrczenka\/DPA\/Picture Alliance<\/small><\/figcaption><\/figure>\n<h2>4. \u00bfCu\u00e1l es la base legal?<\/h2>\n<p>Los rechazos son jur\u00eddicamente controvertidos. El art\u00edculo 18 de la Ley de Asilo alemana establece: \u00abSe denegar\u00e1 la entrada al extranjero que entre desde un tercer pa\u00eds seguro\u00bb. Esto ocurre en todas las fronteras alemanas, porque todos los pa\u00edses vecinos se consideran seguros.<\/p>\n<p>Sin embargo, la normativa europea establece que primero debe aclararse qu\u00e9 Estado es responsable de la solicitud de asilo del migrante. Por lo general, este es el pa\u00eds al que el migrante entr\u00f3 por primera vez en la UE. Pero, en realidad, muchos de ellos llegan a Alemania y a menudo se quedan debido a la complejidad de los procedimientos.<\/p>\n<p>Una alternativa ser\u00eda la aplicaci\u00f3n del llamado art\u00edculo 72 del Tratado de la UE sobre \u00abemergencias\u00bb. Seg\u00fan esto, es posible desviarse temporalmente de la legislaci\u00f3n de la UE a fin de \u00abmantener el orden p\u00fablico y proteger la seguridad interior\u00bb. No obstante, los obst\u00e1culos son altos. El canciller Friedrich Merz declar\u00f3 en Bruselas: \u00abNadie en el Gobierno federal, incluido yo personalmente, ha declarado el estado de emergencia\u00bb.<\/p>\n<p>Mientras tanto, el expresidente del Tribunal Constitucional Federal, Hans-J\u00fcrgen Papier, quien considera legal el rechazo de solicitantes de asilo, declar\u00f3 al diario alem\u00e1n <em>Neue Osnabr\u00fccker Zeitung<\/em>: \u00abEn mi opini\u00f3n, forma parte del derecho soberano irrenunciable de un Estado no permitir la entrada a cualquier persona que pronuncie la palabra &#8216;asilo&#8217;. Es posible y correcto\u00a0seg\u00fan la legislaci\u00f3n alemana, as\u00ed como seg\u00fan la legislaci\u00f3n europea\u00bb.<\/p>\n<figure class=\"placeholder-image master_landscape big\"><img data-format=\"MASTER_LANDSCAPE\" data-id=\"72474300\" data-url=\"https:\/\/static.dw.com\/image\/72474300_${formatId}.jpg\" data-aspect-ratio=\"16\/9\" alt=\"Controles de la Polic\u00eda alemana en la frontera con Austria, en mayo de 2025.\" style=\"padding-bottom: 56.25%; height: 0; max-height: 0;\"\/><figcaption class=\"img-caption\">En realidad, el espacio Schengen de la UE ya no prev\u00e9 controles fronterizos entre los Estados miembros.<small class=\"copyright\">Imagen: Angelika Warmuth\/REUTERS<\/small><\/figcaption><\/figure>\n<h2>5. \u00bfCu\u00e1les son las reacciones de la clase pol\u00edtica?<\/h2>\n<p>Como era de esperar, los controles fronterizos y los rechazos son demasiado para algunos, mientras que para otros no son suficientes. Por ejemplo, la col\u00edder del partido Los Verdes, Katharina Dr\u00f6ge, calific\u00f3 los rechazos como \u00abevidentemente contrarios al derecho europeo\u00bb, en declaraciones al diario <em>Rheinische Post<\/em>. \u00abLas personas que solicitan asilo en suelo alem\u00e1n tienen derecho a que se examine su solicitud\u00bb.<\/p>\n<p>En el congreso del partido La Izquierda, el l\u00edder del grupo parlamentario, S\u00f6ren Pellmann, expres\u00f3 duras cr\u00edticas. \u00abQuienquiera que siga una pol\u00edtica de derecha por miedo a la derecha solo puede perder\u00bb, afirm\u00f3. Y subray\u00f3 que La Izquierda se resistir\u00e1 a esto.<\/p>\n<p>El Partido Socialdem\u00f3crata Alem\u00e1n (SPD), que forma parte de la coalici\u00f3n gobernante, pide sobre todo una estrecha coordinaci\u00f3n con los pa\u00edses vecinos, que no se muestran nada entusiastas.<\/p>\n<p>Por el contrario, el partido Alternativa para Alemania (AfD), en parte de extrema derecha, quiere m\u00e1s aislamiento. Merz ha prometido un cambio en la pol\u00edtica migratoria con \u00abmedidas claras contra la inmigraci\u00f3n masiva ilegal\u00bb, afirm\u00f3 la l\u00edder del partido, Alice Weidel. Pero ahora est\u00e1 decepcionando a los votantes y cediendo ante el SPD, critic\u00f3.<\/p>\n<p><span data-slot-id=\"Article_InContent-1\" class=\"rich-text-ad\"\/><\/p>\n<h2>6. \u00bfC\u00f3mo reaccionan otros pa\u00edses?<\/h2>\n<p>Polonia y Suiza, por ejemplo, expresaron su preocupaci\u00f3n sobre el proceder de Alemania, ya que temen tener que readmitir a un gran n\u00famero de migrantes rechazados. Pero Merz enfatiz\u00f3 que la medida se coordina con los otros pa\u00edses. \u00abNo hay ninguna acci\u00f3n unilateral alemana aqu\u00ed. Estamos coordinados con nuestros vecinos europeos\u00bb, dijo Merz en Bruselas.<\/p>\n<p>Sin embargo, aparentemente, el Gobierno alem\u00e1n ve estos controles como un incentivo para que la UE haga lo mismo. El ministro de la Canciller\u00eda, Thorsten Frei, dijo a ARD que el Gobierno alem\u00e1n quiere lograr resultados r\u00e1pidamente para que otras medidas, \u00abpreferiblemente europeas\u00bb, se puedan utilizar despu\u00e9s en la pol\u00edtica migratoria.<\/p>\n<figure class=\"placeholder-image master_landscape big\"><img data-format=\"MASTER_LANDSCAPE\" data-id=\"72470555\" data-url=\"https:\/\/static.dw.com\/image\/72470555_${formatId}.jpg\" data-aspect-ratio=\"16\/9\" alt=\"El canciller alem\u00e1n, Friedrich Merz  y el primer ministro polaco, Donald Tusk, se dan la mano en Varsovia.\" style=\"padding-bottom: 56.25%; height: 0; max-height: 0;\"\/><figcaption class=\"img-caption\">El canciller alem\u00e1n, Friedrich Merz (izqda.), tuvo que escuchar las quejas del primer ministro polaco Donald Tusk sobre los controles fronterizos en Varsovia.<small class=\"copyright\">Imagen:<\/small><\/figcaption><\/figure>\n<h2>7. \u00bfQu\u00e9 pasar\u00e1 despu\u00e9s?<\/h2>\n<p>La UE, durante mucho tiempo favorable a la inmigraci\u00f3n, se encamina ahora claramente hacia el aislamiento. Al parecer, esto ocurre tambi\u00e9n en un contexto en el que, en cada vez m\u00e1s Estados miembros, aumentan los partidos y Gobiernos cr\u00edticos con el asilo.<\/p>\n<p>La Uni\u00f3n Europea ya ha aprobado una nueva ley de asilo m\u00e1s estricta, pero a\u00fan no ha implementado las reglas. La reforma prevista en el marco del asilo por parte de la UE prev\u00e9, entre otras cosas, que, en el futuro, las decisiones sobre las solicitudes de asilo presentadas por personas con pocas perspectivas de permanecer en el pa\u00eds se tomen en la frontera exterior de la UE.<\/p>\n<p>El ministro de la Canciller\u00eda alemana, Thorsten Frei, critic\u00f3 la reforma acordada en la ley de asilo europea, diciendo que no s\u00f3lo era demasiado tarde sino tambi\u00e9n insuficiente. Por ello, 16 Gobiernos de la UE han pedido a la Comisi\u00f3n Europea que revise las normas.<\/p>\n<h2>8. \u00bfC\u00f3mo era la situaci\u00f3n en 2015?<\/h2>\n<p>La excanciller alemana Angela Merkel y su ministro del Interior, Thomas de Maizi\u00e8re, ambos de la CDU, decidieron en 2015, en el apogeo de la llegada de refugiados de Siria, un pa\u00eds devastado por la guerra civil, no rechazar a ning\u00fan solicitante de asilo en la frontera. Dobrindt ha retirado ahora esta directiva para la Polic\u00eda Federal.<\/p>\n<figure class=\"placeholder-image master_landscape big\"><img data-format=\"MASTER_LANDSCAPE\" data-id=\"64631547\" data-url=\"https:\/\/static.dw.com\/image\/64631547_${formatId}.jpg\" data-aspect-ratio=\"16\/9\" alt=\"Angela Merkel en una selfi con el entonces solicitante de asilo Anas Modamani, en 2015.\" style=\"padding-bottom: 56.25%; height: 0; max-height: 0;\"\/><figcaption class=\"img-caption\">La pol\u00edtica de refugiados de 2015 trajo muchos elogios, pero tambi\u00e9n muchas cr\u00edticas a la entonces canciller Merkel, aqu\u00ed con un solicitante de asilo sirio.<small class=\"copyright\">Imagen: Sean Gallup\/Getty Images<\/small><\/figcaption><\/figure>\n<h2>9. \u00bfC\u00f3mo es el balance actual?<\/h2>\n<p>Tras el nuevo decreto fronterizo, existe un primer balance del jueves y viernes pasados (8 y 9 de mayo de 2025), inmediatamente despu\u00e9s de la orden de Dobrindt, que cita el diario de masas <em>Imagen el domingo<\/em>. La Polic\u00eda Federal alemana registr\u00f3 durante estos dos d\u00edas 365 entradas no autorizadas en todas las fronteras. 286 migrantes fueron devueltos, incluidos 19 que hab\u00edan solicitado asilo. Entre los principales motivos de rechazo contaron: visado no v\u00e1lido, documentos falsificados o prohibici\u00f3n de entrada. Cuatro personas fueron clasificadas como \u00abvulnerables\u00bb y se les permiti\u00f3 la entrada.<\/p>\n<p>Adem\u00e1s, seg\u00fan ese peri\u00f3dico, en dos d\u00edas fueron detenidos provisionalmente 14 contrabandistas, se ejecutaron 48 \u00f3rdenes de arresto pendientes y nueve personas del espectro extremista o islamista fueron detenidas al entrar.<\/p>\n<p>(CP\/RML)<\/p>\n<\/div>\n\n","protected":false},"excerpt":{"rendered":"<p>1. \u00bfQu\u00e9 orden\u00f3 exactamente el ministro alem\u00e1n del Interior, Dobrindt? El nuevo ministro alem\u00e1n del Interior, Alexander Dobrindt, del partido conservador Uni\u00f3n Social Cristiana (CSU), est\u00e1 reforzando los controles en las fronteras exteriores de Alemania. Las personas que solicitan asilo tambi\u00e9n ser\u00e1n rechazadas en las fronteras si no pueden presentar documentos de entrada v\u00e1lidos, o &hellip;<\/p>\n","protected":false},"author":1,"featured_media":27048,"comment_status":"open","ping_status":"open","sticky":false,"template":"","format":"standard","meta":{"fifu_image_url":"https:\/\/static.dw.com\/image\/72506429_6.jpg","fifu_image_alt":"","footnotes":""},"categories":[13],"tags":[],"class_list":["post-27047","post","type-post","status-publish","format-standard","has-post-thumbnail","","category-mundo"],"_links":{"self":[{"href":"https:\/\/noticiasveraces.com\/index.php?rest_route=\/wp\/v2\/posts\/27047","targetHints":{"allow":["GET"]}}],"collection":[{"href":"https:\/\/noticiasveraces.com\/index.php?rest_route=\/wp\/v2\/posts"}],"about":[{"href":"https:\/\/noticiasveraces.com\/index.php?rest_route=\/wp\/v2\/types\/post"}],"author":[{"embeddable":true,"href":"https:\/\/noticiasveraces.com\/index.php?rest_route=\/wp\/v2\/users\/1"}],"replies":[{"embeddable":true,"href":"https:\/\/noticiasveraces.com\/index.php?rest_route=%2Fwp%2Fv2%2Fcomments&post=27047"}],"version-history":[{"count":0,"href":"https:\/\/noticiasveraces.com\/index.php?rest_route=\/wp\/v2\/posts\/27047\/revisions"}],"wp:featuredmedia":[{"embeddable":true,"href":"https:\/\/noticiasveraces.com\/index.php?rest_route=\/wp\/v2\/media\/27048"}],"wp:attachment":[{"href":"https:\/\/noticiasveraces.com\/index.php?rest_route=%2Fwp%2Fv2%2Fmedia&parent=27047"}],"wp:term":[{"taxonomy":"category","embeddable":true,"href":"https:\/\/noticiasveraces.com\/index.php?rest_route=%2Fwp%2Fv2%2Fcategories&post=27047"},{"taxonomy":"post_tag","embeddable":true,"href":"https:\/\/noticiasveraces.com\/index.php?rest_route=%2Fwp%2Fv2%2Ftags&post=27047"}],"curies":[{"name":"wp","href":"https:\/\/api.w.org\/{rel}","templated":true}]}}