{"id":27021,"date":"2025-05-12T23:35:14","date_gmt":"2025-05-13T03:35:14","guid":{"rendered":"https:\/\/noticiasveraces.com\/?p=27021"},"modified":"2025-05-12T23:35:14","modified_gmt":"2025-05-13T03:35:14","slug":"nestor-lorenzo-habria-cumplido-capricho-a-james-rodriguez-por-que-colombia-entrenara-en-medellin-seleccion-colombia","status":"publish","type":"post","link":"https:\/\/noticiasveraces.com\/?p=27021","title":{"rendered":"N\u00e9stor Lorenzo habr\u00eda cumplido capricho a James Rodr\u00edguez: \u00bfpor qu\u00e9 Colombia entrenar\u00e1 en Medell\u00edn? | Selecci\u00f3n Colombia"},"content":{"rendered":"<p> \n<br \/><img decoding=\"async\" src=\"https:\/\/www.futbolred.com\/files\/article_graphic\/uploads\/2024\/11\/11\/67329675815aa.jpeg\" \/><\/p>\n<div id=\"cuerpoArticulo\">\n<p class=\"texto intro\" id=\"p245422-m443-442-444\">La Selecci\u00f3n Colombia ya prepara su plan de trabajo para afrontar los partidos contra Per\u00fa y Argentina, el 4 y 7 de junio, por las jornadas 15 y 16 de las Eliminatorias Sudamericanas, en las que busca sellar su clasificaci\u00f3n a la Copa Mundial de la FIFA 2026.<\/p>\n<p>Aunque la convocatoria de jugadores no se ha hecho oficial por parte de la Federaci\u00f3n Colombiana de F\u00fatbol, el entrenador N\u00e9stor Lorenzo ya tiene estimado que un grupo de jugadores que terminan su temporada en Europa, puedan hacer trabajos de adecuaci\u00f3n f\u00edsica luego de unos d\u00edas descanso.<\/p>\n<p class=\"texto intro\" id=\"p245422-m455-1-456\">Lorenzo tom\u00f3 decisiones que han causado pol\u00e9mica, pues cambiar\u00e1 la sede deportiva que tiene la Selecci\u00f3n en Barranquilla y realizar\u00eda trabajos en Medell\u00edn. No se tratar\u00eda de una concentraci\u00f3n, solo de unidades de trabajo diarias, con la libertad para los jugadores de estar con su familia y amigos, mientras que integran oficialmente tras la convocatoria.<\/p>\n<p class=\"texto contenido-parrafo-articulo\" id=\"p245422-m499-4-500\">Varios jugadores de la Selecci\u00f3n tienen casa en Medell\u00edn, as\u00ed que dormir\u00edan en sus hogares; otros que sean citados, se quedar\u00edan en un hotel que dispondr\u00eda la Federaci\u00f3n. Sin embargo, esa medida ya hace correr un rumor: N\u00e9stor Lorenzo plane\u00f3 todo para favorecer a James Rodr\u00edguez, quien tiene una espectacular mansi\u00f3n en la zona de \u00e9lite de la capital antioque\u00f1o.<\/p>\n<p>Al parecer, hay molestia porque la Federaci\u00f3n tiene una moderna sede deportiva en la ciudad que es la casa de la Selecci\u00f3n, pero le ofrecer\u00e1 todo lo que necesite a N\u00e9stor Lorenzo para que no haya excusa en los pr\u00f3ximos partidos de Clasificatorias de Conmebol.<\/p>\n<p>Lo cierto es que esa versi\u00f3n de que el seleccionador le \u2018cumplir\u00e1 el capricho\u2019 a James, no tiene un argumento de peso. M\u00e1s all\u00e1 de las claras preferencias que hay con el \u201810\u2019, la decisi\u00f3n del cuerpo t\u00e9cnico es pensada y proyectada para sacar el mejor provecho de los jugadores que brillan en Europa.<\/p>\n<\/p><\/div>\n\n","protected":false},"excerpt":{"rendered":"<p>La Selecci\u00f3n Colombia ya prepara su plan de trabajo para afrontar los partidos contra Per\u00fa y Argentina, el 4 y 7 de junio, por las jornadas 15 y 16 de las Eliminatorias Sudamericanas, en las que busca sellar su clasificaci\u00f3n a la Copa Mundial de la FIFA 2026. Aunque la convocatoria de jugadores no se &hellip;<\/p>\n","protected":false},"author":1,"featured_media":27023,"comment_status":"open","ping_status":"open","sticky":false,"template":"","format":"standard","meta":{"fifu_image_url":"https:\/\/www.futbolred.com\/files\/og_thumbnail\/uploads\/2024\/11\/11\/67329675815aa.jpeg","fifu_image_alt":"","footnotes":""},"categories":[6],"tags":[],"class_list":["post-27021","post","type-post","status-publish","format-standard","has-post-thumbnail","","category-deportes"],"_links":{"self":[{"href":"https:\/\/noticiasveraces.com\/index.php?rest_route=\/wp\/v2\/posts\/27021","targetHints":{"allow":["GET"]}}],"collection":[{"href":"https:\/\/noticiasveraces.com\/index.php?rest_route=\/wp\/v2\/posts"}],"about":[{"href":"https:\/\/noticiasveraces.com\/index.php?rest_route=\/wp\/v2\/types\/post"}],"author":[{"embeddable":true,"href":"https:\/\/noticiasveraces.com\/index.php?rest_route=\/wp\/v2\/users\/1"}],"replies":[{"embeddable":true,"href":"https:\/\/noticiasveraces.com\/index.php?rest_route=%2Fwp%2Fv2%2Fcomments&post=27021"}],"version-history":[{"count":0,"href":"https:\/\/noticiasveraces.com\/index.php?rest_route=\/wp\/v2\/posts\/27021\/revisions"}],"wp:featuredmedia":[{"embeddable":true,"href":"https:\/\/noticiasveraces.com\/index.php?rest_route=\/wp\/v2\/media\/27023"}],"wp:attachment":[{"href":"https:\/\/noticiasveraces.com\/index.php?rest_route=%2Fwp%2Fv2%2Fmedia&parent=27021"}],"wp:term":[{"taxonomy":"category","embeddable":true,"href":"https:\/\/noticiasveraces.com\/index.php?rest_route=%2Fwp%2Fv2%2Fcategories&post=27021"},{"taxonomy":"post_tag","embeddable":true,"href":"https:\/\/noticiasveraces.com\/index.php?rest_route=%2Fwp%2Fv2%2Ftags&post=27021"}],"curies":[{"name":"wp","href":"https:\/\/api.w.org\/{rel}","templated":true}]}}