{"id":27004,"date":"2025-05-12T20:09:43","date_gmt":"2025-05-13T00:09:43","guid":{"rendered":"https:\/\/noticiasveraces.com\/?p=27004"},"modified":"2025-05-12T20:09:43","modified_gmt":"2025-05-13T00:09:43","slug":"masacre-yihadista-deja-decenas-de-muertos-en-burkina-faso-dw-13-05-2025","status":"publish","type":"post","link":"https:\/\/noticiasveraces.com\/?p=27004","title":{"rendered":"Masacre yihadista deja decenas de muertos en Burkina Faso \u2013 DW \u2013 13\/05\/2025"},"content":{"rendered":"<p> \n<\/p>\n<div>\n<p>Una nueva ola de violencia yihadista dej\u00f3 decenas de soldados y civiles asesinados en ataques simult\u00e1neos en una ciudad del norte de Burkina Faso, asediada durante tres a\u00f1os por grupos armados, informaron fuentes locales este lunes (12.05.2025).<\/p>\n<p>El pa\u00eds de \u00c1frica occidental, gobernado por una junta militar, ha sufrido una d\u00e9cada de ataques por parte de grupos armados yihadistas vinculados a Al Qaeda y el Estado Isl\u00e1mico.<\/p>\n<p>El domingo, cientos de yihadistas llevaron a cabo ataques simult\u00e1neos contra un destacamento militar y puestos policiales, adem\u00e1s de realizar incursiones en diversas zonas de la ciudad de Djibo, seg\u00fan informaron fuentes locales y de seguridad.<\/p>\n<p>La ciudad se encuentra cerca de la triple frontera entre N\u00edger, Burkina Faso y Mali, plagada de grupos yihadistas.<\/p>\n<p>Los asaltantes \u00abllegaron por cientos, en motocicletas y veh\u00edculos, rodeando pr\u00e1cticamente la ciudad\u00bb, declar\u00f3 una fuente de seguridad.<\/p>\n<h2>Mujeres y ni\u00f1os se salvaron<\/h2>\n<p>\u00abGrupos realizaron incursiones en algunas zonas de la ciudad, causando bajas civiles\u00bb, indic\u00f3 otra fuente, a\u00f1adiendo que se hab\u00eda registrado un n\u00famero indeterminado de bajas militares. Residentes que hablaron con afp y ap por tel\u00e9fono confirmaron los ataques y dieron una cifra de muertos de \u00abvarias decenas\u00bb.<\/p>\n<p>En un distrito de la ciudad, \u00abse ejecut\u00f3 a varias personas frente a sus casas\u00bb, en particular a hombres adultos, seg\u00fan declar\u00f3 un residente de Djibo bajo condici\u00f3n de anonimato.<\/p>\n<p>\u00abLas mujeres y los ni\u00f1os se salvaron\u00bb, declar\u00f3 el residente.<\/p>\n<p>\u00abEl tiroteo dur\u00f3 varias horas. Hasta la tarde, todav\u00eda se o\u00edan fuertes disparos\u00bb, a\u00f1adi\u00f3.<\/p>\n<p>Una estudiante de la zona dijo que su padre estaba entre los muertos.<\/p>\n<p>Un grupo yihadista alineado con Al Qaeda conocido como Grupo de Apoyo al Islam y a los Musulmanes (JNIM), activo en la regi\u00f3n del Sahel, reivindic\u00f3 la autor\u00eda del atentado.<\/p>\n<p>Seg\u00fan Wamaps, un grupo de periodistas de \u00c1frica occidental que cubre temas de seguridad en el Sahel, los yihadistas permanecieron en la ciudad desde las 6:00 a. m. hasta la 1:00 p. m. y huyeron antes de la llegada de las fuerzas especiales burkinesas.<\/p>\n<p>El grupo confirm\u00f3 un saldo de v\u00edctimas \u00abmuy elevado\u00bb.<\/p>\n<p><span data-slot-id=\"Article_InContent-1\" class=\"rich-text-ad\"\/><\/p>\n<h2>Djibo est\u00e1 de luto<\/h2>\n<p>\u00abDesde ayer por la noche, ha vuelto la calma, pero la ciudad est\u00e1 de luto. No entendemos c\u00f3mo un ataque de esta magnitud pudo llevarse a cabo durante varias horas\u00bb, declar\u00f3 otro residente a AFP. \u00ab\u00bfHuir? No, no es posible salir de Djibo sin escolta. Estamos condenados a quedarnos\u00bb, dijo el residente.<\/p>\n<p>El ej\u00e9rcito burkin\u00e9s organiza convoyes seguros para reabastecer la ciudad, pero son irregulares.<\/p>\n<p>Varias otras zonas del centro y norte de Burkina Faso tambi\u00e9n fueron atacadas el domingo, seg\u00fan fuentes de seguridad, que no informaron sobre el n\u00famero de v\u00edctimas.<\/p>\n<p>La junta militar del capit\u00e1n Ibrahim Traor\u00e9, que tom\u00f3 el poder en septiembre de 2022, rara vez informa sobre los ataques y afirma con frecuencia haber recuperado territorios sometidos a los yihadistas. Sin embargo, el pa\u00eds sigue atrapado en una espiral de violencia que ha dejado m\u00e1s de 26.000 muertos, tanto civiles como militares, desde 2015.<\/p>\n<p>M\u00e1s de la mitad de ellos han ocurrido en los \u00faltimos tres a\u00f1os, seg\u00fan la ONG Acled, que rastrea a las v\u00edctimas del conflicto.<\/p>\n<p>Por otra parte, el ej\u00e9rcito y sus voluntarios civiles son acusados \u200b\u200bregularmente de violaciones.<\/p>\n<h2>HRW se\u00f1ala de otra masacre a fuerzas de seguridad<\/h2>\n<p>El lunes, Human Rights Watch acus\u00f3 a las fuerzas de seguridad de haber \u00abliderado y participado\u00bb en una masacre ocurrida en marzo, en la que murieron al menos 130 civiles de etnia fulani.<\/p>\n<p>La junta ha abandonado los v\u00ednculos con Francia, su antiguo amo colonial y socio tradicional, y se ha acercado a Rusia.<\/p>\n<p>El ataque en Djibo se produjo cuando el jefe de la junta, Traor\u00e9, regresaba de Mosc\u00fa, donde asisti\u00f3 el viernes al desfile militar en la Plaza Roja junto al presidente Vladimir Putin, en conmemoraci\u00f3n de la derrota de los nazis hace 80 a\u00f1os.<\/p>\n<p>JC (AFP, AP)<\/p>\n<\/div>\n\n","protected":false},"excerpt":{"rendered":"<p>Una nueva ola de violencia yihadista dej\u00f3 decenas de soldados y civiles asesinados en ataques simult\u00e1neos en una ciudad del norte de Burkina Faso, asediada durante tres a\u00f1os por grupos armados, informaron fuentes locales este lunes (12.05.2025). El pa\u00eds de \u00c1frica occidental, gobernado por una junta militar, ha sufrido una d\u00e9cada de ataques por parte &hellip;<\/p>\n","protected":false},"author":1,"featured_media":27005,"comment_status":"open","ping_status":"open","sticky":false,"template":"","format":"standard","meta":{"fifu_image_url":"https:\/\/static.dw.com\/image\/61912223_6.jpg","fifu_image_alt":"","footnotes":""},"categories":[13],"tags":[],"class_list":["post-27004","post","type-post","status-publish","format-standard","has-post-thumbnail","","category-mundo"],"_links":{"self":[{"href":"https:\/\/noticiasveraces.com\/index.php?rest_route=\/wp\/v2\/posts\/27004","targetHints":{"allow":["GET"]}}],"collection":[{"href":"https:\/\/noticiasveraces.com\/index.php?rest_route=\/wp\/v2\/posts"}],"about":[{"href":"https:\/\/noticiasveraces.com\/index.php?rest_route=\/wp\/v2\/types\/post"}],"author":[{"embeddable":true,"href":"https:\/\/noticiasveraces.com\/index.php?rest_route=\/wp\/v2\/users\/1"}],"replies":[{"embeddable":true,"href":"https:\/\/noticiasveraces.com\/index.php?rest_route=%2Fwp%2Fv2%2Fcomments&post=27004"}],"version-history":[{"count":0,"href":"https:\/\/noticiasveraces.com\/index.php?rest_route=\/wp\/v2\/posts\/27004\/revisions"}],"wp:featuredmedia":[{"embeddable":true,"href":"https:\/\/noticiasveraces.com\/index.php?rest_route=\/wp\/v2\/media\/27005"}],"wp:attachment":[{"href":"https:\/\/noticiasveraces.com\/index.php?rest_route=%2Fwp%2Fv2%2Fmedia&parent=27004"}],"wp:term":[{"taxonomy":"category","embeddable":true,"href":"https:\/\/noticiasveraces.com\/index.php?rest_route=%2Fwp%2Fv2%2Fcategories&post=27004"},{"taxonomy":"post_tag","embeddable":true,"href":"https:\/\/noticiasveraces.com\/index.php?rest_route=%2Fwp%2Fv2%2Ftags&post=27004"}],"curies":[{"name":"wp","href":"https:\/\/api.w.org\/{rel}","templated":true}]}}