{"id":27002,"date":"2025-05-12T19:07:36","date_gmt":"2025-05-12T23:07:36","guid":{"rendered":"https:\/\/noticiasveraces.com\/?p=27002"},"modified":"2025-05-12T19:07:36","modified_gmt":"2025-05-12T23:07:36","slug":"como-afecta-a-india-y-pakistan-el-conflicto-por-cachemira-dw-12-05-2025","status":"publish","type":"post","link":"https:\/\/noticiasveraces.com\/?p=27002","title":{"rendered":"C\u00f3mo afecta a India y Pakist\u00e1n el conflicto por Cachemira \u2013 DW \u2013 12\/05\/2025"},"content":{"rendered":"<p> \n<\/p>\n<div>\n<p>Hasta hace poco, el Ej\u00e9rcito de Pakist\u00e1n\u00a0enfrentaba cr\u00edticas por su presunto papel en la pol\u00edtica desde todos los sectores de la sociedad. Muchos en Pakist\u00e1n acusaron a los militares de manipular las elecciones generales del a\u00f1o pasado para mantener al ex primer ministro Imran Khan fuera del poder. Culparon especialmente al jefe del Ej\u00e9rcito, el general Asim Munir, por su papel en el encarcelamiento de Khan, una acusaci\u00f3n que los militares niegan.<\/p>\n<p>\u00abEstamos afrontando muchos problemas por culpa del Ej\u00e9rcito\u00bb, dijo a DW un taxista de Karachi hace un mes. \u00abMantienen a Khan tras las rejas porque ha desafiado el dominio militar\u00bb. Pero todo cambi\u00f3 despu\u00e9s del mortal ataque contra turistas hind\u00faes en la ciudad de Pahalgam, en la Cachemira\u00a0administrada por la India, el 22 de abril, en el que murieron 26 personas, en su mayor\u00eda hombres hind\u00faes.<\/p>\n<p>Ese ataque fue reivindicado por un grupo autodenominado Resistencia de Cachemira, conocido en la India tambi\u00e9n como Frente de Resistencia, vinculado a Lashkar-e-Toiba (LeT), una organizaci\u00f3n calificada por las Naciones Unidas como terrorista.<\/p>\n<p>Nueva Delhi culp\u00f3 a Islamabad de respaldar el ataque, una acusaci\u00f3n que Pakist\u00e1n rechaza. La crisis pronto deriv\u00f3 en un importante conflicto militar entre los dos archirrivales poseedores de armas nucleares.<\/p>\n<p>El 7 de mayo, la Fuerza A\u00e9rea india lanz\u00f3 ataques con misiles contra lo que Nueva Delhi dijo que eran campamentos terroristas en Pakist\u00e1n y en la Cachemira administrada por Pakist\u00e1n. Decenas de personas murieron en estos ataques, y el n\u00famero de muertos aument\u00f3 cuando Pakist\u00e1n tom\u00f3 represalias con sus propios ataques dos d\u00edas despu\u00e9s.<\/p>\n<figure class=\"placeholder-image master_landscape big\"><img data-format=\"MASTER_LANDSCAPE\" data-id=\"72522461\" data-url=\"https:\/\/static.dw.com\/image\/72522461_${formatId}.jpg\" data-aspect-ratio=\"16\/9\" alt=\"Pantallas de televisi\u00f3n en un negocio muestran el discurso de Modi tras la Operaci\u00f3n Sindoor contra Pakist\u00e1n.\" style=\"padding-bottom: 56.25%; height: 0; max-height: 0;\"\/><figcaption class=\"img-caption\">Transmisi\u00f3n del discurso del primer ministro indio, Narendra Modi, luego de la Operaci\u00f3n Sindoor contra Pakist\u00e1n. (12.05.2025).<small class=\"copyright\">Imagen: Rajanish Kakade\/AP\/Picture Alliance<\/small><\/figcaption><\/figure>\n<h2>Ej\u00e9rcito de Pakist\u00e1n vuelve a tomar el control<\/h2>\n<p>\u00abLos reg\u00edmenes impopulares se ven beneficiados por este tipo de conflictos militares. Luego del ataque de la India, incluso los cr\u00edticos del Ej\u00e9rcito pakistan\u00ed, generalmente liberales y seculares, demandaron que Islamabad deber\u00eda darle una lecci\u00f3n a Nueva Delhi\u00bb, dijo a DW Naazir Mahmood, analista pol\u00edtico con base en Islamabad.<\/p>\n<p>Tanto India como Pakist\u00e1n reclamaron para s\u00ed la victoria en el reciente conflicto de Cachemira, y los ciudadanos se unieron apoyando a sus Gobiernos. En las redes sociales, los usuarios elogiaron a las fuerzas armadas con fervor nacionalista, y muchos salieron a \u00abcelebrar el \u00e9xito\u00bb\u00a0del Ej\u00e9rcito de Pakist\u00e1n en las calles.<\/p>\n<p>El analista Mahmood opina que el Ej\u00e9rcito recuper\u00f3 su prestigio en el \u00e1mbito dom\u00e9stico. \u00abAunque los militares ya controlan todas las esferas de Gobierno, ahora su control sobre la pol\u00edtica ser\u00e1 m\u00e1s estricto\u00bb, dijo.<\/p>\n<p>El periodista y analista Farook Sulehria, que trabaja en Lahore, dijo que no hay m\u00e9todo cient\u00edfico para medir el aumento de la popularidad de los militares en la poblaci\u00f3n tras los \u00faltimos combates, pero que las publicaciones en las redes sociales y los comentarios en los principales medios de comunicaci\u00f3n definitivamente muestran una tendencia al alza.<\/p>\n<p>\u00abLo que debemos entender es que el apoyo a los militares surge de un sentimiento antiindio. Los militares presentar\u00e1n esta breve guerra como un \u00e9xito propio. La utilizar\u00e1n para construir su imagen\u00bb, explic\u00f3 Sulehria a DW.<\/p>\n<p><span data-slot-id=\"Article_InContent-1\" class=\"rich-text-ad\"\/><\/p>\n<h2>Los \u00abdefensores de la narrativa hinduista\u00bb<\/h2>\n<p>Tambi\u00e9n los nacionalistas en la India describen el episodio como un \u00abtriunfo\u00bb\u00a0del primer ministro Narendra Modi y su partido nacionalista hind\u00fa, el Bharatiya Janata Party (BJP). El ataque en Pahalgam ejerci\u00f3 una intensa presi\u00f3n sobre el Gobierno de Modi para que contraatacara y castigara a los perpetradores y a quienes los apoyaban.<\/p>\n<p>\u00abPara la India y el primer ministro Modi, el ataque del 22 de abril deb\u00eda ser respondido, sobre todo despu\u00e9s de que la oposici\u00f3n y los usuarios de redes sociales reprodujeran videos de Modi reprendiendo al ex primer ministro Manmohan Singh tras el ataque terrorista del 26\/11 en Bombay en 2008 [por la falta de respuesta]\u00bb, declar\u00f3 Uday Bhaskar, oficial naval indio retirado, a DW. <\/p>\n<figure class=\"placeholder-image master_landscape big\"><img data-format=\"MASTER_LANDSCAPE\" data-id=\"72517896\" data-url=\"https:\/\/static.dw.com\/image\/72517896_${formatId}.jpg\" data-aspect-ratio=\"16\/9\" alt=\"Una imagen combinada muesta a Narendra Modi, por un lado, y al general pakistan\u00ed Asim Munir, jefe del Ej\u00e9rcito de Pakist\u00e1n, por el otro.\" style=\"padding-bottom: 56.25%; height: 0; max-height: 0;\"\/><figcaption class=\"img-caption\">Narendra Modi (izqda.) y el general pakistan\u00ed Asim Munir, jefe del Ej\u00e9rcito de Pakist\u00e1n.<small class=\"copyright\">Imagen: WK Yousufzai\/AP\/Picture Alliance\/Gareth Copley\/Getty Images<\/small><\/figcaption><\/figure>\n<p>Esta narrativa refuerza la imagen de una India liderada por Modi como asertiva, en\u00e9rgica y con tolerancia cero al terrorismo yihadista. Axiom\u00e1ticamente, esto conduce a la narrativa del \u00abdefensor de los hind\u00faes\u00bb, lo cual tiene beneficios electorales. Las pr\u00f3ximas elecciones a la asamblea de Bihar ser\u00e1n un caso de prueba\u00bb, subray\u00f3 Bhaskar.<\/p>\n<p>Sin embargo, el alto el fuego negociado por Estados Unidos entre India y Pakist\u00e1n ha irritado a los nacionalistas hind\u00faes en la India, seg\u00fan Shanthie Mariet D&#8217;Souza, presidenta del Instituto Mantraya de Estudios Estrat\u00e9gicos. \u00abNo creo que el alto el fuego sea aceptable para todos los grupos nacionalistas indios, ya que est\u00e1 muy por debajo de sus expectativas de infligir p\u00e9rdidas a Pakist\u00e1n\u00bb, declar\u00f3 a DW.<\/p>\n<p>\u00abSin embargo, la pol\u00edtica futura del BJP hacia Pakist\u00e1n seguir\u00e1 siendo la misma hasta que Islamabad renuncie a su reclamaci\u00f3n sobre Cachemira y deje de promover el terrorismo. Esa ha sido, en general, la pol\u00edtica de otros partidos pol\u00edticos\u00bb, subray\u00f3 D&#8217;Souza.<\/p>\n<figure class=\"placeholder-image master_landscape big\"><img data-format=\"MASTER_LANDSCAPE\" data-id=\"72507044\" data-url=\"https:\/\/static.dw.com\/image\/72507044_${formatId}.jpg\" data-aspect-ratio=\"16\/9\" alt=\"Edificios en ruinas en Muridke, Pakist\u00e1n, luego de un bombardeo del Ej\u00e9rcito de India.\" style=\"padding-bottom: 56.25%; height: 0; max-height: 0;\"\/><figcaption class=\"img-caption\">Ruinas en Muridke, Pakist\u00e1n, luego de un bombardeo del Ej\u00e9rcito de India.<small class=\"copyright\">Imagen: Sajjad\/Xinhua\/Picture Alliance<\/small><\/figcaption><\/figure>\n<h2>M\u00e1s restricciones en India y Pakist\u00e1n<\/h2>\n<p>Los expertos afirman que, a pesar del patrioterismo en ambos pa\u00edses tras el conflicto, en \u00faltima instancia, ser\u00e1 la gente com\u00fan de ambas naciones la que cargar\u00e1 con el costo de la violencia.<\/p>\n<p>\u00abEl Gobierno planea presentar su presupuesto estatal anual en junio, y ya dijo que planea incrementar sustancialmente el presupuesto para defensa. Los fondos para desarrollo disminuir\u00e1n. Veo a los militares gobernando el pa\u00eds con mano de hierro en los pr\u00f3ximos a\u00f1os\u00bb, se\u00f1ala Mahmood.<\/p>\n<p>Para Sulehria, el escenario actual no augura nada bueno para los derechos civiles en Pakist\u00e1n. \u00abAhora, habr\u00e1 una mayor represi\u00f3n contra los movimientos populares en las provincias de Baluchist\u00e1n y Khyber Pakhtunkhwa. Las autoridades recurrir\u00e1n a medidas m\u00e1s represivas en todo el pa\u00eds\u00bb, pronostica el experto.<\/p>\n<p>Al ser preguntado sobre si Nueva Delhi podr\u00eda utilizar el conflicto para marginalizar a los cr\u00edticos, a los opositores y a las comunidades minoritarias, Bhaskar admite que \u00abpodr\u00edan aumentar las restricciones en las redes sociales\u00bb, pero espera que el Gobierno indio no vaya por ese camino.<\/p>\n<p>(CP\/RML)<\/p>\n<\/div>\n\n","protected":false},"excerpt":{"rendered":"<p>Hasta hace poco, el Ej\u00e9rcito de Pakist\u00e1n\u00a0enfrentaba cr\u00edticas por su presunto papel en la pol\u00edtica desde todos los sectores de la sociedad. Muchos en Pakist\u00e1n acusaron a los militares de manipular las elecciones generales del a\u00f1o pasado para mantener al ex primer ministro Imran Khan fuera del poder. Culparon especialmente al jefe del Ej\u00e9rcito, el &hellip;<\/p>\n","protected":false},"author":1,"featured_media":27003,"comment_status":"open","ping_status":"open","sticky":false,"template":"","format":"standard","meta":{"fifu_image_url":"https:\/\/static.dw.com\/image\/72501726_6.jpg","fifu_image_alt":"","footnotes":""},"categories":[13],"tags":[],"class_list":["post-27002","post","type-post","status-publish","format-standard","has-post-thumbnail","","category-mundo"],"_links":{"self":[{"href":"https:\/\/noticiasveraces.com\/index.php?rest_route=\/wp\/v2\/posts\/27002","targetHints":{"allow":["GET"]}}],"collection":[{"href":"https:\/\/noticiasveraces.com\/index.php?rest_route=\/wp\/v2\/posts"}],"about":[{"href":"https:\/\/noticiasveraces.com\/index.php?rest_route=\/wp\/v2\/types\/post"}],"author":[{"embeddable":true,"href":"https:\/\/noticiasveraces.com\/index.php?rest_route=\/wp\/v2\/users\/1"}],"replies":[{"embeddable":true,"href":"https:\/\/noticiasveraces.com\/index.php?rest_route=%2Fwp%2Fv2%2Fcomments&post=27002"}],"version-history":[{"count":0,"href":"https:\/\/noticiasveraces.com\/index.php?rest_route=\/wp\/v2\/posts\/27002\/revisions"}],"wp:featuredmedia":[{"embeddable":true,"href":"https:\/\/noticiasveraces.com\/index.php?rest_route=\/wp\/v2\/media\/27003"}],"wp:attachment":[{"href":"https:\/\/noticiasveraces.com\/index.php?rest_route=%2Fwp%2Fv2%2Fmedia&parent=27002"}],"wp:term":[{"taxonomy":"category","embeddable":true,"href":"https:\/\/noticiasveraces.com\/index.php?rest_route=%2Fwp%2Fv2%2Fcategories&post=27002"},{"taxonomy":"post_tag","embeddable":true,"href":"https:\/\/noticiasveraces.com\/index.php?rest_route=%2Fwp%2Fv2%2Ftags&post=27002"}],"curies":[{"name":"wp","href":"https:\/\/api.w.org\/{rel}","templated":true}]}}