{"id":26997,"date":"2025-05-12T17:32:59","date_gmt":"2025-05-12T21:32:59","guid":{"rendered":"https:\/\/noticiasveraces.com\/?p=26997"},"modified":"2025-05-12T17:32:59","modified_gmt":"2025-05-12T21:32:59","slug":"revuelo-por-posibilidad-de-dayro-moreno-y-teofilo-gutierrez-juntos-en-liga-betplay-vea-estrategia-futbol-colombiano-liga-betplay","status":"publish","type":"post","link":"https:\/\/noticiasveraces.com\/?p=26997","title":{"rendered":"Revuelo por posibilidad de Dayro Moreno y Te\u00f3filo Guti\u00e9rrez juntos en Liga Betplay, vea estrategia | Futbol Colombiano | Liga Betplay"},"content":{"rendered":"<p> \n<br \/><img decoding=\"async\" src=\"https:\/\/www.futbolred.com\/files\/article_graphic\/uploads\/2025\/05\/12\/68224aa175397.jpeg\" \/><\/p>\n<div id=\"cuerpoArticulo\">\n<p class=\"texto intro\" id=\"p245418-m763-762-764\">Son dos de los atacantes m\u00e1s veteranos del f\u00fatbol colombino, ex campeones continentales y due\u00f1os de un car\u00e1cter que los hace impredecibles. <\/p>\n<p class=\"texto contenido-parrafo-articulo\" id=\"p245418-m781-2-782\">Por eso no sorprende que, en alg\u00fan momento, se animen a compartir en un mismo club Te\u00f3filo Guti\u00e9rrez y Dayro Moreno, los dos activos todav\u00eda en Junior de Barranquilla y Once Caldas, respectivamente. <\/p>\n<p><b>\u00bfQui\u00e9n reunir\u00e1 a Teo y Dayro?<\/b><\/p>\n<p>Seg\u00fan el periodista Juan Feliipe Cadavid, el momento de verlos juntos se acerca: \u00abDayro Moreno y Te\u00f3filo Guti\u00e9rrez jugar\u00e1n juntos en un mismo club: \u201cATENCI\u00d3N. Negociaciones avanzadas. Me dicen que DAYRO MORENO y TEO GUTI\u00c9RREZ van a estar en el mismo club muy pronto\u201d, dijo.<\/p>\n<div id=\"p245418-m787-3-788\" class=\"\">\n<blockquote class=\"twitter-tweet\">\n<p lang=\"es\" dir=\"ltr\">\ud83d\udea8ATENCI\u00d3N \ud83d\udea8<\/p>\n<p>Negociaciones avanzadas \ud83e\udd1d<\/p>\n<p>Me dicen que DAYRO MORENO y TEO GUTI\u00c9RREZ van a estar en el mismo club muy pronto <\/p>\n<p>\ud83d\udea8\ud83d\udca3 <a href=\"https:\/\/t.co\/sgILw3oZvT\">pic.twitter.com\/sgilw3ozvt<\/a><\/p>\n<p>\u2014 Juan Felipe Cadavid (@JFCadavid) <a href=\"https:\/\/twitter.com\/JFCadavid\/status\/1921914390665744674?ref_src=twsrc%5Etfw\">12 de mayo de 2025<\/a><\/p><\/blockquote><\/div>\n<p class=\"texto contenido-parrafo-articulo\" id=\"p245418-m793-4-794\">De inmediato empezaron a hacerse cuentas y especulaciones sobre cu\u00e1l ser\u00eda el club que los juntar\u00eda. Por las dudas, Dayro termina contrato en diciembre de 2025 y Te\u00f3filo en el pr\u00f3ximo mes de junio&#8230;<\/p>\n<p>Muchos recordaron que Moreno y Guti\u00e9rrez ya jugaron juntos una vez, en el equipo tibur\u00f3n durante el a\u00f1o 2012, adem\u00e1s de la experiencia que sumaron en la Selecci\u00f3n Colombia de mayores. <\/p>\n<p>Sin embargo, en el fondo no habr\u00eda un tema deportivo sino publicitario, pues una marca los juntar\u00eda en una de sus pr\u00f3ximas campa\u00f1as. Se espera el lanzamiento de dicha estrategia, efectivamente muy pronto.  <\/p>\n<\/p><\/div>\n<p><script async src=\"https:\/\/platform.twitter.com\/widgets.js\" charset=\"utf-8\"><\/script><br \/>\n<br \/>\n","protected":false},"excerpt":{"rendered":"<p>Son dos de los atacantes m\u00e1s veteranos del f\u00fatbol colombino, ex campeones continentales y due\u00f1os de un car\u00e1cter que los hace impredecibles. Por eso no sorprende que, en alg\u00fan momento, se animen a compartir en un mismo club Te\u00f3filo Guti\u00e9rrez y Dayro Moreno, los dos activos todav\u00eda en Junior de Barranquilla y Once Caldas, respectivamente. &hellip;<\/p>\n","protected":false},"author":1,"featured_media":26999,"comment_status":"open","ping_status":"open","sticky":false,"template":"","format":"standard","meta":{"fifu_image_url":"https:\/\/www.futbolred.com\/files\/og_thumbnail\/uploads\/2025\/05\/12\/68224aa175397.jpeg","fifu_image_alt":"","footnotes":""},"categories":[6],"tags":[],"class_list":["post-26997","post","type-post","status-publish","format-standard","has-post-thumbnail","","category-deportes"],"_links":{"self":[{"href":"https:\/\/noticiasveraces.com\/index.php?rest_route=\/wp\/v2\/posts\/26997","targetHints":{"allow":["GET"]}}],"collection":[{"href":"https:\/\/noticiasveraces.com\/index.php?rest_route=\/wp\/v2\/posts"}],"about":[{"href":"https:\/\/noticiasveraces.com\/index.php?rest_route=\/wp\/v2\/types\/post"}],"author":[{"embeddable":true,"href":"https:\/\/noticiasveraces.com\/index.php?rest_route=\/wp\/v2\/users\/1"}],"replies":[{"embeddable":true,"href":"https:\/\/noticiasveraces.com\/index.php?rest_route=%2Fwp%2Fv2%2Fcomments&post=26997"}],"version-history":[{"count":0,"href":"https:\/\/noticiasveraces.com\/index.php?rest_route=\/wp\/v2\/posts\/26997\/revisions"}],"wp:featuredmedia":[{"embeddable":true,"href":"https:\/\/noticiasveraces.com\/index.php?rest_route=\/wp\/v2\/media\/26999"}],"wp:attachment":[{"href":"https:\/\/noticiasveraces.com\/index.php?rest_route=%2Fwp%2Fv2%2Fmedia&parent=26997"}],"wp:term":[{"taxonomy":"category","embeddable":true,"href":"https:\/\/noticiasveraces.com\/index.php?rest_route=%2Fwp%2Fv2%2Fcategories&post=26997"},{"taxonomy":"post_tag","embeddable":true,"href":"https:\/\/noticiasveraces.com\/index.php?rest_route=%2Fwp%2Fv2%2Ftags&post=26997"}],"curies":[{"name":"wp","href":"https:\/\/api.w.org\/{rel}","templated":true}]}}