{"id":26977,"date":"2025-05-12T16:04:56","date_gmt":"2025-05-12T20:04:56","guid":{"rendered":"https:\/\/noticiasveraces.com\/?p=26977"},"modified":"2025-05-12T16:04:56","modified_gmt":"2025-05-12T20:04:56","slug":"abas-levanta-veto-a-al-jazeera-en-territorios-palestinos-dw-12-05-2025","status":"publish","type":"post","link":"https:\/\/noticiasveraces.com\/?p=26977","title":{"rendered":"Ab\u00e1s levanta veto a Al Jazeera en Territorios Palestinos \u2013 DW \u2013 12\/05\/2025"},"content":{"rendered":"<p> \n<\/p>\n<div>\n<p>La Autoridad Nacional Palestina (ANP), que administra parcialmente Cisjordania ocupada, autoriz\u00f3 a la cadena Al Jazeera a reanudar sus actividades y emisiones en los Territorios Palestinos, declar\u00f3 este lunes (12.05.2025) Walid Omari, jefe de oficina del canal catar\u00ed.<\/p>\n<p>\u00abEl presidente palestino Mahmud Ab\u00e1s decidi\u00f3 levantar la prohibici\u00f3n impuesta a la cadena Al Jazeera y permitir que sus equipos reanuden su trabajo\u00bb desde este martes, declar\u00f3 Omari en un comunicado enviado a la Asociaci\u00f3n de la Prensa Extranjera (FPA) de Jerusal\u00e9n.<\/p>\n<p>La ANP anunci\u00f3 el 1 de enero que suspend\u00eda las emisiones de la cadena catar\u00ed y todas sus actividades en los Territorios Palestinos, al acusarla de \u00abinjerencia\u00bb y de \u00abincitar a la sedici\u00f3n\u00bb.<\/p>\n<p>Seg\u00fan la agencia de prensa oficial Wafa, esta decisi\u00f3n se justificaba por \u00abla insistencia de Al Jazeera en difundir contenidos y reportajes caracterizados por la desinformaci\u00f3n\u00bb.<\/p>\n<p>Israel tambi\u00e9n prohibi\u00f3 el medio en el pa\u00eds en mayo de 2024, como resultado de un largo conflicto con el gobierno del primer ministro israel\u00ed Benjamin Netanyahu que se recrudeci\u00f3 durante el conflicto en curso en la Franja de Gaza.<\/p>\n<p>El ej\u00e9rcito israel\u00ed acus\u00f3 en repetidas ocasiones a los periodistas del canal de ser \u00abagentes terroristas\u00bb afiliados al grupo terrorista palestino Ham\u00e1s, el movimiento islamista que gobierna Gaza y que el 7 de octubre de 2023 lanz\u00f3 los ataques en Israel que desencadenaron los enfrentamientos.<\/p>\n<p>RR (AFP\/Reuters\/Efe)<\/p>\n<\/div>\n\n","protected":false},"excerpt":{"rendered":"<p>La Autoridad Nacional Palestina (ANP), que administra parcialmente Cisjordania ocupada, autoriz\u00f3 a la cadena Al Jazeera a reanudar sus actividades y emisiones en los Territorios Palestinos, declar\u00f3 este lunes (12.05.2025) Walid Omari, jefe de oficina del canal catar\u00ed. \u00abEl presidente palestino Mahmud Ab\u00e1s decidi\u00f3 levantar la prohibici\u00f3n impuesta a la cadena Al Jazeera y permitir &hellip;<\/p>\n","protected":false},"author":1,"featured_media":26978,"comment_status":"open","ping_status":"open","sticky":false,"template":"","format":"standard","meta":{"fifu_image_url":"https:\/\/static.dw.com\/image\/69000980_6.jpg","fifu_image_alt":"","footnotes":""},"categories":[13],"tags":[],"class_list":["post-26977","post","type-post","status-publish","format-standard","has-post-thumbnail","","category-mundo"],"_links":{"self":[{"href":"https:\/\/noticiasveraces.com\/index.php?rest_route=\/wp\/v2\/posts\/26977","targetHints":{"allow":["GET"]}}],"collection":[{"href":"https:\/\/noticiasveraces.com\/index.php?rest_route=\/wp\/v2\/posts"}],"about":[{"href":"https:\/\/noticiasveraces.com\/index.php?rest_route=\/wp\/v2\/types\/post"}],"author":[{"embeddable":true,"href":"https:\/\/noticiasveraces.com\/index.php?rest_route=\/wp\/v2\/users\/1"}],"replies":[{"embeddable":true,"href":"https:\/\/noticiasveraces.com\/index.php?rest_route=%2Fwp%2Fv2%2Fcomments&post=26977"}],"version-history":[{"count":0,"href":"https:\/\/noticiasveraces.com\/index.php?rest_route=\/wp\/v2\/posts\/26977\/revisions"}],"wp:featuredmedia":[{"embeddable":true,"href":"https:\/\/noticiasveraces.com\/index.php?rest_route=\/wp\/v2\/media\/26978"}],"wp:attachment":[{"href":"https:\/\/noticiasveraces.com\/index.php?rest_route=%2Fwp%2Fv2%2Fmedia&parent=26977"}],"wp:term":[{"taxonomy":"category","embeddable":true,"href":"https:\/\/noticiasveraces.com\/index.php?rest_route=%2Fwp%2Fv2%2Fcategories&post=26977"},{"taxonomy":"post_tag","embeddable":true,"href":"https:\/\/noticiasveraces.com\/index.php?rest_route=%2Fwp%2Fv2%2Ftags&post=26977"}],"curies":[{"name":"wp","href":"https:\/\/api.w.org\/{rel}","templated":true}]}}