{"id":26970,"date":"2025-05-12T15:03:50","date_gmt":"2025-05-12T19:03:50","guid":{"rendered":"https:\/\/noticiasveraces.com\/?p=26970"},"modified":"2025-05-12T15:03:50","modified_gmt":"2025-05-12T19:03:50","slug":"el-grupo-militante-kurdo-pkk-anuncia-planes-para-desarmar-despues-de-decadas-de-conflicto","status":"publish","type":"post","link":"https:\/\/noticiasveraces.com\/?p=26970","title":{"rendered":"El grupo militante kurdo PKK anuncia planes para desarmar despu\u00e9s de d\u00e9cadas de conflicto"},"content":{"rendered":"<p> \n<\/p>\n<div>\n<p class=\"speakable\">El Partido de los Trabajadores del Kurdist\u00e1n (PKK) anunci\u00f3 el lunes que se disolver\u00e1 y desarmar\u00e1 despu\u00e9s de su insurgencia de m\u00e1s de cuatro d\u00e9cadas contra el estado turco que ha resultado en la muerte de m\u00e1s de 40,000 personas a manos de militantes de PKK y el ej\u00e9rcito de Turqu\u00eda.<\/p>\n<p class=\"speakable\">El PKK ha tratado de crear un estado kurdo independiente en suelo turco, donde los kurdos representan alrededor del 20% de la poblaci\u00f3n de 86 millones de Turqu\u00eda. Estados Unidos, la Uni\u00f3n Europea y Turqu\u00eda han clasificado el PKK como una organizaci\u00f3n terrorista.<\/p>\n<p>En su declaraci\u00f3n, dijo el PKK, seg\u00fan un informe de Reuters, \u00abha completado su misi\u00f3n hist\u00f3rica\u00bb, que a lo largo de los a\u00f1os cambi\u00f3 a buscar mayores derechos kurdos y una autonom\u00eda limitada en el sureste de Turqu\u00eda, en lugar de un estado independiente.<\/p>\n<p><strong>Los ataques de aviones no tripulados turcos en Siria matan a 4 combatientes respaldados por Estados Unidos, herida 11 civiles, dice el grupo kurdo<\/strong><\/p>\n<div class=\"image-ct inline\">\n<div class=\"m\"><picture><source media=\"(max-width: 767px)\" srcset=\"https:\/\/a57.foxnews.com\/static.foxnews.com\/foxnews.com\/content\/uploads\/2018\/09\/343\/192\/Turkey-Election-rally-June5.jpg?ve=1&amp;tl=1, https:\/\/a57.foxnews.com\/static.foxnews.com\/foxnews.com\/content\/uploads\/2018\/09\/686\/384\/Turkey-Election-rally-June5.jpg?ve=1&amp;tl=1 2x\" height=\"192\" width=\"343\"><source media=\"(min-width: 768px) and (max-width: 1023px)\" srcset=\"https:\/\/a57.foxnews.com\/static.foxnews.com\/foxnews.com\/content\/uploads\/2018\/09\/672\/378\/Turkey-Election-rally-June5.jpg?ve=1&amp;tl=1, https:\/\/a57.foxnews.com\/static.foxnews.com\/foxnews.com\/content\/uploads\/2018\/09\/1344\/756\/Turkey-Election-rally-June5.jpg?ve=1&amp;tl=1 2x\" height=\"378\" width=\"672\"><source media=\"(min-width: 1024px) and (max-width: 1279px)\" srcset=\"https:\/\/a57.foxnews.com\/static.foxnews.com\/foxnews.com\/content\/uploads\/2018\/09\/931\/523\/Turkey-Election-rally-June5.jpg?ve=1&amp;tl=1, https:\/\/a57.foxnews.com\/static.foxnews.com\/foxnews.com\/content\/uploads\/2018\/09\/1862\/1046\/Turkey-Election-rally-June5.jpg?ve=1&amp;tl=1 2x\" height=\"523\" width=\"931\"><source media=\"(min-width: 1280px)\" srcset=\"https:\/\/a57.foxnews.com\/static.foxnews.com\/foxnews.com\/content\/uploads\/2018\/09\/720\/405\/Turkey-Election-rally-June5.jpg?ve=1&amp;tl=1, https:\/\/a57.foxnews.com\/static.foxnews.com\/foxnews.com\/content\/uploads\/2018\/09\/1440\/810\/Turkey-Election-rally-June5.jpg?ve=1&amp;tl=1 2x\" height=\"405\" width=\"720\"><img loading=\"lazy\" decoding=\"async\" src=\"https:\/\/a57.foxnews.com\/static.foxnews.com\/foxnews.com\/content\/uploads\/2018\/09\/1200\/675\/Turkey-Election-rally-June5.jpg?ve=1&amp;tl=1\" alt=\"5 de junio de 2015: los partidarios animan al presidente de Turqu\u00eda, Recep Tayyip Erdogan en una manifestaci\u00f3n electoral antes de las elecciones generales del domingo en Ankara, Turqu\u00eda. Un ministro turco dice que 2 est\u00e1n muertos despu\u00e9s de 2 explosiones en una concentraci\u00f3n de elecciones del partido kurdo en el sureste de Turqu\u00eda.\" width=\"1200\" height=\"675\"\/><\/source><\/source><\/source><\/source><\/picture><\/div>\n<div class=\"info\">\n<div class=\"caption\">\n<p><span>Los partidarios animan al presidente Recep Tayyip Erdogan en una manifestaci\u00f3n electoral en Ankara, Turqu\u00eda, el 5 de junio de 2015.<\/span> <!----><\/p>\n<\/div>\n<\/div>\n<\/div>\n<p>\u00abLa lucha del PKK ha roto la pol\u00edtica de negaci\u00f3n y aniquilaci\u00f3n de nuestro pueblo y ha llevado el problema kurdo a la resoluci\u00f3n de la pol\u00edtica democr\u00e1tica\u00bb, dijo en el sitio web de noticias de Firat, que mostr\u00f3 im\u00e1genes de miembros de alto nivel de PKK que asistieron al Congreso en fatiga de caza.<\/p>\n<p>Turqu\u00eda tomar\u00e1 las medidas necesarias para garantizar un progreso suave hacia un pa\u00eds \u00ablibre de terror\u00bb despu\u00e9s de la decisi\u00f3n de PKK, dijo el director de comunicaciones presidenciales de Turqu\u00eda, Fahrettin Altun.<\/p>\n<p>La disoluci\u00f3n del PKK plantea una serie de preguntas para el gobierno islamista del presidente de Turqu\u00eda, Recep Tayyip Erdogan y las fuerzas kurdas proamericanas (YPG) en el norte de Siria, que ayudaron a derrotar al movimiento terrorista del estado islamista. Turqu\u00eda considera que el YPG es un afiliado del PKK y ha lanzado repetidamente ataques militares contra los kurdos sirios. <\/p>\n<div class=\"image-ct inline\">\n<div class=\"m\"><picture><source media=\"(max-width: 767px)\" srcset=\"https:\/\/a57.foxnews.com\/static.foxnews.com\/foxnews.com\/content\/uploads\/2025\/05\/343\/192\/ocalan-pkk-scaled.jpg?ve=1&amp;tl=1, https:\/\/a57.foxnews.com\/static.foxnews.com\/foxnews.com\/content\/uploads\/2025\/05\/686\/384\/ocalan-pkk-scaled.jpg?ve=1&amp;tl=1 2x\" height=\"192\" width=\"343\"><source media=\"(min-width: 768px) and (max-width: 1023px)\" srcset=\"https:\/\/a57.foxnews.com\/static.foxnews.com\/foxnews.com\/content\/uploads\/2025\/05\/672\/378\/ocalan-pkk-scaled.jpg?ve=1&amp;tl=1, https:\/\/a57.foxnews.com\/static.foxnews.com\/foxnews.com\/content\/uploads\/2025\/05\/1344\/756\/ocalan-pkk-scaled.jpg?ve=1&amp;tl=1 2x\" height=\"378\" width=\"672\"><source media=\"(min-width: 1024px) and (max-width: 1279px)\" srcset=\"https:\/\/a57.foxnews.com\/static.foxnews.com\/foxnews.com\/content\/uploads\/2025\/05\/931\/523\/ocalan-pkk-scaled.jpg?ve=1&amp;tl=1, https:\/\/a57.foxnews.com\/static.foxnews.com\/foxnews.com\/content\/uploads\/2025\/05\/1862\/1046\/ocalan-pkk-scaled.jpg?ve=1&amp;tl=1 2x\" height=\"523\" width=\"931\"><source media=\"(min-width: 1280px)\" srcset=\"https:\/\/a57.foxnews.com\/static.foxnews.com\/foxnews.com\/content\/uploads\/2025\/05\/720\/405\/ocalan-pkk-scaled.jpg?ve=1&amp;tl=1, https:\/\/a57.foxnews.com\/static.foxnews.com\/foxnews.com\/content\/uploads\/2025\/05\/1440\/810\/ocalan-pkk-scaled.jpg?ve=1&amp;tl=1 2x\" height=\"405\" width=\"720\"><img loading=\"lazy\" decoding=\"async\" src=\"https:\/\/a57.foxnews.com\/static.foxnews.com\/foxnews.com\/content\/uploads\/2025\/05\/1200\/675\/ocalan-pkk-scaled.jpg?ve=1&amp;tl=1\" alt=\"Siria-Turkey-Conflict-Kurds\" width=\"1200\" height=\"675\"\/><\/source><\/source><\/source><\/source><\/picture><\/div>\n<div class=\"info\">\n<div class=\"caption\">\n<p><span>Una mujer saluda una bandera con una foto del fundador del Partido de los Trabajadores Kurdist\u00e1n, Abdullah Ocalan, mientras la gente se re\u00fane en la ciudad de mayor parte de Qamishli en el noreste de Siria el 27 de febrero de 2025.<\/span> <span>(Delil Souleiman\/AFP a trav\u00e9s de Getty Images)<\/span><\/p>\n<\/div>\n<\/div>\n<\/div>\n<p><strong>Las amenazas de invasi\u00f3n de Turqu\u00eda deben tomarse \u00abmuy en serio\u00bb: oficial de Chipre<\/strong><\/p>\n<p>El l\u00edder de PKK encarcelado, Abdullah Ocalan, que ha estado detenido en una isla al sur de Estambul desde 1999, inst\u00f3 en febrero que el PKK se disuelva. <\/p>\n<p>Por separado, Mazloum Abdi, el comandante proamericano en jefe de combatientes kurdos sirios, llam\u00f3 a las Fuerzas Democr\u00e1ticas Sirias (SDF), que expuls\u00f3 al Estado Isl\u00e1mico, dijo que el llamado de Ocalan no se aplicaba a su organizaci\u00f3n. El YPG es parte de la organizaci\u00f3n paraguas m\u00e1s grande, el SDF, y no est\u00e1 asociado con el PKK.<\/p>\n<div class=\"image-ct inline\">\n<div class=\"m\"><picture><source media=\"(max-width: 767px)\" srcset=\"https:\/\/a57.foxnews.com\/static.foxnews.com\/foxnews.com\/content\/uploads\/2022\/11\/343\/192\/1000-2.jpeg?ve=1&amp;tl=1, https:\/\/a57.foxnews.com\/static.foxnews.com\/foxnews.com\/content\/uploads\/2022\/11\/686\/384\/1000-2.jpeg?ve=1&amp;tl=1 2x\" height=\"192\" width=\"343\"><source media=\"(min-width: 768px) and (max-width: 1023px)\" srcset=\"https:\/\/a57.foxnews.com\/static.foxnews.com\/foxnews.com\/content\/uploads\/2022\/11\/672\/378\/1000-2.jpeg?ve=1&amp;tl=1, https:\/\/a57.foxnews.com\/static.foxnews.com\/foxnews.com\/content\/uploads\/2022\/11\/1344\/756\/1000-2.jpeg?ve=1&amp;tl=1 2x\" height=\"378\" width=\"672\"><source media=\"(min-width: 1024px) and (max-width: 1279px)\" srcset=\"https:\/\/a57.foxnews.com\/static.foxnews.com\/foxnews.com\/content\/uploads\/2022\/11\/931\/523\/1000-2.jpeg?ve=1&amp;tl=1, https:\/\/a57.foxnews.com\/static.foxnews.com\/foxnews.com\/content\/uploads\/2022\/11\/1862\/1046\/1000-2.jpeg?ve=1&amp;tl=1 2x\" height=\"523\" width=\"931\"><source media=\"(min-width: 1280px)\" srcset=\"https:\/\/a57.foxnews.com\/static.foxnews.com\/foxnews.com\/content\/uploads\/2022\/11\/720\/405\/1000-2.jpeg?ve=1&amp;tl=1, https:\/\/a57.foxnews.com\/static.foxnews.com\/foxnews.com\/content\/uploads\/2022\/11\/1440\/810\/1000-2.jpeg?ve=1&amp;tl=1 2x\" height=\"405\" width=\"720\"><img loading=\"lazy\" decoding=\"async\" src=\"https:\/\/a57.foxnews.com\/static.foxnews.com\/foxnews.com\/content\/uploads\/2022\/11\/1200\/675\/1000-2.jpeg?ve=1&amp;tl=1\" alt=\"Explosi\u00f3n de terrorismo de Estambul\" width=\"1200\" height=\"675\"\/><\/source><\/source><\/source><\/source><\/picture><\/div>\n<div class=\"info\">\n<div class=\"caption\">\n<p><span>La gente abandona el \u00e1rea despu\u00e9s de una explosi\u00f3n en la popular avenida de Istiklal de Estambul, el 13 de noviembre de 2022.<\/span> <span>(Smail Coskun\/Iha a trav\u00e9s de AP)<\/span><\/p>\n<\/div>\n<\/div>\n<\/div>\n<p>Los Estados Unidos y la UE est\u00e1n aliados con el SDF y el YPG en la lucha contra el terrorismo islamista en Siria y, en contraste con Turqu\u00eda, no ven una afiliaci\u00f3n entre el SDF, el YPG y el PKK.  <\/p>\n<p>Fox News Digital ha informado a lo largo de los a\u00f1os sobre los esfuerzos de Turqu\u00eda para eliminar las fuerzas kurdas sirias pro-estadounidenses (SDF y YPG) que desempe\u00f1aron un papel clave en el desmantelamiento del Estado Isl\u00e1mico.<\/p>\n<div class=\"image-ct inline\">\n<div class=\"m\"><picture><source media=\"(max-width: 767px)\" srcset=\"https:\/\/a57.foxnews.com\/static.foxnews.com\/foxnews.com\/content\/uploads\/2018\/09\/343\/192\/10_RTS1GUUQ.jpg?ve=1&amp;tl=1, https:\/\/a57.foxnews.com\/static.foxnews.com\/foxnews.com\/content\/uploads\/2018\/09\/686\/384\/10_RTS1GUUQ.jpg?ve=1&amp;tl=1 2x\" height=\"192\" width=\"343\"><source media=\"(min-width: 768px) and (max-width: 1023px)\" srcset=\"https:\/\/a57.foxnews.com\/static.foxnews.com\/foxnews.com\/content\/uploads\/2018\/09\/672\/378\/10_RTS1GUUQ.jpg?ve=1&amp;tl=1, https:\/\/a57.foxnews.com\/static.foxnews.com\/foxnews.com\/content\/uploads\/2018\/09\/1344\/756\/10_RTS1GUUQ.jpg?ve=1&amp;tl=1 2x\" height=\"378\" width=\"672\"><source media=\"(min-width: 1024px) and (max-width: 1279px)\" srcset=\"https:\/\/a57.foxnews.com\/static.foxnews.com\/foxnews.com\/content\/uploads\/2018\/09\/931\/523\/10_RTS1GUUQ.jpg?ve=1&amp;tl=1, https:\/\/a57.foxnews.com\/static.foxnews.com\/foxnews.com\/content\/uploads\/2018\/09\/1862\/1046\/10_RTS1GUUQ.jpg?ve=1&amp;tl=1 2x\" height=\"523\" width=\"931\"><source media=\"(min-width: 1280px)\" srcset=\"https:\/\/a57.foxnews.com\/static.foxnews.com\/foxnews.com\/content\/uploads\/2018\/09\/720\/405\/10_RTS1GUUQ.jpg?ve=1&amp;tl=1, https:\/\/a57.foxnews.com\/static.foxnews.com\/foxnews.com\/content\/uploads\/2018\/09\/1440\/810\/10_RTS1GUUQ.jpg?ve=1&amp;tl=1 2x\" height=\"405\" width=\"720\"><img loading=\"lazy\" decoding=\"async\" src=\"https:\/\/a57.foxnews.com\/static.foxnews.com\/foxnews.com\/content\/uploads\/2018\/09\/1200\/675\/10_RTS1GUUQ.jpg?ve=1&amp;tl=1\" alt=\"Los combatientes de las Fuerzas Democr\u00e1ticas Sirias (SDF) viajan sobre veh\u00edculos militares mientras celebran la victoria en Raqqa, Siria, 17 de octubre de 2017. Reuters\/Erik de Castro TPX Im\u00e1genes del d\u00eda - RC18150D4560\" width=\"1200\" height=\"675\"\/><\/source><\/source><\/source><\/source><\/picture><\/div>\n<div class=\"info\">\n<div class=\"caption\">\n<p><span>Los combatientes de las Fuerzas Democr\u00e1ticas Sirias viajan sobre veh\u00edculos militares mientras celebran la victoria en Raqqa, Siria, el 17 de octubre de 2017.<\/span> <span>(Reuters\/Erik De Castro)<\/span><\/p>\n<\/div>\n<\/div>\n<\/div>\n<p>En diciembre, despu\u00e9s de que el ex dictador sirio Bashar Assad huy\u00f3 a Rusia y su r\u00e9gimen colaps\u00f3, el senador John Kennedy, republicano de La La-La., Declar\u00f3 repetidamente en un discurso a Erdogan en el Congreso, \u00abDeja a los kurdos solo\u00bb. Agreg\u00f3: \u00abLos kurdos son amigos de Estados Unidos &#8230; las personas m\u00e1s responsables de ayudarnos, m\u00e1s responsables de destruir ISIS, fueron los kurdos\u00bb.<\/p>\n<p><strong>Haga clic aqu\u00ed para obtener la aplicaci\u00f3n Fox News<\/strong><\/p>\n<p>Los kurdos se encuentran entre los grupos \u00e9tnicos ap\u00e1tridos m\u00e1s grandes del mundo, con unos 30 millones concentrados en un \u00e1rea a horcajadas de Turqu\u00eda, Irak, Ir\u00e1n y Siria. Una minor\u00eda en los cuatro pa\u00edses, los kurdos hablan su propio idioma, con varios dialectos. La mayor\u00eda son musulmanes sunitas.<\/p>\n<p> <!----> <\/p>\n<div class=\"article-meta\">\n<div class=\"author-bio\">\n<p>Benjamin Weinthal informa sobre Israel, Ir\u00e1n, Siria, Turqu\u00eda y Europa. Puede seguir a Benjamin en Twitter @benweinthal y enviarle un correo electr\u00f3nico a benjamin.weinthal@fox.com<\/p>\n<\/div>\n<\/div>\n<\/div>\n\n","protected":false},"excerpt":{"rendered":"<p>El Partido de los Trabajadores del Kurdist\u00e1n (PKK) anunci\u00f3 el lunes que se disolver\u00e1 y desarmar\u00e1 despu\u00e9s de su insurgencia de m\u00e1s de cuatro d\u00e9cadas contra el estado turco que ha resultado en la muerte de m\u00e1s de 40,000 personas a manos de militantes de PKK y el ej\u00e9rcito de Turqu\u00eda. El PKK ha tratado &hellip;<\/p>\n","protected":false},"author":1,"featured_media":26972,"comment_status":"open","ping_status":"open","sticky":false,"template":"","format":"standard","meta":{"fifu_image_url":"https:\/\/static.foxnews.com\/foxnews.com\/content\/uploads\/2025\/05\/ocalan-pkk-scaled.jpg","fifu_image_alt":"","footnotes":""},"categories":[13],"tags":[],"class_list":["post-26970","post","type-post","status-publish","format-standard","has-post-thumbnail","","category-mundo"],"_links":{"self":[{"href":"https:\/\/noticiasveraces.com\/index.php?rest_route=\/wp\/v2\/posts\/26970","targetHints":{"allow":["GET"]}}],"collection":[{"href":"https:\/\/noticiasveraces.com\/index.php?rest_route=\/wp\/v2\/posts"}],"about":[{"href":"https:\/\/noticiasveraces.com\/index.php?rest_route=\/wp\/v2\/types\/post"}],"author":[{"embeddable":true,"href":"https:\/\/noticiasveraces.com\/index.php?rest_route=\/wp\/v2\/users\/1"}],"replies":[{"embeddable":true,"href":"https:\/\/noticiasveraces.com\/index.php?rest_route=%2Fwp%2Fv2%2Fcomments&post=26970"}],"version-history":[{"count":0,"href":"https:\/\/noticiasveraces.com\/index.php?rest_route=\/wp\/v2\/posts\/26970\/revisions"}],"wp:featuredmedia":[{"embeddable":true,"href":"https:\/\/noticiasveraces.com\/index.php?rest_route=\/wp\/v2\/media\/26972"}],"wp:attachment":[{"href":"https:\/\/noticiasveraces.com\/index.php?rest_route=%2Fwp%2Fv2%2Fmedia&parent=26970"}],"wp:term":[{"taxonomy":"category","embeddable":true,"href":"https:\/\/noticiasveraces.com\/index.php?rest_route=%2Fwp%2Fv2%2Fcategories&post=26970"},{"taxonomy":"post_tag","embeddable":true,"href":"https:\/\/noticiasveraces.com\/index.php?rest_route=%2Fwp%2Fv2%2Ftags&post=26970"}],"curies":[{"name":"wp","href":"https:\/\/api.w.org\/{rel}","templated":true}]}}