{"id":26956,"date":"2025-05-12T11:57:19","date_gmt":"2025-05-12T15:57:19","guid":{"rendered":"https:\/\/noticiasveraces.com\/?p=26956"},"modified":"2025-05-12T11:57:19","modified_gmt":"2025-05-12T15:57:19","slug":"el-rehen-estadounidense-edan-alexander-es-liberado-por-hamas","status":"publish","type":"post","link":"https:\/\/noticiasveraces.com\/?p=26956","title":{"rendered":"El reh\u00e9n estadounidense Edan Alexander es liberado por Hamas"},"content":{"rendered":"<p> \n<\/p>\n<div>\n<p class=\"speakable\">Hamas lanz\u00f3 el \u00faltimo reh\u00e9n estadounidense viva el lunes, despu\u00e9s de pasar m\u00e1s de 580 d\u00edas en cautiverio dentro de la Franja de Gaza. <\/p>\n<p class=\"speakable\">Edan Alexander, un doble ciudadano de los Estados Unidos-Israel\u00ed de 21 a\u00f1os, ser\u00e1 recibido por una unidad especializada de las Fuerzas de Defensa de Israel y ser\u00e1 llevado a una instalaci\u00f3n de recepci\u00f3n inicial en Re&#8217;im, donde se someter\u00e1 a una evaluaci\u00f3n m\u00e9dica y psicol\u00f3gica preliminar por el personal del Cuerpo M\u00e9dico de IDF, un funcionario de Israelia a Fox News. <\/p>\n<p>\u00abLas brigadas al-Qassam acaban de lanzar el soldado israel\u00ed que tiene la ciudadan\u00eda estadounidense, Edan Alexander, luego de las comunicaciones con la administraci\u00f3n de los Estados Unidos\u00bb, dijo Hamas en un comunicado. \u00abEsto viene como parte de los esfuerzos de los mediadores para llegar a un alto el fuego, abrir los cruces fronterizos y permitir la entrada de ayuda y alivio para nuestra gente en la Franja de Gaza\u00bb.<\/p>\n<p>El secretario de Estado, Marco Rubio, dijo el lunes que el presidente Donald Trump \u00abest\u00e1 luchando para asegurar la liberaci\u00f3n de todos los estadounidenses detenidos en el extranjero\u00bb y \u00abno nos detendremos hasta que termine este conflicto y que todos nuestros rehenes est\u00e9n en casa\u00bb. A medida que la noticia se extendi\u00f3 de su lanzamiento, una multitud que se reuni\u00f3 en la ciudad natal de Alexander de Tenafly, NJ, estall\u00f3 en aplausos.<\/p>\n<p><strong>Hamas afirma que lanzar\u00e1 el reh\u00e9n estadounidense Edan Alexander<\/strong><strong> <\/strong><\/p>\n<div class=\"image-ct inline\">\n<div class=\"m\"><picture><source media=\"(max-width: 767px)\" srcset=\"https:\/\/a57.foxnews.com\/static.foxnews.com\/foxnews.com\/content\/uploads\/2025\/04\/343\/192\/edan-alexander-02.jpg?ve=1&amp;tl=1, https:\/\/a57.foxnews.com\/static.foxnews.com\/foxnews.com\/content\/uploads\/2025\/04\/686\/384\/edan-alexander-02.jpg?ve=1&amp;tl=1 2x\" height=\"192\" width=\"343\"><source media=\"(min-width: 768px) and (max-width: 1023px)\" srcset=\"https:\/\/a57.foxnews.com\/static.foxnews.com\/foxnews.com\/content\/uploads\/2025\/04\/672\/378\/edan-alexander-02.jpg?ve=1&amp;tl=1, https:\/\/a57.foxnews.com\/static.foxnews.com\/foxnews.com\/content\/uploads\/2025\/04\/1344\/756\/edan-alexander-02.jpg?ve=1&amp;tl=1 2x\" height=\"378\" width=\"672\"><source media=\"(min-width: 1024px) and (max-width: 1279px)\" srcset=\"https:\/\/a57.foxnews.com\/static.foxnews.com\/foxnews.com\/content\/uploads\/2025\/04\/931\/523\/edan-alexander-02.jpg?ve=1&amp;tl=1, https:\/\/a57.foxnews.com\/static.foxnews.com\/foxnews.com\/content\/uploads\/2025\/04\/1862\/1046\/edan-alexander-02.jpg?ve=1&amp;tl=1 2x\" height=\"523\" width=\"931\"><source media=\"(min-width: 1280px)\" srcset=\"https:\/\/a57.foxnews.com\/static.foxnews.com\/foxnews.com\/content\/uploads\/2025\/04\/720\/405\/edan-alexander-02.jpg?ve=1&amp;tl=1, https:\/\/a57.foxnews.com\/static.foxnews.com\/foxnews.com\/content\/uploads\/2025\/04\/1440\/810\/edan-alexander-02.jpg?ve=1&amp;tl=1 2x\" height=\"405\" width=\"720\"><img loading=\"lazy\" decoding=\"async\" src=\"https:\/\/a57.foxnews.com\/static.foxnews.com\/foxnews.com\/content\/uploads\/2025\/04\/1200\/675\/edan-alexander-02.jpg?ve=1&amp;tl=1\" alt=\"Edan Alexander\" width=\"1200\" height=\"675\"\/><\/source><\/source><\/source><\/source><\/picture><\/div>\n<div class=\"info\">\n<div class=\"caption\">\n<p><span>El ciudadano estadounidense Edan Alexander fue tomado como reh\u00e9n por Hamas el 7 de octubre<\/span> <span>(Adi Alexander)<\/span><\/p>\n<\/div>\n<\/div>\n<\/div>\n<p>Sue Gelsey, la directora ejecutiva interina del Kaplan JCC en las Palisades, dijo a Fox News que se estima que 3.000 se hab\u00edan reunido en el centro de Tenafly, algunos llegaron tan pronto como a las 5 de la ma\u00f1ana.<\/p>\n<p>Trump, quien est\u00e1 programado para partir de Washington, DC, el lunes para visitar a Arabia Saudita, Qatar y los Emiratos \u00c1rabes Unidos, antes de la liberaci\u00f3n de Alexander que era \u00abuna gran noticia\u00bb. <\/p>\n<p>Israel dijo que su primer ministro Benjamin Netanyahu celebr\u00f3 una reuni\u00f3n el lunes con el enviado especial de Trump al Medio Oriente, Steve Witkoff y al embajador de los Estados Unidos en Israel Mike Huckabee. Netanyahu luego llam\u00f3 a Trump hoy y le agradeci\u00f3 por su ayuda para asegurar la libertad de Alexander.<\/p>\n<p>La familia de Alexander lo esperar\u00e1 en la instalaci\u00f3n de Re&#8217;im, acompa\u00f1ada por su oficial asignado de la sede de personas desaparecidas y rehenes. Despu\u00e9s de la reuni\u00f3n inicial, Edan y su familia ser\u00e1n trasladados en avi\u00f3n al Hospital Ichilov en Tel Aviv para continuar con atenci\u00f3n, dijo el funcionario a Fox News. <\/p>\n<div class=\"image-ct inline\">\n<div class=\"m\"><picture><source media=\"(max-width: 767px)\" srcset=\"https:\/\/a57.foxnews.com\/static.foxnews.com\/foxnews.com\/content\/uploads\/2025\/05\/343\/192\/edan-alexander-crowd-in-tenafly-nj-cheers-after-his-release.jpg?ve=1&amp;tl=1, https:\/\/a57.foxnews.com\/static.foxnews.com\/foxnews.com\/content\/uploads\/2025\/05\/686\/384\/edan-alexander-crowd-in-tenafly-nj-cheers-after-his-release.jpg?ve=1&amp;tl=1 2x\" height=\"192\" width=\"343\"><source media=\"(min-width: 768px) and (max-width: 1023px)\" srcset=\"https:\/\/a57.foxnews.com\/static.foxnews.com\/foxnews.com\/content\/uploads\/2025\/05\/672\/378\/edan-alexander-crowd-in-tenafly-nj-cheers-after-his-release.jpg?ve=1&amp;tl=1, https:\/\/a57.foxnews.com\/static.foxnews.com\/foxnews.com\/content\/uploads\/2025\/05\/1344\/756\/edan-alexander-crowd-in-tenafly-nj-cheers-after-his-release.jpg?ve=1&amp;tl=1 2x\" height=\"378\" width=\"672\"><source media=\"(min-width: 1024px) and (max-width: 1279px)\" srcset=\"https:\/\/a57.foxnews.com\/static.foxnews.com\/foxnews.com\/content\/uploads\/2025\/05\/931\/523\/edan-alexander-crowd-in-tenafly-nj-cheers-after-his-release.jpg?ve=1&amp;tl=1, https:\/\/a57.foxnews.com\/static.foxnews.com\/foxnews.com\/content\/uploads\/2025\/05\/1862\/1046\/edan-alexander-crowd-in-tenafly-nj-cheers-after-his-release.jpg?ve=1&amp;tl=1 2x\" height=\"523\" width=\"931\"><source media=\"(min-width: 1280px)\" srcset=\"https:\/\/a57.foxnews.com\/static.foxnews.com\/foxnews.com\/content\/uploads\/2025\/05\/720\/405\/edan-alexander-crowd-in-tenafly-nj-cheers-after-his-release.jpg?ve=1&amp;tl=1, https:\/\/a57.foxnews.com\/static.foxnews.com\/foxnews.com\/content\/uploads\/2025\/05\/1440\/810\/edan-alexander-crowd-in-tenafly-nj-cheers-after-his-release.jpg?ve=1&amp;tl=1 2x\" height=\"405\" width=\"720\"><img loading=\"lazy\" decoding=\"async\" src=\"https:\/\/a57.foxnews.com\/static.foxnews.com\/foxnews.com\/content\/uploads\/2025\/05\/1200\/675\/edan-alexander-crowd-in-tenafly-nj-cheers-after-his-release.jpg?ve=1&amp;tl=1\" alt=\"Una multitud en Tenafly, NJ, aplaude por delante del lanzamiento esperado de Edan Alexander del cautiverio de Hamas.\" width=\"1200\" height=\"675\"\/><\/source><\/source><\/source><\/source><\/picture><\/div>\n<div class=\"info\">\n<div class=\"caption\">\n<p><span>Una multitud en Tenafly, Nueva Jersey, la ciudad natal de Edan Alexander, aplaude a medida que se acerca su lanzamiento esperado.<\/span> <span>(Fox News)<\/span><\/p>\n<\/div>\n<\/div>\n<\/div>\n<p>Como soldado de las FDI, Alexander tambi\u00e9n recibir\u00e1 un marco de apoyo integral, que incluye asistencia m\u00e9dica, psicol\u00f3gica y log\u00edstica, facilitada por profesionales militares. <\/p>\n<p>Hamas afirm\u00f3 por primera vez el domingo que liberar\u00eda a Alexander. <\/p>\n<p>La madre de Alexander, Yael, dijo el jueves que estaba sintiendo \u00ab[s]Uch tristeza y agon\u00eda sin saber cu\u00e1l es el destino de su hijo.  <\/p>\n<p>\u00abNo he podido dormir. Estoy atrapado el 7 de octubre, a pesar de que han pasado 580 d\u00edas. Sol\u00eda \u200b\u200bdisfrutar tanto del D\u00eda de la Madre. Todos ir\u00edamos a la ciudad a un restaurante especial e insist\u00ed en que los ni\u00f1os me escribieran cartas en este d\u00eda. No he podido celebrar nada desde que comenz\u00f3 esta pesadilla\u00bb, agreg\u00f3. <\/p>\n<p><strong>El ministro israel\u00ed dice que Gaza ser\u00e1 \u00abcompletamente destruido\u00bb, los palestinos forzados a otros pa\u00edses<\/strong><strong> <\/strong><\/p>\n<div class=\"image-ct inline\">\n<div class=\"m\"><picture><source media=\"(max-width: 767px)\" srcset=\"https:\/\/a57.foxnews.com\/static.foxnews.com\/foxnews.com\/content\/uploads\/2025\/03\/343\/192\/yael-alexander-trump.jpg?ve=1&amp;tl=1, https:\/\/a57.foxnews.com\/static.foxnews.com\/foxnews.com\/content\/uploads\/2025\/03\/686\/384\/yael-alexander-trump.jpg?ve=1&amp;tl=1 2x\" height=\"192\" width=\"343\"><source media=\"(min-width: 768px) and (max-width: 1023px)\" srcset=\"https:\/\/a57.foxnews.com\/static.foxnews.com\/foxnews.com\/content\/uploads\/2025\/03\/672\/378\/yael-alexander-trump.jpg?ve=1&amp;tl=1, https:\/\/a57.foxnews.com\/static.foxnews.com\/foxnews.com\/content\/uploads\/2025\/03\/1344\/756\/yael-alexander-trump.jpg?ve=1&amp;tl=1 2x\" height=\"378\" width=\"672\"><source media=\"(min-width: 1024px) and (max-width: 1279px)\" srcset=\"https:\/\/a57.foxnews.com\/static.foxnews.com\/foxnews.com\/content\/uploads\/2025\/03\/931\/523\/yael-alexander-trump.jpg?ve=1&amp;tl=1, https:\/\/a57.foxnews.com\/static.foxnews.com\/foxnews.com\/content\/uploads\/2025\/03\/1862\/1046\/yael-alexander-trump.jpg?ve=1&amp;tl=1 2x\" height=\"523\" width=\"931\"><source media=\"(min-width: 1280px)\" srcset=\"https:\/\/a57.foxnews.com\/static.foxnews.com\/foxnews.com\/content\/uploads\/2025\/03\/720\/405\/yael-alexander-trump.jpg?ve=1&amp;tl=1, https:\/\/a57.foxnews.com\/static.foxnews.com\/foxnews.com\/content\/uploads\/2025\/03\/1440\/810\/yael-alexander-trump.jpg?ve=1&amp;tl=1 2x\" height=\"405\" width=\"720\"><img loading=\"lazy\" decoding=\"async\" src=\"https:\/\/a57.foxnews.com\/static.foxnews.com\/foxnews.com\/content\/uploads\/2025\/03\/1200\/675\/yael-alexander-trump.jpg?ve=1&amp;tl=1\" alt=\"Trump mostr\u00f3 fotos de Edan Alexander\" width=\"1200\" height=\"675\"\/><\/source><\/source><\/source><\/source><\/picture><\/div>\n<div class=\"info\">\n<div class=\"caption\">\n<p><span>Luego, el presidente electo Donald Trump se le muestran fotos de Edan Alexander por su madre Yael Alexander en Ohel Chabad Lubavitch el 07 de octubre de 2024 en la ciudad de Nueva York.<\/span> <span>(Michael M. Santiago\/Getty Images)<\/span><\/p>\n<\/div>\n<\/div>\n<\/div>\n<p>Criado en Tenaflym Alexander se mud\u00f3 a Israel a los 18 a\u00f1os para ser voluntario para el servicio militar en la Brigada Golani de las FDI. Viv\u00eda con sus abuelos en Tel Aviv y en Kibbutz Hazor, donde era parte de un grupo de soldados solitarios. <\/p>\n<p>Fue secuestrado en la ma\u00f1ana del 7 de octubre, un s\u00e1bado cuando no estaba obligado a permanecer en la base. Su madre estaba visitando desde el extranjero, y como muchos soldados solitarios ten\u00eda la opci\u00f3n de irse a casa durante el fin de semana. \u00c9l eligi\u00f3 quedarse, no querer dejar a sus compa\u00f1eros soldados a pesta\u00f1eros en servicio de guardia. <\/p>\n<p>Ayelet Samerano, la madre del reh\u00e9n Yonatan Samerano, dijo el lunes que el d\u00eda anterior era el D\u00eda de la Madre y c\u00f3mo \u00ab[a]Alrededor del mundo, las madres celebraron con sus hijos \u00ab.<\/p>\n<div class=\"image-ct inline\">\n<div class=\"m\"><picture><source media=\"(max-width: 767px)\" srcset=\"https:\/\/a57.foxnews.com\/static.foxnews.com\/foxnews.com\/content\/uploads\/2025\/05\/343\/192\/ab442045-edan-alexander.jpg?ve=1&amp;tl=1, https:\/\/a57.foxnews.com\/static.foxnews.com\/foxnews.com\/content\/uploads\/2025\/05\/686\/384\/ab442045-edan-alexander.jpg?ve=1&amp;tl=1 2x\" height=\"192\" width=\"343\"><source media=\"(min-width: 768px) and (max-width: 1023px)\" srcset=\"https:\/\/a57.foxnews.com\/static.foxnews.com\/foxnews.com\/content\/uploads\/2025\/05\/672\/378\/ab442045-edan-alexander.jpg?ve=1&amp;tl=1, https:\/\/a57.foxnews.com\/static.foxnews.com\/foxnews.com\/content\/uploads\/2025\/05\/1344\/756\/ab442045-edan-alexander.jpg?ve=1&amp;tl=1 2x\" height=\"378\" width=\"672\"><source media=\"(min-width: 1024px) and (max-width: 1279px)\" srcset=\"https:\/\/a57.foxnews.com\/static.foxnews.com\/foxnews.com\/content\/uploads\/2025\/05\/931\/523\/ab442045-edan-alexander.jpg?ve=1&amp;tl=1, https:\/\/a57.foxnews.com\/static.foxnews.com\/foxnews.com\/content\/uploads\/2025\/05\/1862\/1046\/ab442045-edan-alexander.jpg?ve=1&amp;tl=1 2x\" height=\"523\" width=\"931\"><source media=\"(min-width: 1280px)\" srcset=\"https:\/\/a57.foxnews.com\/static.foxnews.com\/foxnews.com\/content\/uploads\/2025\/05\/720\/405\/ab442045-edan-alexander.jpg?ve=1&amp;tl=1, https:\/\/a57.foxnews.com\/static.foxnews.com\/foxnews.com\/content\/uploads\/2025\/05\/1440\/810\/ab442045-edan-alexander.jpg?ve=1&amp;tl=1 2x\" height=\"405\" width=\"720\"><img loading=\"lazy\" decoding=\"async\" src=\"https:\/\/a57.foxnews.com\/static.foxnews.com\/foxnews.com\/content\/uploads\/2025\/05\/1200\/675\/ab442045-edan-alexander.jpg?ve=1&amp;tl=1\" alt=\"Los israel\u00edes se re\u00fanen en Tel Aviv para ver el lanzamiento de Edan Alexander\" width=\"1200\" height=\"675\"\/><\/source><\/source><\/source><\/source><\/picture><\/div>\n<div class=\"info\">\n<div class=\"caption\">\n<p><span>Los israel\u00edes se re\u00fanen para ver una transmisi\u00f3n en vivo del soldado israel\u00ed estadounidense Edan Alexander para ser liberado del cautiverio de Hamas en Gaza, en una plaza conocida como la plaza de los rehenes en Tel Aviv, el lunes 12 de mayo. <\/span> <span>(AP\/Oded Baliltty)<\/span><\/p>\n<\/div>\n<\/div>\n<\/div>\n<p><strong>Haga clic aqu\u00ed para obtener la aplicaci\u00f3n Fox News<\/strong><strong> <\/strong><\/p>\n<p>\u00abPero para m\u00ed, y las otras madres de los 59 rehenes, fue solo otro d\u00eda de pesadilla. S\u00ed, estoy feliz por la familia Alexander. Finalmente tendr\u00e1n a su hijo Edan de regreso. Agradezco al presidente Trump y Steve Witkoff por este progreso\u00bb, agreg\u00f3. \u00abPero el presidente Trump, por favor, no se detenga. Este es solo el primer paso. Haz lo que sea necesario para traer cada \u00faltima casa. A los otros 58 rehenes no les quedan tiempo. Est\u00e1n en el infierno. Los vivos podr\u00edan ser asesinados cualquier d\u00eda. Los fallecidos podr\u00edan perderse para siempre. Todos deben volver a casa\u00bb.<\/p>\n<p><i>Emma Colton y Stepheny Price de Fox News Digital contribuyeron a este informe. <\/i><\/p>\n<p> <!----> <\/p>\n<div class=\"article-meta\">\n<div class=\"author-bio\">\n<p>Greg Norman es reportero de Fox News Digital.<\/p>\n<\/div>\n<\/div>\n<\/div>\n\n","protected":false},"excerpt":{"rendered":"<p>Hamas lanz\u00f3 el \u00faltimo reh\u00e9n estadounidense viva el lunes, despu\u00e9s de pasar m\u00e1s de 580 d\u00edas en cautiverio dentro de la Franja de Gaza. Edan Alexander, un doble ciudadano de los Estados Unidos-Israel\u00ed de 21 a\u00f1os, ser\u00e1 recibido por una unidad especializada de las Fuerzas de Defensa de Israel y ser\u00e1 llevado a una instalaci\u00f3n &hellip;<\/p>\n","protected":false},"author":1,"featured_media":26958,"comment_status":"open","ping_status":"open","sticky":false,"template":"","format":"standard","meta":{"fifu_image_url":"https:\/\/static.foxnews.com\/foxnews.com\/content\/uploads\/2025\/04\/edan-alexander-02.jpg","fifu_image_alt":"","footnotes":""},"categories":[13],"tags":[],"class_list":["post-26956","post","type-post","status-publish","format-standard","has-post-thumbnail","","category-mundo"],"_links":{"self":[{"href":"https:\/\/noticiasveraces.com\/index.php?rest_route=\/wp\/v2\/posts\/26956","targetHints":{"allow":["GET"]}}],"collection":[{"href":"https:\/\/noticiasveraces.com\/index.php?rest_route=\/wp\/v2\/posts"}],"about":[{"href":"https:\/\/noticiasveraces.com\/index.php?rest_route=\/wp\/v2\/types\/post"}],"author":[{"embeddable":true,"href":"https:\/\/noticiasveraces.com\/index.php?rest_route=\/wp\/v2\/users\/1"}],"replies":[{"embeddable":true,"href":"https:\/\/noticiasveraces.com\/index.php?rest_route=%2Fwp%2Fv2%2Fcomments&post=26956"}],"version-history":[{"count":0,"href":"https:\/\/noticiasveraces.com\/index.php?rest_route=\/wp\/v2\/posts\/26956\/revisions"}],"wp:featuredmedia":[{"embeddable":true,"href":"https:\/\/noticiasveraces.com\/index.php?rest_route=\/wp\/v2\/media\/26958"}],"wp:attachment":[{"href":"https:\/\/noticiasveraces.com\/index.php?rest_route=%2Fwp%2Fv2%2Fmedia&parent=26956"}],"wp:term":[{"taxonomy":"category","embeddable":true,"href":"https:\/\/noticiasveraces.com\/index.php?rest_route=%2Fwp%2Fv2%2Fcategories&post=26956"},{"taxonomy":"post_tag","embeddable":true,"href":"https:\/\/noticiasveraces.com\/index.php?rest_route=%2Fwp%2Fv2%2Ftags&post=26956"}],"curies":[{"name":"wp","href":"https:\/\/api.w.org\/{rel}","templated":true}]}}