{"id":26953,"date":"2025-05-12T11:32:22","date_gmt":"2025-05-12T15:32:22","guid":{"rendered":"https:\/\/noticiasveraces.com\/?p=26953"},"modified":"2025-05-12T11:32:22","modified_gmt":"2025-05-12T15:32:22","slug":"video-ricardo-henao-confirmo-que-recupero-al-bicicleta-que-le-robaron-bajando-de-patios-curiosidades-de-futbol","status":"publish","type":"post","link":"https:\/\/noticiasveraces.com\/?p=26953","title":{"rendered":"Video: Ricardo Henao confirm\u00f3 que recuper\u00f3 al bicicleta que le robaron bajando de Patios | Curiosidades de f\u00fatbol"},"content":{"rendered":"<p> \n<br \/><img decoding=\"async\" src=\"https:\/\/www.futbolred.com\/files\/article_graphic\/uploads\/2025\/05\/10\/681fe3b4683b2.jpeg\" \/><\/p>\n<div id=\"cuerpoArticulo\">\n<p class=\"texto intro\" id=\"pnull-m194-193-195\">Un gran revuelo caus\u00f3 la relaci\u00f3n que hiciera el fin de semana el periodista Ricardo Henao, quien denunci\u00f3 en sus redes sociales c\u00f3mo fue v\u00edctima del robo de su bicicleta.<\/p>\n<p class=\"texto contenido-parrafo-articulo\" id=\"pnull-m206-2-207\">El periodista cont\u00f3 que, bajando de Patios, al norte de Bogot\u00e1, fue abordado por un sujeto muy amable que le hizo la charla hasta que lo convenci\u00f3 de detenerse, en cercan\u00edas a la calle 116, y entonces le quit\u00f3 la bicicleta, por fortuna sin hacer uso de la violencia o de alg\u00fan arma.  <\/p>\n<p class=\"texto contenido-parrafo-articulo\" id=\"pnull-m293-3-294\">Henao interpuso la correspondiente denuncia ante la Polic\u00eda, que fue muy diligente en este proceso, el cual tuvo un final feliz. <\/p>\n<p><b>As\u00ed apareci\u00f3 la bicicleta<br \/><\/b><br \/>El propio Henao confirm\u00f3 la noticia de la recuperaci\u00f3n de su bicicleta en sus redes sociales: \u00abla bicicleta que me hab\u00edan robado el s\u00e1bado apareci\u00f3, tal como lo escuchan. Una persona se acerc\u00f3 a las instalaciones de RCN, abord\u00f3 a una de los encargados de seguridad, le dijo &#8216;entr\u00e9guenle esta bicileta a Ricardo Henao&#8217;, que es de \u00e9l\u00bb, relat\u00f3. <\/p>\n<p class=\"texto contenido-parrafo-articulo\" id=\"pnull-m281-4-282\">\u00abMe sorprende much\u00edsimo, agradezco que pas\u00f3, estoy muy contento porque recuper\u00e9 mi bicicleta, no era tan f\u00e1cil\u00bb, asegur\u00f3.<\/p>\n<p>\u00abQuiero manifestar mi agradecimiento a las autoridades, a la Polic\u00eda que estuvo muy atenta, estuvo muy pendiente de mi caso. A toda la gente que me escribi\u00f3 mil gracias, es impresionante la cantidad de gente que pierde su bicicleta, que se la roban de la manera como me robaron a m\u00ed\u00bb, afirm\u00f3. <\/p>\n<p>En charla con LaFM cont\u00f3 que inicialmente se sinti\u00f3 tonto por la manera como perdi\u00f3 su bicicleta y recomend\u00f3 no ser tan confiados en la v\u00eda para no ser v\u00edctima de estos ladrones de bicicletas, que abundan en la capital. <\/p>\n<\/p><\/div>\n\n","protected":false},"excerpt":{"rendered":"<p>Un gran revuelo caus\u00f3 la relaci\u00f3n que hiciera el fin de semana el periodista Ricardo Henao, quien denunci\u00f3 en sus redes sociales c\u00f3mo fue v\u00edctima del robo de su bicicleta. El periodista cont\u00f3 que, bajando de Patios, al norte de Bogot\u00e1, fue abordado por un sujeto muy amable que le hizo la charla hasta que &hellip;<\/p>\n","protected":false},"author":1,"featured_media":26955,"comment_status":"open","ping_status":"open","sticky":false,"template":"","format":"standard","meta":{"fifu_image_url":"https:\/\/www.futbolred.com\/files\/og_thumbnail\/uploads\/2025\/05\/10\/681fe3b4683b2.jpeg","fifu_image_alt":"","footnotes":""},"categories":[6],"tags":[],"class_list":["post-26953","post","type-post","status-publish","format-standard","has-post-thumbnail","","category-deportes"],"_links":{"self":[{"href":"https:\/\/noticiasveraces.com\/index.php?rest_route=\/wp\/v2\/posts\/26953","targetHints":{"allow":["GET"]}}],"collection":[{"href":"https:\/\/noticiasveraces.com\/index.php?rest_route=\/wp\/v2\/posts"}],"about":[{"href":"https:\/\/noticiasveraces.com\/index.php?rest_route=\/wp\/v2\/types\/post"}],"author":[{"embeddable":true,"href":"https:\/\/noticiasveraces.com\/index.php?rest_route=\/wp\/v2\/users\/1"}],"replies":[{"embeddable":true,"href":"https:\/\/noticiasveraces.com\/index.php?rest_route=%2Fwp%2Fv2%2Fcomments&post=26953"}],"version-history":[{"count":0,"href":"https:\/\/noticiasveraces.com\/index.php?rest_route=\/wp\/v2\/posts\/26953\/revisions"}],"wp:featuredmedia":[{"embeddable":true,"href":"https:\/\/noticiasveraces.com\/index.php?rest_route=\/wp\/v2\/media\/26955"}],"wp:attachment":[{"href":"https:\/\/noticiasveraces.com\/index.php?rest_route=%2Fwp%2Fv2%2Fmedia&parent=26953"}],"wp:term":[{"taxonomy":"category","embeddable":true,"href":"https:\/\/noticiasveraces.com\/index.php?rest_route=%2Fwp%2Fv2%2Fcategories&post=26953"},{"taxonomy":"post_tag","embeddable":true,"href":"https:\/\/noticiasveraces.com\/index.php?rest_route=%2Fwp%2Fv2%2Ftags&post=26953"}],"curies":[{"name":"wp","href":"https:\/\/api.w.org\/{rel}","templated":true}]}}