{"id":26927,"date":"2025-05-12T07:52:28","date_gmt":"2025-05-12T11:52:28","guid":{"rendered":"https:\/\/noticiasveraces.com\/?p=26927"},"modified":"2025-05-12T07:52:28","modified_gmt":"2025-05-12T11:52:28","slug":"pope-leo-platos-consejos-a-periodistas-menciona-ai-challenge-en-la-primera-conferencia-de-prensa","status":"publish","type":"post","link":"https:\/\/noticiasveraces.com\/?p=26927","title":{"rendered":"Pope Leo platos consejos a periodistas, menciona AI Challenge en la primera conferencia de prensa"},"content":{"rendered":"<p> \n<\/p>\n<div>\n<div class=\"featured featured-video video-ct\" data-v-5f342d4c=\"\"><!----> <\/p>\n<div class=\"contain\" data-v-5f342d4c=\"\">  <!----> <\/p>\n<div class=\"info\" data-v-5f342d4c=\"\">\n<div class=\"caption\" data-v-5f342d4c=\"\">\n<h4 class=\"title\" data-v-5f342d4c=\"\">Mundo, los medios de comunicaci\u00f3n reaccionan a la elecci\u00f3n del Papa Leo XIV <\/h4>\n<p data-v-5f342d4c=\"\">La escritora Outkick Mary Katharine Ham y la estratega dem\u00f3crata Kevin Walling se unen a &#8216;MediaBuzz&#8217; para discutir la elecci\u00f3n del Papa Leo XIV, el primer Papa estadounidense en la historia, y el acuerdo comercial de los Estados Unidos con el Reino Unido<\/p>\n<\/div>\n<\/div>\n<\/div>\n<\/div>\n<p class=\"speakable\">El Papa Leo XIV concluy\u00f3 su primera reuni\u00f3n con periodistas acreditados por el Vaticano el lunes por la ma\u00f1ana.<\/p>\n<p class=\"speakable\">Seg\u00fan The New York Times, se reunieron m\u00e1s de 1,000 miembros de los medios de comunicaci\u00f3n para escuchar sus comentarios. Algunos de ellos incluso llevaron a sus hijos.<\/p>\n<p>La reuni\u00f3n tuvo lugar en el Pablo VI Hall del Vaticano, informaron los medios del Vaticano. All\u00ed, el pont\u00edfice \u00abagradeci\u00f3 a los reporteros en italiano por su incansable trabajo en estas intensas pocas semanas\u00bb. <\/p>\n<p>\u00abDesarmemos la comunicaci\u00f3n de todos los prejuicios y el resentimiento, el fanatismo e incluso el odio\u00bb, dijo el Papa a la multitud de periodistas. \u00abDesarmemos las palabras y ayudaremos a desarmar el mundo\u00bb.<\/p>\n<p><strong>C\u00f3mo se le paga al Papa y una mirada a las finanzas del Vaticano<\/strong><\/p>\n<div class=\"image-ct inline\">\n<div class=\"m\"><picture><source media=\"(max-width: 767px)\" srcset=\"https:\/\/a57.foxnews.com\/static.foxnews.com\/foxnews.com\/content\/uploads\/2025\/05\/343\/192\/pope-leo-media-1.jpg?ve=1&amp;tl=1, https:\/\/a57.foxnews.com\/static.foxnews.com\/foxnews.com\/content\/uploads\/2025\/05\/686\/384\/pope-leo-media-1.jpg?ve=1&amp;tl=1 2x\" height=\"192\" width=\"343\"><source media=\"(min-width: 768px) and (max-width: 1023px)\" srcset=\"https:\/\/a57.foxnews.com\/static.foxnews.com\/foxnews.com\/content\/uploads\/2025\/05\/672\/378\/pope-leo-media-1.jpg?ve=1&amp;tl=1, https:\/\/a57.foxnews.com\/static.foxnews.com\/foxnews.com\/content\/uploads\/2025\/05\/1344\/756\/pope-leo-media-1.jpg?ve=1&amp;tl=1 2x\" height=\"378\" width=\"672\"><source media=\"(min-width: 1024px) and (max-width: 1279px)\" srcset=\"https:\/\/a57.foxnews.com\/static.foxnews.com\/foxnews.com\/content\/uploads\/2025\/05\/931\/523\/pope-leo-media-1.jpg?ve=1&amp;tl=1, https:\/\/a57.foxnews.com\/static.foxnews.com\/foxnews.com\/content\/uploads\/2025\/05\/1862\/1046\/pope-leo-media-1.jpg?ve=1&amp;tl=1 2x\" height=\"523\" width=\"931\"><source media=\"(min-width: 1280px)\" srcset=\"https:\/\/a57.foxnews.com\/static.foxnews.com\/foxnews.com\/content\/uploads\/2025\/05\/720\/405\/pope-leo-media-1.jpg?ve=1&amp;tl=1, https:\/\/a57.foxnews.com\/static.foxnews.com\/foxnews.com\/content\/uploads\/2025\/05\/1440\/810\/pope-leo-media-1.jpg?ve=1&amp;tl=1 2x\" height=\"405\" width=\"720\"><img loading=\"lazy\" decoding=\"async\" src=\"https:\/\/a57.foxnews.com\/static.foxnews.com\/foxnews.com\/content\/uploads\/2025\/05\/1200\/675\/pope-leo-media-1.jpg?ve=1&amp;tl=1\" alt=\"El Papa Leo llega a la reuni\u00f3n de medios\" width=\"1200\" height=\"675\"\/><\/source><\/source><\/source><\/source><\/picture><\/div>\n<div class=\"info\">\n<div class=\"caption\">\n<p><span>El Papa Leo XIV llega cuando se encuentra con miembros de los medios de comunicaci\u00f3n internacionales en el Sal\u00f3n de Pablo VI en el Vaticano el lunes 12 de mayo de 2025. <\/span> <span>(Domenico Stinellis)<\/span><\/p>\n<\/div>\n<\/div>\n<\/div>\n<p>El jugador de 69 a\u00f1os pidi\u00f3 el lanzamiento de periodistas encarcelados y afirm\u00f3 el \u00abPrecioso regalo de la libertad de expresi\u00f3n y la prensa\u00bb, inform\u00f3 Associated Press.<\/p>\n<p>Expres\u00f3 solidaridad con periodistas de todo el mundo que han sido encarcelados por tratar de buscar e informar la verdad. Dibujando aplausos de la multitud, solicit\u00f3 su liberaci\u00f3n.<\/p>\n<p><strong>El Papa Leo entrega las primeras oraciones &#8216;Regina Caeli&#8217; de St. Balc\u00f3n de Peter<\/strong><\/p>\n<div class=\"image-ct inline\">\n<div class=\"m\"><picture><source media=\"(max-width: 767px)\" srcset=\"https:\/\/a57.foxnews.com\/static.foxnews.com\/foxnews.com\/content\/uploads\/2025\/05\/343\/192\/pope-leo-media-3.jpg?ve=1&amp;tl=1, https:\/\/a57.foxnews.com\/static.foxnews.com\/foxnews.com\/content\/uploads\/2025\/05\/686\/384\/pope-leo-media-3.jpg?ve=1&amp;tl=1 2x\" height=\"192\" width=\"343\"><source media=\"(min-width: 768px) and (max-width: 1023px)\" srcset=\"https:\/\/a57.foxnews.com\/static.foxnews.com\/foxnews.com\/content\/uploads\/2025\/05\/672\/378\/pope-leo-media-3.jpg?ve=1&amp;tl=1, https:\/\/a57.foxnews.com\/static.foxnews.com\/foxnews.com\/content\/uploads\/2025\/05\/1344\/756\/pope-leo-media-3.jpg?ve=1&amp;tl=1 2x\" height=\"378\" width=\"672\"><source media=\"(min-width: 1024px) and (max-width: 1279px)\" srcset=\"https:\/\/a57.foxnews.com\/static.foxnews.com\/foxnews.com\/content\/uploads\/2025\/05\/931\/523\/pope-leo-media-3.jpg?ve=1&amp;tl=1, https:\/\/a57.foxnews.com\/static.foxnews.com\/foxnews.com\/content\/uploads\/2025\/05\/1862\/1046\/pope-leo-media-3.jpg?ve=1&amp;tl=1 2x\" height=\"523\" width=\"931\"><source media=\"(min-width: 1280px)\" srcset=\"https:\/\/a57.foxnews.com\/static.foxnews.com\/foxnews.com\/content\/uploads\/2025\/05\/720\/405\/pope-leo-media-3.jpg?ve=1&amp;tl=1, https:\/\/a57.foxnews.com\/static.foxnews.com\/foxnews.com\/content\/uploads\/2025\/05\/1440\/810\/pope-leo-media-3.jpg?ve=1&amp;tl=1 2x\" height=\"405\" width=\"720\"><img loading=\"lazy\" decoding=\"async\" src=\"https:\/\/a57.foxnews.com\/static.foxnews.com\/foxnews.com\/content\/uploads\/2025\/05\/1200\/675\/pope-leo-media-3.jpg?ve=1&amp;tl=1\" alt=\"Papa Leo Primera reuni\u00f3n con los medios de comunicaci\u00f3n\" width=\"1200\" height=\"675\"\/><\/source><\/source><\/source><\/source><\/picture><\/div>\n<div class=\"info\">\n<div class=\"caption\">\n<p><span>El Papa Leo XIV reza sobre miembros de los medios internacionales en el Pablo VI Hall en el Vaticano el 12 de mayo de 2025. <\/span> <span>(Domenico Stinellis)<\/span><\/p>\n<\/div>\n<\/div>\n<\/div>\n<p>\u00abLa Iglesia reconoce en estos testigos: estoy pensando en aquellos que informan sobre la guerra incluso a costa de sus vidas, el coraje de aquellos que defienden la dignidad, la justicia y el derecho de las personas a ser informados, porque solo las personas informadas pueden tomar decisiones libres\u00bb, dijo.<\/p>\n<p>El pont\u00edfice tambi\u00e9n dijo a los periodistas que deben actuar de manera responsable en el uso de inteligencia artificial en su trabajo, pidi\u00e9ndoles que \u00abse aseguren de que pueda usarse para el bien de todos, para que pueda beneficiar a toda la humanidad\u00bb.<\/p>\n<div class=\"image-ct inline\">\n<div class=\"m\"><picture><source media=\"(max-width: 767px)\" srcset=\"https:\/\/a57.foxnews.com\/static.foxnews.com\/foxnews.com\/content\/uploads\/2025\/05\/343\/192\/pope-leo-media-2.jpg?ve=1&amp;tl=1, https:\/\/a57.foxnews.com\/static.foxnews.com\/foxnews.com\/content\/uploads\/2025\/05\/686\/384\/pope-leo-media-2.jpg?ve=1&amp;tl=1 2x\" height=\"192\" width=\"343\"><source media=\"(min-width: 768px) and (max-width: 1023px)\" srcset=\"https:\/\/a57.foxnews.com\/static.foxnews.com\/foxnews.com\/content\/uploads\/2025\/05\/672\/378\/pope-leo-media-2.jpg?ve=1&amp;tl=1, https:\/\/a57.foxnews.com\/static.foxnews.com\/foxnews.com\/content\/uploads\/2025\/05\/1344\/756\/pope-leo-media-2.jpg?ve=1&amp;tl=1 2x\" height=\"378\" width=\"672\"><source media=\"(min-width: 1024px) and (max-width: 1279px)\" srcset=\"https:\/\/a57.foxnews.com\/static.foxnews.com\/foxnews.com\/content\/uploads\/2025\/05\/931\/523\/pope-leo-media-2.jpg?ve=1&amp;tl=1, https:\/\/a57.foxnews.com\/static.foxnews.com\/foxnews.com\/content\/uploads\/2025\/05\/1862\/1046\/pope-leo-media-2.jpg?ve=1&amp;tl=1 2x\" height=\"523\" width=\"931\"><source media=\"(min-width: 1280px)\" srcset=\"https:\/\/a57.foxnews.com\/static.foxnews.com\/foxnews.com\/content\/uploads\/2025\/05\/720\/405\/pope-leo-media-2.jpg?ve=1&amp;tl=1, https:\/\/a57.foxnews.com\/static.foxnews.com\/foxnews.com\/content\/uploads\/2025\/05\/1440\/810\/pope-leo-media-2.jpg?ve=1&amp;tl=1 2x\" height=\"405\" width=\"720\"><img loading=\"lazy\" decoding=\"async\" src=\"https:\/\/a57.foxnews.com\/static.foxnews.com\/foxnews.com\/content\/uploads\/2025\/05\/1200\/675\/pope-leo-media-2.jpg?ve=1&amp;tl=1\" alt=\"El papa Leo se re\u00fane con una gran multitud de medios\" width=\"1200\" height=\"675\"\/><\/source><\/source><\/source><\/source><\/picture><\/div>\n<div class=\"info\">\n<div class=\"caption\">\n<p><span>Un gran n\u00famero de periodistas internacionales se reunieron con el Papa Leo XIV en el Vaticano el lunes 12 de mayo de 2025.<\/span> <span>(Domenico Stinellis)<\/span><\/p>\n<\/div>\n<\/div>\n<\/div>\n<p><strong><u>Haga clic aqu\u00ed para obtener la aplicaci\u00f3n Fox News<\/u><\/strong><strong> <\/strong><\/p>\n<p>El Papa habl\u00f3 principalmente en italiano, pero abri\u00f3 con una broma en ingl\u00e9s sobre la ovaci\u00f3n de pie que recibi\u00f3.<\/p>\n<p>\u00abGracias por esta maravillosa recepci\u00f3n\u00bb, dijo. \u00abDicen que cuando aplauden al principio, no importa mucho. Si todav\u00eda est\u00e1s despierto al final y a\u00fan quieres aplaudir, muchas gracias\u00bb.<\/p>\n<p><i>Associated Press y Reuter contribuyeron a este informe. <\/i><\/p>\n<p> <!----> <\/div>\n\n","protected":false},"excerpt":{"rendered":"<p>Mundo, los medios de comunicaci\u00f3n reaccionan a la elecci\u00f3n del Papa Leo XIV La escritora Outkick Mary Katharine Ham y la estratega dem\u00f3crata Kevin Walling se unen a &#8216;MediaBuzz&#8217; para discutir la elecci\u00f3n del Papa Leo XIV, el primer Papa estadounidense en la historia, y el acuerdo comercial de los Estados Unidos con el Reino &hellip;<\/p>\n","protected":false},"author":1,"featured_media":26929,"comment_status":"open","ping_status":"open","sticky":false,"template":"","format":"standard","meta":{"fifu_image_url":"https:\/\/static.foxnews.com\/foxnews.com\/content\/uploads\/2025\/05\/pope-leo-media-2.jpg","fifu_image_alt":"","footnotes":""},"categories":[13],"tags":[],"class_list":["post-26927","post","type-post","status-publish","format-standard","has-post-thumbnail","","category-mundo"],"_links":{"self":[{"href":"https:\/\/noticiasveraces.com\/index.php?rest_route=\/wp\/v2\/posts\/26927","targetHints":{"allow":["GET"]}}],"collection":[{"href":"https:\/\/noticiasveraces.com\/index.php?rest_route=\/wp\/v2\/posts"}],"about":[{"href":"https:\/\/noticiasveraces.com\/index.php?rest_route=\/wp\/v2\/types\/post"}],"author":[{"embeddable":true,"href":"https:\/\/noticiasveraces.com\/index.php?rest_route=\/wp\/v2\/users\/1"}],"replies":[{"embeddable":true,"href":"https:\/\/noticiasveraces.com\/index.php?rest_route=%2Fwp%2Fv2%2Fcomments&post=26927"}],"version-history":[{"count":0,"href":"https:\/\/noticiasveraces.com\/index.php?rest_route=\/wp\/v2\/posts\/26927\/revisions"}],"wp:featuredmedia":[{"embeddable":true,"href":"https:\/\/noticiasveraces.com\/index.php?rest_route=\/wp\/v2\/media\/26929"}],"wp:attachment":[{"href":"https:\/\/noticiasveraces.com\/index.php?rest_route=%2Fwp%2Fv2%2Fmedia&parent=26927"}],"wp:term":[{"taxonomy":"category","embeddable":true,"href":"https:\/\/noticiasveraces.com\/index.php?rest_route=%2Fwp%2Fv2%2Fcategories&post=26927"},{"taxonomy":"post_tag","embeddable":true,"href":"https:\/\/noticiasveraces.com\/index.php?rest_route=%2Fwp%2Fv2%2Ftags&post=26927"}],"curies":[{"name":"wp","href":"https:\/\/api.w.org\/{rel}","templated":true}]}}