{"id":26902,"date":"2025-05-12T03:49:06","date_gmt":"2025-05-12T07:49:06","guid":{"rendered":"https:\/\/noticiasveraces.com\/?p=26902"},"modified":"2025-05-12T03:49:06","modified_gmt":"2025-05-12T07:49:06","slug":"la-guerrilla-pkk-anuncia-disolucion-y-fin-de-lucha-armada-dw-12-05-2025","status":"publish","type":"post","link":"https:\/\/noticiasveraces.com\/?p=26902","title":{"rendered":"La guerrilla PKK anuncia disoluci\u00f3n y fin de lucha armada \u2013 DW \u2013 12\/05\/2025"},"content":{"rendered":"<p> \n<\/p>\n<div>\n<p>La lucha armada de la guerrilla kurda del PKK contra el Estado turco se inici\u00f3 hace 40 a\u00f1os y ha dejado unos 45.000 muertos. Abdullah \u00d6calan, fundador y l\u00edder de la organizaci\u00f3n, que lleva 25 a\u00f1os cumpliendo cadena perpetua, pidi\u00f3 el pasado 27 de febrero al PKK -considerado terrorista por Turqu\u00eda, Estados Unidos y la Uni\u00f3n Europea-, que abandonara las armas.<\/p>\n<p>En este contexto se entiende el comunicado del PKK, hecho p\u00fablico por medios turcos: \u00abEl 12\u00ba Congreso del PKK ha decidido disolver la estructura organizativa del PKK y poner fin al m\u00e9todo de la lucha armada, cuyo proceso de aplicaci\u00f3n ser\u00e1 dirigido y llevado a cabo por el l\u00edder APO (\u00d6calan), poniendo fin as\u00ed a las actividades realizadas bajo el nombre del PKK\u00bb se\u00f1ala la guerrilla en su escrito.<\/p>\n<p>MS (AFP\/EFE)<\/p>\n<\/p>\n<\/div>\n\n","protected":false},"excerpt":{"rendered":"<p>La lucha armada de la guerrilla kurda del PKK contra el Estado turco se inici\u00f3 hace 40 a\u00f1os y ha dejado unos 45.000 muertos. Abdullah \u00d6calan, fundador y l\u00edder de la organizaci\u00f3n, que lleva 25 a\u00f1os cumpliendo cadena perpetua, pidi\u00f3 el pasado 27 de febrero al PKK -considerado terrorista por Turqu\u00eda, Estados Unidos y la &hellip;<\/p>\n","protected":false},"author":1,"featured_media":26903,"comment_status":"open","ping_status":"open","sticky":false,"template":"","format":"standard","meta":{"fifu_image_url":"https:\/\/static.dw.com\/image\/71797469_6.jpg","fifu_image_alt":"","footnotes":""},"categories":[13],"tags":[],"class_list":["post-26902","post","type-post","status-publish","format-standard","has-post-thumbnail","","category-mundo"],"_links":{"self":[{"href":"https:\/\/noticiasveraces.com\/index.php?rest_route=\/wp\/v2\/posts\/26902","targetHints":{"allow":["GET"]}}],"collection":[{"href":"https:\/\/noticiasveraces.com\/index.php?rest_route=\/wp\/v2\/posts"}],"about":[{"href":"https:\/\/noticiasveraces.com\/index.php?rest_route=\/wp\/v2\/types\/post"}],"author":[{"embeddable":true,"href":"https:\/\/noticiasveraces.com\/index.php?rest_route=\/wp\/v2\/users\/1"}],"replies":[{"embeddable":true,"href":"https:\/\/noticiasveraces.com\/index.php?rest_route=%2Fwp%2Fv2%2Fcomments&post=26902"}],"version-history":[{"count":0,"href":"https:\/\/noticiasveraces.com\/index.php?rest_route=\/wp\/v2\/posts\/26902\/revisions"}],"wp:featuredmedia":[{"embeddable":true,"href":"https:\/\/noticiasveraces.com\/index.php?rest_route=\/wp\/v2\/media\/26903"}],"wp:attachment":[{"href":"https:\/\/noticiasveraces.com\/index.php?rest_route=%2Fwp%2Fv2%2Fmedia&parent=26902"}],"wp:term":[{"taxonomy":"category","embeddable":true,"href":"https:\/\/noticiasveraces.com\/index.php?rest_route=%2Fwp%2Fv2%2Fcategories&post=26902"},{"taxonomy":"post_tag","embeddable":true,"href":"https:\/\/noticiasveraces.com\/index.php?rest_route=%2Fwp%2Fv2%2Ftags&post=26902"}],"curies":[{"name":"wp","href":"https:\/\/api.w.org\/{rel}","templated":true}]}}