{"id":26897,"date":"2025-05-12T02:47:42","date_gmt":"2025-05-12T06:47:42","guid":{"rendered":"https:\/\/noticiasveraces.com\/?p=26897"},"modified":"2025-05-12T02:47:42","modified_gmt":"2025-05-12T06:47:42","slug":"expresidente-surcoreano-comparece-a-tercera-audiencia-penal-dw-12-05-2025","status":"publish","type":"post","link":"https:\/\/noticiasveraces.com\/?p=26897","title":{"rendered":"Expresidente surcoreano comparece a tercera audiencia penal \u2013 DW \u2013 12\/05\/2025"},"content":{"rendered":"<p> \n<\/p>\n<div>\n<p>El expresidente surcoreano Yoon Suk-yeol compareci\u00f3 este lunes (12.05.2025) a la tercera audiencia del juicio penal en su contra por insurrecci\u00f3n y abuso de poder, en medio del inicio de las campa\u00f1as para las elecciones presidenciales convocadas de forma anticipada tras su destituci\u00f3n.<\/p>\n<p>Yoon lleg\u00f3 al Tribunal del Distrito Central de Se\u00fal alrededor de las 10:00 hora local (1:00 GMT), por la puerta principal, pero evit\u00f3 responder a las preguntas de los periodistas.<\/p>\n<p>La sesi\u00f3n de hoy es la primera que se celebra desde que la fiscal\u00eda sumara el pasado 1 de mayo una nueva acusaci\u00f3n formal por abuso de poder, al considerar que Yoon vulner\u00f3 derechos fundamentales al imponer un estado de excepci\u00f3n injustificado el 3 de diciembre de 2024.<\/p>\n<p>El tribunal prev\u00e9 interrogar como testigos a un alto jefe de operaciones del Comando de Guerra Especial del Ej\u00e9rcito y a un asistente del comandante del Comando de Defensa de la Capital.<\/p>\n<p>La fiscal\u00eda ya hab\u00eda acusado formalmente a Yoon por presunta insurrecci\u00f3n al considerar que conspir\u00f3 con el exministro de Defensa Kim Yong-hyun y otros para incitar a un levantamiento con su declaraci\u00f3n de la ley marcial.<\/p>\n<p>El Tribunal Constitucional ratific\u00f3 la destituci\u00f3n de Yoon el 4 de abril, determinando su aplicaci\u00f3n de la ley marcial como inconstitucional e ilegal, al no existir las circunstancias para su declaraci\u00f3n, como una guerra, un conflicto armado o una crisis nacional comparable.<\/p>\n<p>El proceso contra Yoon, que podr\u00eda enfrentar cadena perpetua o incluso la pena de muerte seg\u00fan el C\u00f3digo Penal surcoreano, ha adquirido una fuerte carga simb\u00f3lica en medio del clima electoral.<\/p>\n<p>El per\u00edodo de campa\u00f1as inici\u00f3 este lunes, con una ventaja clara del l\u00edder opositor Lee Jae-myung en las encuestas. Lee perdi\u00f3 las previas elecciones contra Yoon por un estrecho margen.<\/p>\n<p>Las elecciones presidenciales anticipadas se celebrar\u00e1n el 3 de junio.<\/p>\n<p>JC (Efe, AFP)<\/p>\n<\/p>\n<\/div>\n\n","protected":false},"excerpt":{"rendered":"<p>El expresidente surcoreano Yoon Suk-yeol compareci\u00f3 este lunes (12.05.2025) a la tercera audiencia del juicio penal en su contra por insurrecci\u00f3n y abuso de poder, en medio del inicio de las campa\u00f1as para las elecciones presidenciales convocadas de forma anticipada tras su destituci\u00f3n. Yoon lleg\u00f3 al Tribunal del Distrito Central de Se\u00fal alrededor de las &hellip;<\/p>\n","protected":false},"author":1,"featured_media":26898,"comment_status":"open","ping_status":"open","sticky":false,"template":"","format":"standard","meta":{"fifu_image_url":"https:\/\/static.dw.com\/image\/72134654_6.jpg","fifu_image_alt":"","footnotes":""},"categories":[13],"tags":[],"class_list":["post-26897","post","type-post","status-publish","format-standard","has-post-thumbnail","","category-mundo"],"_links":{"self":[{"href":"https:\/\/noticiasveraces.com\/index.php?rest_route=\/wp\/v2\/posts\/26897","targetHints":{"allow":["GET"]}}],"collection":[{"href":"https:\/\/noticiasveraces.com\/index.php?rest_route=\/wp\/v2\/posts"}],"about":[{"href":"https:\/\/noticiasveraces.com\/index.php?rest_route=\/wp\/v2\/types\/post"}],"author":[{"embeddable":true,"href":"https:\/\/noticiasveraces.com\/index.php?rest_route=\/wp\/v2\/users\/1"}],"replies":[{"embeddable":true,"href":"https:\/\/noticiasveraces.com\/index.php?rest_route=%2Fwp%2Fv2%2Fcomments&post=26897"}],"version-history":[{"count":0,"href":"https:\/\/noticiasveraces.com\/index.php?rest_route=\/wp\/v2\/posts\/26897\/revisions"}],"wp:featuredmedia":[{"embeddable":true,"href":"https:\/\/noticiasveraces.com\/index.php?rest_route=\/wp\/v2\/media\/26898"}],"wp:attachment":[{"href":"https:\/\/noticiasveraces.com\/index.php?rest_route=%2Fwp%2Fv2%2Fmedia&parent=26897"}],"wp:term":[{"taxonomy":"category","embeddable":true,"href":"https:\/\/noticiasveraces.com\/index.php?rest_route=%2Fwp%2Fv2%2Fcategories&post=26897"},{"taxonomy":"post_tag","embeddable":true,"href":"https:\/\/noticiasveraces.com\/index.php?rest_route=%2Fwp%2Fv2%2Ftags&post=26897"}],"curies":[{"name":"wp","href":"https:\/\/api.w.org\/{rel}","templated":true}]}}