{"id":26895,"date":"2025-05-12T01:46:27","date_gmt":"2025-05-12T05:46:27","guid":{"rendered":"https:\/\/noticiasveraces.com\/?p=26895"},"modified":"2025-05-12T01:46:27","modified_gmt":"2025-05-12T05:46:27","slug":"netanyahu-dice-que-liberacion-de-rehen-no-conduce-a-tregua-dw-12-05-2025","status":"publish","type":"post","link":"https:\/\/noticiasveraces.com\/?p=26895","title":{"rendered":"Netanyahu dice que liberaci\u00f3n de reh\u00e9n no conduce a tregua \u2013 DW \u2013 12\/05\/2025"},"content":{"rendered":"<p> \n<\/p>\n<div>\n<p>El primer ministro de Israel, Benjamin Netanyahu, dijo el lunes (12.05.2025) que la liberaci\u00f3n de un reh\u00e9n israel\u00ed-estadounidense anunciada por Ham\u00e1s no conducir\u00eda a un alto el fuego en la Franja de Gaza ni a la liberaci\u00f3n de prisioneros palestinos. <\/p>\n<p>En un comunicado de su despacho, Netanyahu reiter\u00f3 que las negociaciones para un posible acuerdo que resulte en la liberaci\u00f3n de todos los rehenes en Gaza se llevar\u00e1n a cabo \u00abbajo fuego\u00bb y que Israel prepara \u00abuna intensificaci\u00f3n de los combates\u00bb.<\/p>\n<p>Luego de conversaciones con funcionarios estadounidenses sobre una tregua en Gaza, el movimiento islamista palestino Ham\u00e1s anunci\u00f3 el domingo que liberar\u00e1 al reh\u00e9n israel\u00ed-estadounidense Edan Alexander, retenido en territorio palestino desde los ataques del 7 de octubre de 2023. <\/p>\n<p>Aunque no se anticip\u00f3 una fecha para la liberaci\u00f3n, la familia del joven reh\u00e9n de 21 a\u00f1os dijo el domingo que les informaron que se esperaba \u00aben los pr\u00f3ximos d\u00edas\u00bb. <\/p>\n<p>\u00abIsrael no se ha comprometido a ning\u00fan alto el fuego ni a la liberaci\u00f3n de terroristas (prisioneros palestinos que mantiene retenidos, ndlr), sino solo a un corredor seguro que permita la liberaci\u00f3n de Edan\u00bb, dijo Netanyahu. <\/p>\n<p>Seg\u00fan el primer ministro, la esperada liberaci\u00f3n del \u00fanico reh\u00e9n vivo con ciudadan\u00eda estadounidense fue posible por la \u00abpresi\u00f3n militar\u00bb israel\u00ed en la Franja de Gaza. <\/p>\n<h2>\u00abNegociaciones seguir\u00e1n bajo fuego\u00bb<\/h2>\n<p>\u00abNos encontramos en medio de d\u00edas decisivos, durante los cuales se ha presentado una propuesta a Ham\u00e1s que permite la liberaci\u00f3n de nuestros rehenes. Las negociaciones continuar\u00e1n bajo fuego, junto con los preparativos para una intensificaci\u00f3n de los combates\u00bb, a\u00f1adi\u00f3 Netanyahu. <\/p>\n<p>En la ma\u00f1ana del lunes, la Defensa Civil palestina inform\u00f3 que \u00abal menos\u00bb 10 personas murieron, incluidas varias mujeres y ni\u00f1os, en un ataque nocturno y a\u00e9reo israel\u00ed contra una escuela que albergaba a desplazados en Jabaliya, en el norte de la Franja de Gaza. <\/p>\n<p>De las 251 personas secuestradas en Israel durante los ataques sin precedentes perpetrados por Ham\u00e1s el 7 de octubre de 2023, 58 siguen retenidas en Gaza, incluidas 34 declaradas muertas por el ej\u00e9rcito israel\u00ed.<\/p>\n<p>GS (AFP, Reuters)<\/p>\n<\/div>\n\n","protected":false},"excerpt":{"rendered":"<p>El primer ministro de Israel, Benjamin Netanyahu, dijo el lunes (12.05.2025) que la liberaci\u00f3n de un reh\u00e9n israel\u00ed-estadounidense anunciada por Ham\u00e1s no conducir\u00eda a un alto el fuego en la Franja de Gaza ni a la liberaci\u00f3n de prisioneros palestinos. En un comunicado de su despacho, Netanyahu reiter\u00f3 que las negociaciones para un posible acuerdo &hellip;<\/p>\n","protected":false},"author":1,"featured_media":26896,"comment_status":"open","ping_status":"open","sticky":false,"template":"","format":"standard","meta":{"fifu_image_url":"https:\/\/static.dw.com\/image\/72511717_6.jpg","fifu_image_alt":"","footnotes":""},"categories":[13],"tags":[],"class_list":["post-26895","post","type-post","status-publish","format-standard","has-post-thumbnail","","category-mundo"],"_links":{"self":[{"href":"https:\/\/noticiasveraces.com\/index.php?rest_route=\/wp\/v2\/posts\/26895","targetHints":{"allow":["GET"]}}],"collection":[{"href":"https:\/\/noticiasveraces.com\/index.php?rest_route=\/wp\/v2\/posts"}],"about":[{"href":"https:\/\/noticiasveraces.com\/index.php?rest_route=\/wp\/v2\/types\/post"}],"author":[{"embeddable":true,"href":"https:\/\/noticiasveraces.com\/index.php?rest_route=\/wp\/v2\/users\/1"}],"replies":[{"embeddable":true,"href":"https:\/\/noticiasveraces.com\/index.php?rest_route=%2Fwp%2Fv2%2Fcomments&post=26895"}],"version-history":[{"count":0,"href":"https:\/\/noticiasveraces.com\/index.php?rest_route=\/wp\/v2\/posts\/26895\/revisions"}],"wp:featuredmedia":[{"embeddable":true,"href":"https:\/\/noticiasveraces.com\/index.php?rest_route=\/wp\/v2\/media\/26896"}],"wp:attachment":[{"href":"https:\/\/noticiasveraces.com\/index.php?rest_route=%2Fwp%2Fv2%2Fmedia&parent=26895"}],"wp:term":[{"taxonomy":"category","embeddable":true,"href":"https:\/\/noticiasveraces.com\/index.php?rest_route=%2Fwp%2Fv2%2Fcategories&post=26895"},{"taxonomy":"post_tag","embeddable":true,"href":"https:\/\/noticiasveraces.com\/index.php?rest_route=%2Fwp%2Fv2%2Ftags&post=26895"}],"curies":[{"name":"wp","href":"https:\/\/api.w.org\/{rel}","templated":true}]}}