{"id":26891,"date":"2025-05-12T00:45:56","date_gmt":"2025-05-12T04:45:56","guid":{"rendered":"https:\/\/noticiasveraces.com\/?p=26891"},"modified":"2025-05-12T00:45:56","modified_gmt":"2025-05-12T04:45:56","slug":"papa-leon-xiv-pide-por-la-paz-en-ucrania-y-gaza-dw-11-05-2025","status":"publish","type":"post","link":"https:\/\/noticiasveraces.com\/?p=26891","title":{"rendered":"Papa Le\u00f3n XIV pide por la paz en Ucrania y Gaza \u2013 DW \u2013 11\/05\/2025"},"content":{"rendered":"<p> \n<\/p>\n<div>\n<p>El papa Le\u00f3n XIV hizo un llamado este domingo (11.05.2025) por una paz \u00abjusta\u00bb y \u00abduradera\u00bb en Ucrania as\u00ed como un alto al fuego en Gaza y la liberaci\u00f3n de los rehenes en este conflicto, como parte de un llamado general a \u00ablos grandes del mundo\u00bb a detener las guerras.<\/p>\n<p>El pont\u00edfice nacido en Estados Unidos y nacionalizado peruano encabez\u00f3 la oraci\u00f3n del <em>Regina Coeli<\/em> desde el balc\u00f3n de la plaza San Pedro, que tradicionalmente sirve de ventana a los pont\u00edfices para abordar temas de inter\u00e9s mundial.<\/p>\n<p>Le\u00f3n XIV (de nombre secular Robert Prevost) hizo su segunda aparici\u00f3n ante decenas de miles de fieles desde que fue elegido para dirigir la Iglesia cat\u00f3lica el jueves pasado.<\/p>\n<figure class=\"placeholder-image master_landscape big\"><img data-format=\"MASTER_LANDSCAPE\" data-id=\"72507741\" data-url=\"https:\/\/static.dw.com\/image\/72507741_${formatId}.jpg\" data-aspect-ratio=\"16\/9\" alt=\"El papa Le\u00f3n XIV reza el &quot;Reina del cielo&quot; desde el balc\u00f3n de la plaza San Pedro, en el Vaticano (11.05.2025)\" style=\"padding-bottom: 56.25%; height: 0; max-height: 0;\"\/><figcaption class=\"img-caption\">El papa Le\u00f3n XIV reza el \u00abRegina caeli\u00bb desde el balc\u00f3n de la plaza San Pedro, en el Vaticano (11.05.2025)<small class=\"copyright\">Imagen: STEFANO RELLANDINI\/AFP\/Getty Images<\/small><\/figcaption><\/figure>\n<h2><strong>\u00abNunca m\u00e1s la guerra\u00bb<\/strong><\/h2>\n<p>El papa se refiri\u00f3 al escenario de una \u00abtercera guerra mundial fragmentada como dijo repetidamente el papa Francisco\u00bb.<\/p>\n<p>\u00abMe dirijo a los grandes del mundo, repitiendo el llamamiento siempre presente: nunca m\u00e1s la guerra\u00bb, expres\u00f3. \u00abLlevo en el coraz\u00f3n el sufrimiento del amado pueblo ucraniano\u00bb, a la vez que urgi\u00f3 a que \u00abse hagan todos los esfuerzos posibles para alcanzar una paz verdadera, justa y duradera\u00bb.<\/p>\n<p>El mensaje llega poco despu\u00e9s de que el presidente ruso Vladimir Putin propusiera negociaciones directas con Ucrania el 15 de mayo, sin comprometerse al ultim\u00e1tum de un alto al fuego de 30 d\u00edas incondicional planteado por los dirigentes europeos con el respaldo de Estados Unidos.<\/p>\n<figure class=\"placeholder-image master_landscape big\"><img data-format=\"MASTER_LANDSCAPE\" data-id=\"72506799\" data-url=\"https:\/\/static.dw.com\/image\/72506799_${formatId}.jpg\" data-aspect-ratio=\"16\/9\" alt=\"Le\u00f3n inst\u00f3 a que &quot;se hagan todos esfuerzos posibles para alcanzar una paz verdadera, justa y duradera&quot; (11.05.2025)\" style=\"padding-bottom: 56.25%; height: 0; max-height: 0;\"\/><figcaption class=\"img-caption\">Le\u00f3n inst\u00f3 a que \u00abse hagan todos esfuerzos posibles para alcanzar una paz verdadera, justa y duradera\u00bb (11.05.2025)<small class=\"copyright\">Imagen: ANDREAS SOLARO\/AFP<\/small><\/figcaption><\/figure>\n<h2><strong>Papa pide un alto al fuego en Gaza y la liberaci\u00f3n de los rehenes israel\u00edes<\/strong><\/h2>\n<p>El papa dijo adem\u00e1s que estaba \u00abprofundamente entristecido por lo que ha sucedido en la Franja de Gaza\u00bb y pidi\u00f3 un \u00abcese al fuego inmediato\u00bb.<\/p>\n<p>\u00abOfrezcamos ayuda humanitaria a la poblaci\u00f3n civil\u00bb y \u00abliberemos a todos los rehenes\u00bb, sigui\u00f3. El ej\u00e9rcito israel\u00ed reanud\u00f3 el 18 de marzo su ofensiva contra el movimiento terrorista palestino Ham\u00e1s en Gaza despu\u00e9s de una tregua de dos meses.<\/p>\n<p>Le\u00f3n salud\u00f3 adem\u00e1s el alto al fuego entre India y Pakist\u00e1n. \u00abEspero que en las pr\u00f3ximas negociaciones podamos llegar a un acuerdo duradero\u00bb, manifest\u00f3.<\/p>\n<p>RR (AFP\/Vatican News\/AP)<\/p>\n<\/div>\n\n","protected":false},"excerpt":{"rendered":"<p>El papa Le\u00f3n XIV hizo un llamado este domingo (11.05.2025) por una paz \u00abjusta\u00bb y \u00abduradera\u00bb en Ucrania as\u00ed como un alto al fuego en Gaza y la liberaci\u00f3n de los rehenes en este conflicto, como parte de un llamado general a \u00ablos grandes del mundo\u00bb a detener las guerras. El pont\u00edfice nacido en Estados &hellip;<\/p>\n","protected":false},"author":1,"featured_media":26892,"comment_status":"open","ping_status":"open","sticky":false,"template":"","format":"standard","meta":{"fifu_image_url":"https:\/\/static.dw.com\/image\/72507791_6.jpg","fifu_image_alt":"","footnotes":""},"categories":[13],"tags":[],"class_list":["post-26891","post","type-post","status-publish","format-standard","has-post-thumbnail","","category-mundo"],"_links":{"self":[{"href":"https:\/\/noticiasveraces.com\/index.php?rest_route=\/wp\/v2\/posts\/26891","targetHints":{"allow":["GET"]}}],"collection":[{"href":"https:\/\/noticiasveraces.com\/index.php?rest_route=\/wp\/v2\/posts"}],"about":[{"href":"https:\/\/noticiasveraces.com\/index.php?rest_route=\/wp\/v2\/types\/post"}],"author":[{"embeddable":true,"href":"https:\/\/noticiasveraces.com\/index.php?rest_route=\/wp\/v2\/users\/1"}],"replies":[{"embeddable":true,"href":"https:\/\/noticiasveraces.com\/index.php?rest_route=%2Fwp%2Fv2%2Fcomments&post=26891"}],"version-history":[{"count":0,"href":"https:\/\/noticiasveraces.com\/index.php?rest_route=\/wp\/v2\/posts\/26891\/revisions"}],"wp:featuredmedia":[{"embeddable":true,"href":"https:\/\/noticiasveraces.com\/index.php?rest_route=\/wp\/v2\/media\/26892"}],"wp:attachment":[{"href":"https:\/\/noticiasveraces.com\/index.php?rest_route=%2Fwp%2Fv2%2Fmedia&parent=26891"}],"wp:term":[{"taxonomy":"category","embeddable":true,"href":"https:\/\/noticiasveraces.com\/index.php?rest_route=%2Fwp%2Fv2%2Fcategories&post=26891"},{"taxonomy":"post_tag","embeddable":true,"href":"https:\/\/noticiasveraces.com\/index.php?rest_route=%2Fwp%2Fv2%2Ftags&post=26891"}],"curies":[{"name":"wp","href":"https:\/\/api.w.org\/{rel}","templated":true}]}}