{"id":26861,"date":"2025-05-11T19:34:48","date_gmt":"2025-05-11T23:34:48","guid":{"rendered":"https:\/\/noticiasveraces.com\/?p=26861"},"modified":"2025-05-11T19:34:48","modified_gmt":"2025-05-11T23:34:48","slug":"miles-piden-en-alemania-prohibicion-del-ultraderechista-afd-dw-11-05-2025","status":"publish","type":"post","link":"https:\/\/noticiasveraces.com\/?p=26861","title":{"rendered":"Miles piden en Alemania prohibici\u00f3n del ultraderechista AfD \u2013 DW \u2013 11\/05\/2025"},"content":{"rendered":"<p> \n<\/p>\n<div>\n<p>Varios miles de personas se manifestaron este domingo (11.10.2025) en Alemania para pedir la prohibici\u00f3n del partido de ultraderecha AfD despu\u00e9s de que el servicio de inteligencia lo clasificara como \u00abgrupo extremista\u00bb.<\/p>\n<p>Los manifestantes salieron a la calle en m\u00e1s de 60 ciudades, desde Colonia hasta Hamburgo pasando por Berl\u00edn, la capital, donde hab\u00eda una s3.000 personas, seg\u00fan la polic\u00eda. La manifestaci\u00f3n fue convocada por el grupo de asociaciones Zusammen gegen Rechts (Juntos contra la Derecha).<\/p>\n<p>\u00abAfD no es un partido normal y no debe ser tratado como tal. Ahora es el momento de considerar seriamente la prohibici\u00f3n del partido\u00bb, dijo el grupo en su web.<\/p>\n<p>En Berl\u00edn, la movilizaci\u00f3n tuvo lugar en la Puerta de Brandenburgo y reuni\u00f3 a m\u00e1s de 7.000 personas, seg\u00fan los organizadores, 3.000 seg\u00fan la polic\u00eda. \u00ab\u00a1Todos juntos contra el fascismo!\u00bb coreaba la multitud con banderas arco\u00edris y pancartas.<\/p>\n<p><strong>Suspensi\u00f3n temporal de fallo<\/strong><\/p>\n<p>Alternativa para Alemania (AfD) obtuvo el 20% de los votos en las \u00faltimas legislativas.<\/p>\n<p>Pocos d\u00edas antes de la toma de posesi\u00f3n del nuevo jefe de gobierno, Friedrich Merz, que lidera una coalici\u00f3n entre conservadores y socialdem\u00f3cratas, el servicio de inteligencia interna (BfV) clasific\u00f3 a AfD como grupo \u00abextremista de derecha\u00bb que puede representar un peligro para la democracia.<\/p>\n<p>El jueves, el BfV suspendi\u00f3 temporalmente la clasificaci\u00f3n la espera que se resuelva un recurso del partido ante la justicia.<\/p>\n<p>La decisi\u00f3n ha provocado tensiones pol\u00edticas dentro y fuera de Alemania, en particular con Estados Unidos, cuyo presidente, Donald Trump, ha mostrado su apoyo a AfD.<\/p>\n<\/p>\n<\/div>\n\n","protected":false},"excerpt":{"rendered":"<p>Varios miles de personas se manifestaron este domingo (11.10.2025) en Alemania para pedir la prohibici\u00f3n del partido de ultraderecha AfD despu\u00e9s de que el servicio de inteligencia lo clasificara como \u00abgrupo extremista\u00bb. Los manifestantes salieron a la calle en m\u00e1s de 60 ciudades, desde Colonia hasta Hamburgo pasando por Berl\u00edn, la capital, donde hab\u00eda una &hellip;<\/p>\n","protected":false},"author":1,"featured_media":26862,"comment_status":"open","ping_status":"open","sticky":false,"template":"","format":"standard","meta":{"fifu_image_url":"https:\/\/static.dw.com\/image\/72509647_6.jpg","fifu_image_alt":"","footnotes":""},"categories":[13],"tags":[],"class_list":["post-26861","post","type-post","status-publish","format-standard","has-post-thumbnail","","category-mundo"],"_links":{"self":[{"href":"https:\/\/noticiasveraces.com\/index.php?rest_route=\/wp\/v2\/posts\/26861","targetHints":{"allow":["GET"]}}],"collection":[{"href":"https:\/\/noticiasveraces.com\/index.php?rest_route=\/wp\/v2\/posts"}],"about":[{"href":"https:\/\/noticiasveraces.com\/index.php?rest_route=\/wp\/v2\/types\/post"}],"author":[{"embeddable":true,"href":"https:\/\/noticiasveraces.com\/index.php?rest_route=\/wp\/v2\/users\/1"}],"replies":[{"embeddable":true,"href":"https:\/\/noticiasveraces.com\/index.php?rest_route=%2Fwp%2Fv2%2Fcomments&post=26861"}],"version-history":[{"count":0,"href":"https:\/\/noticiasveraces.com\/index.php?rest_route=\/wp\/v2\/posts\/26861\/revisions"}],"wp:featuredmedia":[{"embeddable":true,"href":"https:\/\/noticiasveraces.com\/index.php?rest_route=\/wp\/v2\/media\/26862"}],"wp:attachment":[{"href":"https:\/\/noticiasveraces.com\/index.php?rest_route=%2Fwp%2Fv2%2Fmedia&parent=26861"}],"wp:term":[{"taxonomy":"category","embeddable":true,"href":"https:\/\/noticiasveraces.com\/index.php?rest_route=%2Fwp%2Fv2%2Fcategories&post=26861"},{"taxonomy":"post_tag","embeddable":true,"href":"https:\/\/noticiasveraces.com\/index.php?rest_route=%2Fwp%2Fv2%2Ftags&post=26861"}],"curies":[{"name":"wp","href":"https:\/\/api.w.org\/{rel}","templated":true}]}}