{"id":26840,"date":"2025-05-11T16:28:29","date_gmt":"2025-05-11T20:28:29","guid":{"rendered":"https:\/\/noticiasveraces.com\/?p=26840"},"modified":"2025-05-11T16:28:29","modified_gmt":"2025-05-11T20:28:29","slug":"el-rehen-estadounidense-edan-alexander-sera-lanzado-hamas-afirma","status":"publish","type":"post","link":"https:\/\/noticiasveraces.com\/?p=26840","title":{"rendered":"El reh\u00e9n estadounidense Edan Alexander ser\u00e1 lanzado, Hamas afirma"},"content":{"rendered":"<p> \n<\/p>\n<div>\n<div class=\"article-gating gated-overlay show-gate\">\n<div class=\"article-gating-wrapper\">\n<p>\u00danase a Fox News para acceder a este contenido<\/p>\n<p>Has alcanzado su n\u00famero m\u00e1ximo de art\u00edculos. Inicie sesi\u00f3n o cree una cuenta de forma gratuita para continuar leyendo.<\/p>\n<div class=\"article-gating-legal tablet-desktop\">Al ingresar su correo electr\u00f3nico y presionar continuar, usted acepta los t\u00e9rminos de uso y la pol\u00edtica de privacidad de Fox News, que incluye nuestro aviso de incentivo financiero.\n    <\/div>\n<p><span>Por favor, introduce una direcci\u00f3n de correo electr\u00f3nico v\u00e1lida.<\/span><\/p>\n<footer class=\"article-gating-footer\">\u00bfTiene problemas? Haga clic aqu\u00ed.<\/footer>\n<\/div>\n<\/div>\n<p class=\"speakable\">Hamas afirm\u00f3 el domingo que lanzar\u00eda el reh\u00e9n estadounidense Edan Alexander.<\/p>\n<p class=\"speakable\">Alexander, un doble ciudadano estadounidense-israel\u00ed, ha sido cautivo en Gaza desde el ataque de Hamas del 7 de octubre al sur de Israel. <\/p>\n<p>\u00abComo parte de los esfuerzos realizados por los mediadores fraternos para lograr un alto el fuego, Hamas ha estado en contacto con la administraci\u00f3n de los Estados Unidos en los \u00faltimos d\u00edas\u00bb, dijo un comunicado al ingl\u00e9s del \u00e1rabe, de la organizaci\u00f3n terrorista.<\/p>\n<p>\u00abEl movimiento ha mostrado un alto nivel de positividad, y el soldado israel\u00ed con doble ciudadan\u00eda estadounidense, [Edan] Alexander, ser\u00e1 liberado como parte de los pasos que se est\u00e1n tomando hacia un alto el fuego, la apertura de los cruces fronterizos y la entrada de ayuda y alivio para nuestra gente en la Franja de Gaza \u00ab, continu\u00f3 la declaraci\u00f3n.<\/p>\n<p><strong>El l\u00edder palestino exige a los rehenes de la liberaci\u00f3n de Hamas<\/strong><\/p>\n<div class=\"image-ct inline\">\n<div class=\"m\"><picture><source media=\"(max-width: 767px)\" srcset=\"https:\/\/a57.foxnews.com\/static.foxnews.com\/foxnews.com\/content\/uploads\/2024\/03\/343\/192\/Screenshot-2024-03-06-at-4.37.44-PM.jpg?ve=1&amp;tl=1, https:\/\/a57.foxnews.com\/static.foxnews.com\/foxnews.com\/content\/uploads\/2024\/03\/686\/384\/Screenshot-2024-03-06-at-4.37.44-PM.jpg?ve=1&amp;tl=1 2x\" height=\"192\" width=\"343\"><source media=\"(min-width: 768px) and (max-width: 1023px)\" srcset=\"https:\/\/a57.foxnews.com\/static.foxnews.com\/foxnews.com\/content\/uploads\/2024\/03\/672\/378\/Screenshot-2024-03-06-at-4.37.44-PM.jpg?ve=1&amp;tl=1, https:\/\/a57.foxnews.com\/static.foxnews.com\/foxnews.com\/content\/uploads\/2024\/03\/1344\/756\/Screenshot-2024-03-06-at-4.37.44-PM.jpg?ve=1&amp;tl=1 2x\" height=\"378\" width=\"672\"><source media=\"(min-width: 1024px) and (max-width: 1279px)\" srcset=\"https:\/\/a57.foxnews.com\/static.foxnews.com\/foxnews.com\/content\/uploads\/2024\/03\/931\/523\/Screenshot-2024-03-06-at-4.37.44-PM.jpg?ve=1&amp;tl=1, https:\/\/a57.foxnews.com\/static.foxnews.com\/foxnews.com\/content\/uploads\/2024\/03\/1862\/1046\/Screenshot-2024-03-06-at-4.37.44-PM.jpg?ve=1&amp;tl=1 2x\" height=\"523\" width=\"931\"><source media=\"(min-width: 1280px)\" srcset=\"https:\/\/a57.foxnews.com\/static.foxnews.com\/foxnews.com\/content\/uploads\/2024\/03\/720\/405\/Screenshot-2024-03-06-at-4.37.44-PM.jpg?ve=1&amp;tl=1, https:\/\/a57.foxnews.com\/static.foxnews.com\/foxnews.com\/content\/uploads\/2024\/03\/1440\/810\/Screenshot-2024-03-06-at-4.37.44-PM.jpg?ve=1&amp;tl=1 2x\" height=\"405\" width=\"720\"><img loading=\"lazy\" decoding=\"async\" src=\"https:\/\/a57.foxnews.com\/static.foxnews.com\/foxnews.com\/content\/uploads\/2024\/03\/1200\/675\/Screenshot-2024-03-06-at-4.37.44-PM.jpg?ve=1&amp;tl=1\" alt=\"Edan Alexander sonriendo\" width=\"1200\" height=\"675\"\/><\/source><\/source><\/source><\/source><\/picture><\/div>\n<div class=\"info\">\n<div class=\"caption\">\n<p><span>Edan Alexander, nacido en Tel Aviv y criado en Nueva Jersey, actualmente est\u00e1 siendo retenida por Hamas en Gaza. <\/span> <span>(Foro de Familia de rehenes)<\/span><\/p>\n<\/div>\n<\/div>\n<\/div>\n<p>No est\u00e1 claro cu\u00e1ndo se puede liberar Alexander.<\/p>\n<p>Criado en Tenafly, Nueva Jersey, Alexander se mud\u00f3 a Israel a los 18 a\u00f1os para ser voluntario para el servicio militar en la Brigada Golani de las FDI. Viv\u00eda con sus abuelos en Tel Aviv y en Kibbutz Hazor, donde era parte de un grupo de soldados solitarios.<\/p>\n<p><strong><u>Haga clic aqu\u00ed para obtener la aplicaci\u00f3n Fox News<\/u><\/strong><\/p>\n<p>Fue secuestrado en la ma\u00f1ana del 7 de octubre, un s\u00e1bado, no se le exigi\u00f3 que permaneciera en la base. Su madre estaba visitando desde el extranjero, y como muchos soldados solitarios, ten\u00eda la opci\u00f3n de irse a casa durante el fin de semana. Pero eligi\u00f3 quedarse, no querer dejar a sus camaradas de personal en servicio de guardia.<\/p>\n<\/div>\n<p><i>Stepheny Price es escritora de Fox News Digital y Fox Business. Ella cubre temas que incluyen personas desaparecidas, homicidios, casos nacionales de delitos, inmigraci\u00f3n ilegal y m\u00e1s. Los consejos e ideas de la historia se pueden enviar a stepheny.price@fox.com<\/i><\/p>\n\n","protected":false},"excerpt":{"rendered":"<p>\u00danase a Fox News para acceder a este contenido Has alcanzado su n\u00famero m\u00e1ximo de art\u00edculos. Inicie sesi\u00f3n o cree una cuenta de forma gratuita para continuar leyendo. Al ingresar su correo electr\u00f3nico y presionar continuar, usted acepta los t\u00e9rminos de uso y la pol\u00edtica de privacidad de Fox News, que incluye nuestro aviso de &hellip;<\/p>\n","protected":false},"author":1,"featured_media":26842,"comment_status":"open","ping_status":"open","sticky":false,"template":"","format":"standard","meta":{"fifu_image_url":"https:\/\/static.foxnews.com\/foxnews.com\/content\/uploads\/2025\/04\/edan-alexander-02.jpg","fifu_image_alt":"","footnotes":""},"categories":[13],"tags":[],"class_list":["post-26840","post","type-post","status-publish","format-standard","has-post-thumbnail","","category-mundo"],"_links":{"self":[{"href":"https:\/\/noticiasveraces.com\/index.php?rest_route=\/wp\/v2\/posts\/26840","targetHints":{"allow":["GET"]}}],"collection":[{"href":"https:\/\/noticiasveraces.com\/index.php?rest_route=\/wp\/v2\/posts"}],"about":[{"href":"https:\/\/noticiasveraces.com\/index.php?rest_route=\/wp\/v2\/types\/post"}],"author":[{"embeddable":true,"href":"https:\/\/noticiasveraces.com\/index.php?rest_route=\/wp\/v2\/users\/1"}],"replies":[{"embeddable":true,"href":"https:\/\/noticiasveraces.com\/index.php?rest_route=%2Fwp%2Fv2%2Fcomments&post=26840"}],"version-history":[{"count":0,"href":"https:\/\/noticiasveraces.com\/index.php?rest_route=\/wp\/v2\/posts\/26840\/revisions"}],"wp:featuredmedia":[{"embeddable":true,"href":"https:\/\/noticiasveraces.com\/index.php?rest_route=\/wp\/v2\/media\/26842"}],"wp:attachment":[{"href":"https:\/\/noticiasveraces.com\/index.php?rest_route=%2Fwp%2Fv2%2Fmedia&parent=26840"}],"wp:term":[{"taxonomy":"category","embeddable":true,"href":"https:\/\/noticiasveraces.com\/index.php?rest_route=%2Fwp%2Fv2%2Fcategories&post=26840"},{"taxonomy":"post_tag","embeddable":true,"href":"https:\/\/noticiasveraces.com\/index.php?rest_route=%2Fwp%2Fv2%2Ftags&post=26840"}],"curies":[{"name":"wp","href":"https:\/\/api.w.org\/{rel}","templated":true}]}}