{"id":26822,"date":"2025-05-11T14:25:49","date_gmt":"2025-05-11T18:25:49","guid":{"rendered":"https:\/\/noticiasveraces.com\/?p=26822"},"modified":"2025-05-11T14:25:49","modified_gmt":"2025-05-11T18:25:49","slug":"5-pescadores-rescatados-despues-de-55-dias-a-la-deriva-en-el-mar","status":"publish","type":"post","link":"https:\/\/noticiasveraces.com\/?p=26822","title":{"rendered":"5 pescadores rescatados despu\u00e9s de 55 d\u00edas a la deriva en el mar"},"content":{"rendered":"<p> \n<\/p>\n<div>\n<p class=\"speakable\">Cinco pescadores desaparecidos desde mediados de marzo fueron rescatados en el mar la semana pasada, sobreviviendo a 55 d\u00edas a la deriva en el Oc\u00e9ano Pac\u00edfico al beber lluvia y agua de mar, dijo la Armada ecuatoriana.<\/p>\n<p class=\"speakable\">Los tres pescadores peruanos y dos colombianos fueron encontrados el 7 de mayo por un bote de at\u00fan ecuatoriano llamado Aldo. La Armada dijo que los pescadores hab\u00edan reportado da\u00f1os al alternador de su bote dos d\u00edas despu\u00e9s de zarpar desde la Bah\u00eda de Pucusana, al sur de la capital de Per\u00fa, Lima.<\/p>\n<p>La Capit\u00e1n de la Fragata de la Armada Ecuadore, Maria Fares, le dijo a Associated Press que la falla del equipo caus\u00f3 que las herramientas de comunicaci\u00f3n y navegaci\u00f3n se faltaran.<\/p>\n<p>\u00abNo ten\u00edan arranque, luces y todo lo que genera una bater\u00eda\u00bb, dijo. Para sobrevivir, tuvieron que \u00absacar agua oxidada del motor (y) cuando pas\u00f3 un pez, lo atraparon y lo sometieron a comer\u00bb. <\/p>\n<p>Las tarifas agregaron que tambi\u00e9n bebieron lluvia y agua de mar para sobrevivir.<\/p>\n<p><strong>El pescador peruano encontrado vivo despu\u00e9s de 95 d\u00edas en el mar revela c\u00f3mo sobrevivi\u00f3<\/strong><\/p>\n<div class=\"image-ct inline\">\n<div class=\"m\"><picture><source media=\"(max-width: 767px)\" srcset=\"https:\/\/a57.foxnews.com\/static.foxnews.com\/foxnews.com\/content\/uploads\/2025\/05\/343\/192\/fishermen-rescued2.jpg?ve=1&amp;tl=1, https:\/\/a57.foxnews.com\/static.foxnews.com\/foxnews.com\/content\/uploads\/2025\/05\/686\/384\/fishermen-rescued2.jpg?ve=1&amp;tl=1 2x\" height=\"192\" width=\"343\"><source media=\"(min-width: 768px) and (max-width: 1023px)\" srcset=\"https:\/\/a57.foxnews.com\/static.foxnews.com\/foxnews.com\/content\/uploads\/2025\/05\/672\/378\/fishermen-rescued2.jpg?ve=1&amp;tl=1, https:\/\/a57.foxnews.com\/static.foxnews.com\/foxnews.com\/content\/uploads\/2025\/05\/1344\/756\/fishermen-rescued2.jpg?ve=1&amp;tl=1 2x\" height=\"378\" width=\"672\"><source media=\"(min-width: 1024px) and (max-width: 1279px)\" srcset=\"https:\/\/a57.foxnews.com\/static.foxnews.com\/foxnews.com\/content\/uploads\/2025\/05\/931\/523\/fishermen-rescued2.jpg?ve=1&amp;tl=1, https:\/\/a57.foxnews.com\/static.foxnews.com\/foxnews.com\/content\/uploads\/2025\/05\/1862\/1046\/fishermen-rescued2.jpg?ve=1&amp;tl=1 2x\" height=\"523\" width=\"931\"><source media=\"(min-width: 1280px)\" srcset=\"https:\/\/a57.foxnews.com\/static.foxnews.com\/foxnews.com\/content\/uploads\/2025\/05\/720\/405\/fishermen-rescued2.jpg?ve=1&amp;tl=1, https:\/\/a57.foxnews.com\/static.foxnews.com\/foxnews.com\/content\/uploads\/2025\/05\/1440\/810\/fishermen-rescued2.jpg?ve=1&amp;tl=1 2x\" height=\"405\" width=\"720\"><img loading=\"lazy\" decoding=\"async\" src=\"https:\/\/a57.foxnews.com\/static.foxnews.com\/foxnews.com\/content\/uploads\/2025\/05\/1200\/675\/fishermen-rescued2.jpg?ve=1&amp;tl=1\" alt=\"El soldado verifica los vitales de uno de los cinco pescadores de naufragios\" width=\"1200\" height=\"675\"\/><\/source><\/source><\/source><\/source><\/picture><\/div>\n<div class=\"info\">\n<div class=\"caption\">\n<p><span>Un soldado verifica los vitales de uno de los cinco pescadores naufragados.<\/span> <span>(Ecuadorean Navy via AP)<\/span><\/p>\n<\/div>\n<\/div>\n<\/div>\n<p>Los hombres est\u00e1n en condiciones estables y la Marina dijo que est\u00e1 coordinando con las autoridades locales y extranjeras para garantizar su regreso seguro a sus respectivos pa\u00edses.<\/p>\n<div class=\"image-ct inline\">\n<div class=\"m\"><picture><source media=\"(max-width: 767px)\" srcset=\"https:\/\/a57.foxnews.com\/static.foxnews.com\/foxnews.com\/content\/uploads\/2025\/05\/343\/192\/fishermen-rescued.jpg?ve=1&amp;tl=1, https:\/\/a57.foxnews.com\/static.foxnews.com\/foxnews.com\/content\/uploads\/2025\/05\/686\/384\/fishermen-rescued.jpg?ve=1&amp;tl=1 2x\" height=\"192\" width=\"343\"><source media=\"(min-width: 768px) and (max-width: 1023px)\" srcset=\"https:\/\/a57.foxnews.com\/static.foxnews.com\/foxnews.com\/content\/uploads\/2025\/05\/672\/378\/fishermen-rescued.jpg?ve=1&amp;tl=1, https:\/\/a57.foxnews.com\/static.foxnews.com\/foxnews.com\/content\/uploads\/2025\/05\/1344\/756\/fishermen-rescued.jpg?ve=1&amp;tl=1 2x\" height=\"378\" width=\"672\"><source media=\"(min-width: 1024px) and (max-width: 1279px)\" srcset=\"https:\/\/a57.foxnews.com\/static.foxnews.com\/foxnews.com\/content\/uploads\/2025\/05\/931\/523\/fishermen-rescued.jpg?ve=1&amp;tl=1, https:\/\/a57.foxnews.com\/static.foxnews.com\/foxnews.com\/content\/uploads\/2025\/05\/1862\/1046\/fishermen-rescued.jpg?ve=1&amp;tl=1 2x\" height=\"523\" width=\"931\"><source media=\"(min-width: 1280px)\" srcset=\"https:\/\/a57.foxnews.com\/static.foxnews.com\/foxnews.com\/content\/uploads\/2025\/05\/720\/405\/fishermen-rescued.jpg?ve=1&amp;tl=1, https:\/\/a57.foxnews.com\/static.foxnews.com\/foxnews.com\/content\/uploads\/2025\/05\/1440\/810\/fishermen-rescued.jpg?ve=1&amp;tl=1 2x\" height=\"405\" width=\"720\"><img loading=\"lazy\" decoding=\"async\" src=\"https:\/\/a57.foxnews.com\/static.foxnews.com\/foxnews.com\/content\/uploads\/2025\/05\/1200\/675\/fishermen-rescued.jpg?ve=1&amp;tl=1\" alt=\"pescadores que usan chalecos salvavidas\" width=\"1200\" height=\"675\"\/><\/source><\/source><\/source><\/source><\/picture><\/div>\n<div class=\"info\">\n<div class=\"caption\">\n<p><span>Esta foto de folleto del gobierno muestra a cinco pescadores naufragados con chalecos salvavidas, que fueron rescatados por un bote de pesca de at\u00fan ecuatoriano despu\u00e9s de estar a la deriva durante m\u00e1s de 50 d\u00edas, en la Base Naval de San Crist\u00f3bal, Islas Gal\u00e1pagos, Ecuador, el s\u00e1bado 10 de mayo de 2025.<\/span> <span>(Ecuadorean Navy via AP)<\/span><\/p>\n<\/div>\n<\/div>\n<\/div>\n<p><strong><u>Haga clic aqu\u00ed para obtener la aplicaci\u00f3n Fox News<\/u><\/strong><\/p>\n<p>A principios de este a\u00f1o, otro pescador peruano fue encontrado vivo despu\u00e9s de pasar 95 d\u00edas a la deriva en el Oc\u00e9ano Pac\u00edfico, diciendo que sobrevivi\u00f3 en cucarachas, p\u00e1jaros y tortugas marinas.<\/p>\n<p><i>Associated Press contribuy\u00f3 a este informe.<\/i><\/p>\n<p> <!----> <\/div>\n\n","protected":false},"excerpt":{"rendered":"<p>Cinco pescadores desaparecidos desde mediados de marzo fueron rescatados en el mar la semana pasada, sobreviviendo a 55 d\u00edas a la deriva en el Oc\u00e9ano Pac\u00edfico al beber lluvia y agua de mar, dijo la Armada ecuatoriana. Los tres pescadores peruanos y dos colombianos fueron encontrados el 7 de mayo por un bote de at\u00fan &hellip;<\/p>\n","protected":false},"author":1,"featured_media":26824,"comment_status":"open","ping_status":"open","sticky":false,"template":"","format":"standard","meta":{"fifu_image_url":"https:\/\/static.foxnews.com\/foxnews.com\/content\/uploads\/2025\/05\/fishermen-rescued2.jpg","fifu_image_alt":"","footnotes":""},"categories":[13],"tags":[],"class_list":["post-26822","post","type-post","status-publish","format-standard","has-post-thumbnail","","category-mundo"],"_links":{"self":[{"href":"https:\/\/noticiasveraces.com\/index.php?rest_route=\/wp\/v2\/posts\/26822","targetHints":{"allow":["GET"]}}],"collection":[{"href":"https:\/\/noticiasveraces.com\/index.php?rest_route=\/wp\/v2\/posts"}],"about":[{"href":"https:\/\/noticiasveraces.com\/index.php?rest_route=\/wp\/v2\/types\/post"}],"author":[{"embeddable":true,"href":"https:\/\/noticiasveraces.com\/index.php?rest_route=\/wp\/v2\/users\/1"}],"replies":[{"embeddable":true,"href":"https:\/\/noticiasveraces.com\/index.php?rest_route=%2Fwp%2Fv2%2Fcomments&post=26822"}],"version-history":[{"count":0,"href":"https:\/\/noticiasveraces.com\/index.php?rest_route=\/wp\/v2\/posts\/26822\/revisions"}],"wp:featuredmedia":[{"embeddable":true,"href":"https:\/\/noticiasveraces.com\/index.php?rest_route=\/wp\/v2\/media\/26824"}],"wp:attachment":[{"href":"https:\/\/noticiasveraces.com\/index.php?rest_route=%2Fwp%2Fv2%2Fmedia&parent=26822"}],"wp:term":[{"taxonomy":"category","embeddable":true,"href":"https:\/\/noticiasveraces.com\/index.php?rest_route=%2Fwp%2Fv2%2Fcategories&post=26822"},{"taxonomy":"post_tag","embeddable":true,"href":"https:\/\/noticiasveraces.com\/index.php?rest_route=%2Fwp%2Fv2%2Ftags&post=26822"}],"curies":[{"name":"wp","href":"https:\/\/api.w.org\/{rel}","templated":true}]}}