{"id":26793,"date":"2025-05-11T08:18:34","date_gmt":"2025-05-11T12:18:34","guid":{"rendered":"https:\/\/noticiasveraces.com\/?p=26793"},"modified":"2025-05-11T08:18:34","modified_gmt":"2025-05-11T12:18:34","slug":"el-papa-leo-xiv-tiene-la-primera-oracion-regina-caeli-en-el-vaticano","status":"publish","type":"post","link":"https:\/\/noticiasveraces.com\/?p=26793","title":{"rendered":"El Papa Leo XIV tiene la primera oraci\u00f3n &#8216;Regina Caeli&#8217; en el Vaticano"},"content":{"rendered":"<p> \n<\/p>\n<div>\n<div class=\"article-gating gated-overlay show-gate\">\n<div class=\"article-gating-wrapper\">\n<p>\u00danase a Fox News para acceder a este contenido<\/p>\n<p>Has alcanzado su n\u00famero m\u00e1ximo de art\u00edculos. Inicie sesi\u00f3n o cree una cuenta de forma gratuita para continuar leyendo.<\/p>\n<div class=\"article-gating-legal tablet-desktop\">Al ingresar su correo electr\u00f3nico y presionar continuar, usted acepta los t\u00e9rminos de uso y la pol\u00edtica de privacidad de Fox News, que incluye nuestro aviso de incentivo financiero.\n    <\/div>\n<p><span>Por favor, introduce una direcci\u00f3n de correo electr\u00f3nico v\u00e1lida.<\/span><\/p>\n<footer class=\"article-gating-footer\">\u00bfTiene problemas? Haga clic aqu\u00ed.<\/footer>\n<\/div>\n<\/div>\n<p class=\"speakable\">El Papa Leo XIV celebr\u00f3 su primera oraci\u00f3n \u00abRegina Caeli\u00bb en la Plaza de San Pedro en el Vaticano el domingo.<\/p>\n<p class=\"speakable\">El reci\u00e9n elegido Santo Padre entreg\u00f3 el mensaje solo unas horas despu\u00e9s de visitar la tumba de su predecesor, el Papa Francisco.<\/p>\n<p>\u00abQuer\u00eda que fuera tanto aqu\u00ed en estos primeros d\u00edas del nuevo ministerio que la iglesia me ha dado, para llevar adelante esta misi\u00f3n como sucesor de Peter\u00bb, dijo el Papa.<\/p>\n<p>Tambi\u00e9n entreg\u00f3 un mensaje a los j\u00f3venes cat\u00f3licos con respecto a las vocaciones, diciendo: \u00ab\u00a1No tengas miedo! \u00a1Bienven bien la invitaci\u00f3n de la iglesia y la de Cristo el Se\u00f1or!\u00bb<\/p>\n<p><strong><u>El tono inclusivo del nuevo Papa no se sienta bien con algunos en el movimiento &#8216;America First&#8217;<\/u><\/strong><\/p>\n<div class=\"image-ct inline\">\n<div class=\"m\"><picture><source media=\"(max-width: 767px)\" srcset=\"https:\/\/a57.foxnews.com\/static.foxnews.com\/foxnews.com\/content\/uploads\/2025\/05\/343\/192\/gettyimages-2213919205.jpg?ve=1&amp;tl=1, https:\/\/a57.foxnews.com\/static.foxnews.com\/foxnews.com\/content\/uploads\/2025\/05\/686\/384\/gettyimages-2213919205.jpg?ve=1&amp;tl=1 2x\" height=\"192\" width=\"343\"><source media=\"(min-width: 768px) and (max-width: 1023px)\" srcset=\"https:\/\/a57.foxnews.com\/static.foxnews.com\/foxnews.com\/content\/uploads\/2025\/05\/672\/378\/gettyimages-2213919205.jpg?ve=1&amp;tl=1, https:\/\/a57.foxnews.com\/static.foxnews.com\/foxnews.com\/content\/uploads\/2025\/05\/1344\/756\/gettyimages-2213919205.jpg?ve=1&amp;tl=1 2x\" height=\"378\" width=\"672\"><source media=\"(min-width: 1024px) and (max-width: 1279px)\" srcset=\"https:\/\/a57.foxnews.com\/static.foxnews.com\/foxnews.com\/content\/uploads\/2025\/05\/931\/523\/gettyimages-2213919205.jpg?ve=1&amp;tl=1, https:\/\/a57.foxnews.com\/static.foxnews.com\/foxnews.com\/content\/uploads\/2025\/05\/1862\/1046\/gettyimages-2213919205.jpg?ve=1&amp;tl=1 2x\" height=\"523\" width=\"931\"><source media=\"(min-width: 1280px)\" srcset=\"https:\/\/a57.foxnews.com\/static.foxnews.com\/foxnews.com\/content\/uploads\/2025\/05\/720\/405\/gettyimages-2213919205.jpg?ve=1&amp;tl=1, https:\/\/a57.foxnews.com\/static.foxnews.com\/foxnews.com\/content\/uploads\/2025\/05\/1440\/810\/gettyimages-2213919205.jpg?ve=1&amp;tl=1 2x\" height=\"405\" width=\"720\"><img loading=\"lazy\" decoding=\"async\" src=\"https:\/\/a57.foxnews.com\/static.foxnews.com\/foxnews.com\/content\/uploads\/2025\/05\/1200\/675\/gettyimages-2213919205.jpg?ve=1&amp;tl=1\" alt=\"El Papa Leo XIV ofrece la oraci\u00f3n Regina Caeli del principal balc\u00f3n Loggia Central de la Bas\u00edlica de San Pedro en el Vaticano, el 11 de mayo de 2025. (Foto de Alberto Pizzoli \/ AFP) (Foto de Alberto Pizzoli \/ AFP a trav\u00e9s de im\u00e1genes de Getty)\" width=\"1200\" height=\"675\"\/><\/source><\/source><\/source><\/source><\/picture><\/div>\n<div class=\"info\">\n<div class=\"caption\">\n<p><span>El Papa Leo XIV entrega la oraci\u00f3n Regina Caeli del principal balc\u00f3n Loggia Central de la Bas\u00edlica de San Pedro en el Vaticano el 11 de mayo de 2025.<\/span> <span>(Alberto Pizzoli\/AFP a trav\u00e9s de Getty Images)<\/span><\/p>\n<\/div>\n<\/div>\n<\/div>\n<p>\u00abQue la Virgen Mar\u00eda, cuya vida entera fue una respuesta al llamado del Se\u00f1or, siempre nos acompa\u00f1e al seguir a Jes\u00fas\u00bb, dijo.<\/p>\n<p>El Papa Leo tambi\u00e9n solicit\u00f3 \u00abno m\u00e1s guerra\u00bb durante su discurso a los reunidos en la Plaza de San Pedro. Tambi\u00e9n pidi\u00f3 una paz \u00abaut\u00e9ntica y duradera\u00bb en Ucrania, as\u00ed como un alto el fuego en Gaza y el lanzamiento de todos los rehenes que Hamas celebraron.<\/p>\n<p>El Papa continu\u00f3 diciendo que estaba agradecido por el alto el fuego declarado entre India y Pakist\u00e1n, y agreg\u00f3 que est\u00e1 rezando para que Dios le otorgue al mundo el \u00abmilagro de la paz\u00bb.<\/p>\n<p><strong><u>El Papa Leo XIV, graduado de Villanova, se presenta adornado en el simbolismo, la proverbial devoci\u00f3n religiosa<\/u><\/strong><\/p>\n<div class=\"image-ct inline\">\n<div class=\"m\"><picture><source media=\"(max-width: 767px)\" srcset=\"https:\/\/a57.foxnews.com\/static.foxnews.com\/foxnews.com\/content\/uploads\/2025\/05\/343\/192\/ap25130425522571.jpg?ve=1&amp;tl=1, https:\/\/a57.foxnews.com\/static.foxnews.com\/foxnews.com\/content\/uploads\/2025\/05\/686\/384\/ap25130425522571.jpg?ve=1&amp;tl=1 2x\" height=\"192\" width=\"343\"><source media=\"(min-width: 768px) and (max-width: 1023px)\" srcset=\"https:\/\/a57.foxnews.com\/static.foxnews.com\/foxnews.com\/content\/uploads\/2025\/05\/672\/378\/ap25130425522571.jpg?ve=1&amp;tl=1, https:\/\/a57.foxnews.com\/static.foxnews.com\/foxnews.com\/content\/uploads\/2025\/05\/1344\/756\/ap25130425522571.jpg?ve=1&amp;tl=1 2x\" height=\"378\" width=\"672\"><source media=\"(min-width: 1024px) and (max-width: 1279px)\" srcset=\"https:\/\/a57.foxnews.com\/static.foxnews.com\/foxnews.com\/content\/uploads\/2025\/05\/931\/523\/ap25130425522571.jpg?ve=1&amp;tl=1, https:\/\/a57.foxnews.com\/static.foxnews.com\/foxnews.com\/content\/uploads\/2025\/05\/1862\/1046\/ap25130425522571.jpg?ve=1&amp;tl=1 2x\" height=\"523\" width=\"931\"><source media=\"(min-width: 1280px)\" srcset=\"https:\/\/a57.foxnews.com\/static.foxnews.com\/foxnews.com\/content\/uploads\/2025\/05\/720\/405\/ap25130425522571.jpg?ve=1&amp;tl=1, https:\/\/a57.foxnews.com\/static.foxnews.com\/foxnews.com\/content\/uploads\/2025\/05\/1440\/810\/ap25130425522571.jpg?ve=1&amp;tl=1 2x\" height=\"405\" width=\"720\"><img loading=\"lazy\" decoding=\"async\" src=\"https:\/\/a57.foxnews.com\/static.foxnews.com\/foxnews.com\/content\/uploads\/2025\/05\/1200\/675\/ap25130425522571.jpg?ve=1&amp;tl=1\" alt=\"El Papa Leo XIV se dirige al Colegio de Cardenales\" width=\"1200\" height=\"675\"\/><\/source><\/source><\/source><\/source><\/picture><\/div>\n<div class=\"info\">\n<div class=\"caption\">\n<p><span>El Papa Leo XIV se encuentra con el Colegio de Cardenales en el New Synod Hall en el Vaticano, el s\u00e1bado 10 de mayo de 2025.<\/span> <span>(Vaticano Media a trav\u00e9s de AP)<\/span><\/p>\n<\/div>\n<\/div>\n<\/div>\n<p>\u00ab\u00a1No m\u00e1s guerra!\u00bb Dijo el Papa, repitiendo una llamada frecuente del difunto Papa Francisco y se\u00f1alando el reciente 80 aniversario del final de la Segunda Guerra Mundial, que mat\u00f3 a unos 60 millones de personas.<\/p>\n<p><strong><u>Primer Pontiff elegido estadounidense, conozca al Papa Leo XIV<\/u><\/strong><\/p>\n<p>En su <u>Primeros comentarios oficiales<\/u> Como Pope el s\u00e1bado, Leo entreg\u00f3 un poderoso mensaje a la Facultad de Cardenales, advirtiendo que la inteligencia artificial (IA) presenta serios nuevos riesgos para la dignidad humana. Llam\u00f3 a la Iglesia Cat\u00f3lica que intente y responda a estos desaf\u00edos con claridad moral y acci\u00f3n audaz.<\/p>\n<div class=\"image-ct inline\">\n<div class=\"m\"><picture><source media=\"(max-width: 767px)\" srcset=\"https:\/\/a57.foxnews.com\/static.foxnews.com\/foxnews.com\/content\/uploads\/2025\/05\/343\/192\/ap25130425298760.jpg?ve=1&amp;tl=1, https:\/\/a57.foxnews.com\/static.foxnews.com\/foxnews.com\/content\/uploads\/2025\/05\/686\/384\/ap25130425298760.jpg?ve=1&amp;tl=1 2x\" height=\"192\" width=\"343\"><source media=\"(min-width: 768px) and (max-width: 1023px)\" srcset=\"https:\/\/a57.foxnews.com\/static.foxnews.com\/foxnews.com\/content\/uploads\/2025\/05\/672\/378\/ap25130425298760.jpg?ve=1&amp;tl=1, https:\/\/a57.foxnews.com\/static.foxnews.com\/foxnews.com\/content\/uploads\/2025\/05\/1344\/756\/ap25130425298760.jpg?ve=1&amp;tl=1 2x\" height=\"378\" width=\"672\"><source media=\"(min-width: 1024px) and (max-width: 1279px)\" srcset=\"https:\/\/a57.foxnews.com\/static.foxnews.com\/foxnews.com\/content\/uploads\/2025\/05\/931\/523\/ap25130425298760.jpg?ve=1&amp;tl=1, https:\/\/a57.foxnews.com\/static.foxnews.com\/foxnews.com\/content\/uploads\/2025\/05\/1862\/1046\/ap25130425298760.jpg?ve=1&amp;tl=1 2x\" height=\"523\" width=\"931\"><source media=\"(min-width: 1280px)\" srcset=\"https:\/\/a57.foxnews.com\/static.foxnews.com\/foxnews.com\/content\/uploads\/2025\/05\/720\/405\/ap25130425298760.jpg?ve=1&amp;tl=1, https:\/\/a57.foxnews.com\/static.foxnews.com\/foxnews.com\/content\/uploads\/2025\/05\/1440\/810\/ap25130425298760.jpg?ve=1&amp;tl=1 2x\" height=\"405\" width=\"720\"><img loading=\"lazy\" decoding=\"async\" src=\"https:\/\/a57.foxnews.com\/static.foxnews.com\/foxnews.com\/content\/uploads\/2025\/05\/1200\/675\/ap25130425298760.jpg?ve=1&amp;tl=1\" alt=\"El Papa Leo XIV se encuentra con el Colegio de Cardenales\" width=\"1200\" height=\"675\"\/><\/source><\/source><\/source><\/source><\/picture><\/div>\n<div class=\"info\">\n<div class=\"caption\">\n<p><span>El Papa Leo XIV se encuentra con el Colegio de Cardenales en el New Synod Hall en el Vaticano, el s\u00e1bado 10 de mayo de 2025.<\/span> <span>(Vaticano Media a trav\u00e9s de AP)<\/span><\/p>\n<\/div>\n<\/div>\n<\/div>\n<p><strong><u>Haga clic aqu\u00ed para obtener la aplicaci\u00f3n Fox News<\/u><\/strong><\/p>\n<p>Un ex misionero y jefe del dicasterio de los obispos, el Papa Leo, nacido Robert Francis Prevost, habla ingl\u00e9s, espa\u00f1ol e italiano y fue ampliamente visto como una elecci\u00f3n unificadora despu\u00e9s de la muerte del Papa Francisco. Su decisi\u00f3n de tomar el nombre de \u00abLeo\u00bb conecta su misi\u00f3n con el enfoque del Papa Leo XIII en la justicia social.<\/p>\n<p><i>Reuters contribuy\u00f3 a este informe.<\/i><\/p>\n<\/div>\n\n","protected":false},"excerpt":{"rendered":"<p>\u00danase a Fox News para acceder a este contenido Has alcanzado su n\u00famero m\u00e1ximo de art\u00edculos. Inicie sesi\u00f3n o cree una cuenta de forma gratuita para continuar leyendo. Al ingresar su correo electr\u00f3nico y presionar continuar, usted acepta los t\u00e9rminos de uso y la pol\u00edtica de privacidad de Fox News, que incluye nuestro aviso de &hellip;<\/p>\n","protected":false},"author":1,"featured_media":26795,"comment_status":"open","ping_status":"open","sticky":false,"template":"","format":"standard","meta":{"fifu_image_url":"https:\/\/static.foxnews.com\/foxnews.com\/content\/uploads\/2025\/05\/gettyimages-2213919205.jpg","fifu_image_alt":"","footnotes":""},"categories":[13],"tags":[],"class_list":["post-26793","post","type-post","status-publish","format-standard","has-post-thumbnail","","category-mundo"],"_links":{"self":[{"href":"https:\/\/noticiasveraces.com\/index.php?rest_route=\/wp\/v2\/posts\/26793","targetHints":{"allow":["GET"]}}],"collection":[{"href":"https:\/\/noticiasveraces.com\/index.php?rest_route=\/wp\/v2\/posts"}],"about":[{"href":"https:\/\/noticiasveraces.com\/index.php?rest_route=\/wp\/v2\/types\/post"}],"author":[{"embeddable":true,"href":"https:\/\/noticiasveraces.com\/index.php?rest_route=\/wp\/v2\/users\/1"}],"replies":[{"embeddable":true,"href":"https:\/\/noticiasveraces.com\/index.php?rest_route=%2Fwp%2Fv2%2Fcomments&post=26793"}],"version-history":[{"count":0,"href":"https:\/\/noticiasveraces.com\/index.php?rest_route=\/wp\/v2\/posts\/26793\/revisions"}],"wp:featuredmedia":[{"embeddable":true,"href":"https:\/\/noticiasveraces.com\/index.php?rest_route=\/wp\/v2\/media\/26795"}],"wp:attachment":[{"href":"https:\/\/noticiasveraces.com\/index.php?rest_route=%2Fwp%2Fv2%2Fmedia&parent=26793"}],"wp:term":[{"taxonomy":"category","embeddable":true,"href":"https:\/\/noticiasveraces.com\/index.php?rest_route=%2Fwp%2Fv2%2Fcategories&post=26793"},{"taxonomy":"post_tag","embeddable":true,"href":"https:\/\/noticiasveraces.com\/index.php?rest_route=%2Fwp%2Fv2%2Ftags&post=26793"}],"curies":[{"name":"wp","href":"https:\/\/api.w.org\/{rel}","templated":true}]}}