{"id":26788,"date":"2025-05-11T08:08:17","date_gmt":"2025-05-11T12:08:17","guid":{"rendered":"https:\/\/noticiasveraces.com\/?p=26788"},"modified":"2025-05-11T08:08:17","modified_gmt":"2025-05-11T12:08:17","slug":"guterres-celebra-el-alto-el-fuego-entre-india-y-pakistan","status":"publish","type":"post","link":"https:\/\/noticiasveraces.com\/?p=26788","title":{"rendered":"Guterres celebra el alto el fuego entre India y Pakist\u00e1n"},"content":{"rendered":"<p> \n<br \/><img decoding=\"async\" src=\"https:\/\/global.unitednations.entermediadb.net\/assets\/mediadb\/services\/module\/asset\/downloads\/preset\/Collections\/Embargoed\/07-05-2025-PTI-Jammu-Kashmir-06.jpg\/image560x340cropped.jpg\" \/><\/p>\n<div>\n<p>Tras las declaraciones sobre el fin de las hostilidades entre las potencias nucleares vecinas, el Secretario General de la ONU, Ant\u00f3nio Guterres, afirm\u00f3 que la organizaci\u00f3n est\u00e1 dispuesta a apoyar los esfuerzos encaminados a promover la paz y la estabilidad en la regi\u00f3n.<\/p>\n<p>La declaraci\u00f3n del m\u00e1ximo responsable de la ONU, hecha p\u00fablica el s\u00e1bado, se produjo poco despu\u00e9s de conocerse la decisi\u00f3n de los dos pa\u00edses de rebajar la tensi\u00f3n en una situaci\u00f3n que ha causado alarma generalizada en los \u00faltimos d\u00edas.<\/p>\n<p>La tensi\u00f3n no ha dejado de aumentar desde que el 22 de abril un grupo de hombres armados disparara contra turistas que visitaban Jammu y Cachemira, causando <strong>al menos 26 muertos y decenas de heridos<\/strong>. India y Pakist\u00e1n administran partes de esa regi\u00f3n del Himalaya, pero reclaman la totalidad del territorio, que ha sido escenario de disturbios durante d\u00e9cadas.<\/p>\n<p>La semana pasada creci\u00f3 el temor a un enfrentamiento militar y la ONU expres\u00f3 su profunda preocupaci\u00f3n por el deterioro de las relaciones entre los dos vecinos del sur de Asia. Guterres declar\u00f3 a los periodistas que <strong>las tensiones eran mayores de lo que hab\u00edan sido en a\u00f1os<\/strong> y reiter\u00f3 su llamamiento a la m\u00e1xima moderaci\u00f3n.<\/p>\n<p>Tanto en India como en Pakist\u00e1n hubo noticias de j\u00fabilo por el alto el fuego que, seg\u00fan informes, es el resultado de conversaciones con mediaci\u00f3n estadounidense y anunciado por representantes de los tres pa\u00edses en las redes sociales. Sin embargo, desde entonces ha habido informes de escaramuzas, incluidos ataques con drones.<\/p>\n<p>El Secretario General acogi\u00f3 con satisfacci\u00f3n el acuerdo de alto el fuego como un paso positivo para poner fin a las hostilidades actuales y aliviar las tensiones, y dijo que espera que el acuerdo \u201ccontribuya a una paz duradera y fomente un entorno propicio para abordar cuestiones m\u00e1s amplias y de larga data entre los dos pa\u00edses\u201d.<\/p>\n<\/div>\n\n","protected":false},"excerpt":{"rendered":"<p>Tras las declaraciones sobre el fin de las hostilidades entre las potencias nucleares vecinas, el Secretario General de la ONU, Ant\u00f3nio Guterres, afirm\u00f3 que la organizaci\u00f3n est\u00e1 dispuesta a apoyar los esfuerzos encaminados a promover la paz y la estabilidad en la regi\u00f3n. La declaraci\u00f3n del m\u00e1ximo responsable de la ONU, hecha p\u00fablica el s\u00e1bado, &hellip;<\/p>\n","protected":false},"author":1,"featured_media":26790,"comment_status":"open","ping_status":"open","sticky":false,"template":"","format":"standard","meta":{"fifu_image_url":"https:\/\/global.unitednations.entermediadb.net\/assets\/mediadb\/services\/module\/asset\/downloads\/preset\/Collections\/Embargoed\/07-05-2025-PTI-Jammu-Kashmir-06.jpg\/image770x420cropped.jpg","fifu_image_alt":"","footnotes":""},"categories":[3],"tags":[],"class_list":["post-26788","post","type-post","status-publish","format-standard","has-post-thumbnail","","category-negocio"],"_links":{"self":[{"href":"https:\/\/noticiasveraces.com\/index.php?rest_route=\/wp\/v2\/posts\/26788","targetHints":{"allow":["GET"]}}],"collection":[{"href":"https:\/\/noticiasveraces.com\/index.php?rest_route=\/wp\/v2\/posts"}],"about":[{"href":"https:\/\/noticiasveraces.com\/index.php?rest_route=\/wp\/v2\/types\/post"}],"author":[{"embeddable":true,"href":"https:\/\/noticiasveraces.com\/index.php?rest_route=\/wp\/v2\/users\/1"}],"replies":[{"embeddable":true,"href":"https:\/\/noticiasveraces.com\/index.php?rest_route=%2Fwp%2Fv2%2Fcomments&post=26788"}],"version-history":[{"count":0,"href":"https:\/\/noticiasveraces.com\/index.php?rest_route=\/wp\/v2\/posts\/26788\/revisions"}],"wp:featuredmedia":[{"embeddable":true,"href":"https:\/\/noticiasveraces.com\/index.php?rest_route=\/wp\/v2\/media\/26790"}],"wp:attachment":[{"href":"https:\/\/noticiasveraces.com\/index.php?rest_route=%2Fwp%2Fv2%2Fmedia&parent=26788"}],"wp:term":[{"taxonomy":"category","embeddable":true,"href":"https:\/\/noticiasveraces.com\/index.php?rest_route=%2Fwp%2Fv2%2Fcategories&post=26788"},{"taxonomy":"post_tag","embeddable":true,"href":"https:\/\/noticiasveraces.com\/index.php?rest_route=%2Fwp%2Fv2%2Ftags&post=26788"}],"curies":[{"name":"wp","href":"https:\/\/api.w.org\/{rel}","templated":true}]}}