{"id":26775,"date":"2025-05-11T06:16:24","date_gmt":"2025-05-11T10:16:24","guid":{"rendered":"https:\/\/noticiasveraces.com\/?p=26775"},"modified":"2025-05-11T06:16:24","modified_gmt":"2025-05-11T10:16:24","slug":"la-mencion-del-papa-leo-xiv-de-la-iglesia-sinodal-chispas-de-similitud-con-el-papado-del-papa-francisco","status":"publish","type":"post","link":"https:\/\/noticiasveraces.com\/?p=26775","title":{"rendered":"La menci\u00f3n del Papa Leo XIV de la iglesia sinodal chispas de similitud con el papado del Papa Francisco"},"content":{"rendered":"<p> \n<\/p>\n<div>\n<div class=\"featured featured-video video-ct\" data-v-5f342d4c=\"\"><!----> <\/p>\n<div class=\"contain\" data-v-5f342d4c=\"\">  <!----> <\/p>\n<div class=\"info\" data-v-5f342d4c=\"\">\n<div class=\"caption\" data-v-5f342d4c=\"\">\n<h4 class=\"title\" data-v-5f342d4c=\"\">El Papa Leo XIV celebra la primera misa como pont\u00edfice<\/h4>\n<p data-v-5f342d4c=\"\">El Papa Leo XIV, el primer Papa de Am\u00e9rica del Norte de la historia, dijo el viernes que su elecci\u00f3n era una cruz y una bendici\u00f3n mientras celebraba su primera misa en la Capilla Sixtina (Video: Associated Press).<\/p>\n<\/div>\n<\/div>\n<\/div>\n<\/div>\n<p class=\"speakable\">El Papa Leo XIV fue bienvenido como el pont\u00edfice m\u00e1s nuevo por un mar de fieles y una vista ininterrumpida de la Plaza de San Pedro el jueves.<\/p>\n<p class=\"speakable\">Por el contrario, el Papa Leo, nacido Robert Francis Prevost, se present\u00f3 al p\u00fablico utilizando dialectos italianos y espa\u00f1oles y salud\u00f3 a los espectadores tanto en persona como pr\u00e1cticamente con un discurso conciso sobre la construcci\u00f3n de puentes y fomentar la esperanza de una iglesia sinodal.<\/p>\n<p>\u00abEn sus comentarios iniciales, mencion\u00f3 ser una iglesia misionera que incluye a todas las personas, y que sale directamente del Papa Francisco\u00bb, dijo Dennis Doyle, profesor em\u00e9rito de la Universidad de Dayton en Ohio, Fox News Digital.<\/p>\n<p>Doyle ense\u00f1\u00f3 en la Universidad de Investigaci\u00f3n Cat\u00f3lica durante 40 a\u00f1os.<\/p>\n<p><strong>Primer Pontiff elegido estadounidense, conozca al Papa Leo XIV<\/strong><\/p>\n<div class=\"image-ct inline\">\n<div class=\"m\"><picture><source media=\"(max-width: 767px)\" srcset=\"https:\/\/a57.foxnews.com\/static.foxnews.com\/foxnews.com\/content\/uploads\/2025\/05\/343\/192\/new-pope-robert-francis-5.jpg?ve=1&amp;tl=1, https:\/\/a57.foxnews.com\/static.foxnews.com\/foxnews.com\/content\/uploads\/2025\/05\/686\/384\/new-pope-robert-francis-5.jpg?ve=1&amp;tl=1 2x\" height=\"192\" width=\"343\"><source media=\"(min-width: 768px) and (max-width: 1023px)\" srcset=\"https:\/\/a57.foxnews.com\/static.foxnews.com\/foxnews.com\/content\/uploads\/2025\/05\/672\/378\/new-pope-robert-francis-5.jpg?ve=1&amp;tl=1, https:\/\/a57.foxnews.com\/static.foxnews.com\/foxnews.com\/content\/uploads\/2025\/05\/1344\/756\/new-pope-robert-francis-5.jpg?ve=1&amp;tl=1 2x\" height=\"378\" width=\"672\"><source media=\"(min-width: 1024px) and (max-width: 1279px)\" srcset=\"https:\/\/a57.foxnews.com\/static.foxnews.com\/foxnews.com\/content\/uploads\/2025\/05\/931\/523\/new-pope-robert-francis-5.jpg?ve=1&amp;tl=1, https:\/\/a57.foxnews.com\/static.foxnews.com\/foxnews.com\/content\/uploads\/2025\/05\/1862\/1046\/new-pope-robert-francis-5.jpg?ve=1&amp;tl=1 2x\" height=\"523\" width=\"931\"><source media=\"(min-width: 1280px)\" srcset=\"https:\/\/a57.foxnews.com\/static.foxnews.com\/foxnews.com\/content\/uploads\/2025\/05\/720\/405\/new-pope-robert-francis-5.jpg?ve=1&amp;tl=1, https:\/\/a57.foxnews.com\/static.foxnews.com\/foxnews.com\/content\/uploads\/2025\/05\/1440\/810\/new-pope-robert-francis-5.jpg?ve=1&amp;tl=1 2x\" height=\"405\" width=\"720\"><img loading=\"lazy\" decoding=\"async\" src=\"https:\/\/a57.foxnews.com\/static.foxnews.com\/foxnews.com\/content\/uploads\/2025\/05\/1200\/675\/new-pope-robert-francis-5.jpg?ve=1&amp;tl=1\" alt=\"El c\u00f3nclave elige al nuevo Papa Robert Francis Prevost.\" width=\"1200\" height=\"675\"\/><\/source><\/source><\/source><\/source><\/picture><\/div>\n<div class=\"info\">\n<div class=\"caption\">\n<p><span>El reci\u00e9n elegido Papa Leo XIV, el cardenal Robert Prevost de los Estados Unidos aparece en el balc\u00f3n de la Bas\u00edlica de San Pedro, en el Vaticano, 8 de mayo de 2025. Reuters\/Guglielmo Mangiapane TPX Im\u00e1genes del d\u00eda del d\u00eda<\/span> <span>(Guglielmo Mangiapane\/Reuters)<\/span><\/p>\n<\/div>\n<\/div>\n<\/div>\n<p>El Papa Francisco, el 266 vicario de Cristo, cre\u00f3 a Provest un cardenal en 2023.<\/p>\n<p>\u00abEl primer documento importante del Papa Francisco se llamaba &#8216;Evangel&#8217;s Gaudium&#8217;,\u00bb la alegr\u00eda del evangelio \u00ab, dijo Doyle.<\/p>\n<p>En su direcci\u00f3n evanescente, el Papa Leo XIV dijo: \u00abA todos ustedes, hermanos y hermanas de Roma, Italia, de todo el mundo, queremos ser una iglesia sinodal, caminar y siempre buscar paz, caridad, cercan\u00eda, especialmente para aquellos que sufren\u00bb.<\/p>\n<p>\u00abEl Papa Francisco fue realmente grande en esta idea de sinodalidad\u00bb, dijo Doyle.<\/p>\n<p><strong>El Papa Leo XIV, graduado de Villanova, se presenta adornado en el simbolismo, la proverbial devoci\u00f3n religiosa<\/strong><\/p>\n<div class=\"image-ct inline\">\n<div class=\"m\"><picture><source media=\"(max-width: 767px)\" srcset=\"https:\/\/a57.foxnews.com\/static.foxnews.com\/foxnews.com\/content\/uploads\/2025\/05\/343\/192\/new-pope-robert-francis_001.jpg?ve=1&amp;tl=1, https:\/\/a57.foxnews.com\/static.foxnews.com\/foxnews.com\/content\/uploads\/2025\/05\/686\/384\/new-pope-robert-francis_001.jpg?ve=1&amp;tl=1 2x\" height=\"192\" width=\"343\"><source media=\"(min-width: 768px) and (max-width: 1023px)\" srcset=\"https:\/\/a57.foxnews.com\/static.foxnews.com\/foxnews.com\/content\/uploads\/2025\/05\/672\/378\/new-pope-robert-francis_001.jpg?ve=1&amp;tl=1, https:\/\/a57.foxnews.com\/static.foxnews.com\/foxnews.com\/content\/uploads\/2025\/05\/1344\/756\/new-pope-robert-francis_001.jpg?ve=1&amp;tl=1 2x\" height=\"378\" width=\"672\"><source media=\"(min-width: 1024px) and (max-width: 1279px)\" srcset=\"https:\/\/a57.foxnews.com\/static.foxnews.com\/foxnews.com\/content\/uploads\/2025\/05\/931\/523\/new-pope-robert-francis_001.jpg?ve=1&amp;tl=1, https:\/\/a57.foxnews.com\/static.foxnews.com\/foxnews.com\/content\/uploads\/2025\/05\/1862\/1046\/new-pope-robert-francis_001.jpg?ve=1&amp;tl=1 2x\" height=\"523\" width=\"931\"><source media=\"(min-width: 1280px)\" srcset=\"https:\/\/a57.foxnews.com\/static.foxnews.com\/foxnews.com\/content\/uploads\/2025\/05\/720\/405\/new-pope-robert-francis_001.jpg?ve=1&amp;tl=1, https:\/\/a57.foxnews.com\/static.foxnews.com\/foxnews.com\/content\/uploads\/2025\/05\/1440\/810\/new-pope-robert-francis_001.jpg?ve=1&amp;tl=1 2x\" height=\"405\" width=\"720\"><img loading=\"lazy\" decoding=\"async\" src=\"https:\/\/a57.foxnews.com\/static.foxnews.com\/foxnews.com\/content\/uploads\/2025\/05\/1200\/675\/new-pope-robert-francis_001.jpg?ve=1&amp;tl=1\" alt=\"El reci\u00e9n elegido Papa Leo XIV, anteriormente conocido como el cardenal Robert Francis Prevost\" width=\"1200\" height=\"675\"\/><\/source><\/source><\/source><\/source><\/picture><\/div>\n<div class=\"info\">\n<div class=\"caption\">\n<p><span>El cardenal Robert Francis Prevost, prefecto del dicasterio para los obispos, representa un retrato al final del consistorio donde el Papa Francisco elev\u00f3 21 nuevos cardenales en la Plaza de San Pedro en el Vaticano, el 30 de septiembre de 2023.<\/span> <span>(Riccardo de Luca\/AP)<\/span><\/p>\n<\/div>\n<\/div>\n<\/div>\n<p>\u00abPara \u00e9l, en sus breves comentarios, decir que debemos ser una iglesia sinodal, esa es una gran se\u00f1al de que tiene la intenci\u00f3n de continuar mucho de lo que se trataba el Papa Francisco\u00bb, dijo sobre el Papa Leo XIV.<\/p>\n<p>El primer papa estadounidense, aunque se\u00f1ala simb\u00f3licamente el papado de Francis, vestido con atuendos tradicionales que incluyen una mozzetta roja y una sotana blanca. El Papa Francisco, en 2013, estaba notablemente ausente de adornos en el balc\u00f3n para su primera aparici\u00f3n p\u00fablica como Pontiff elegido.<\/p>\n<p>\u00abEst\u00e1 se\u00f1alando que tiene la intenci\u00f3n de ser tradicional de alguna manera\u00bb, dijo Doyle. \u00abSer\u00e1 interesante ver si vive en el palacio apast\u00f3lico\u00bb.<\/p>\n<p>Los apartamentos papales en el Palacio Apast\u00f3lico son la residencia oficial del Papa. El Papa Francisco rompi\u00f3 la tradici\u00f3n y rechaz\u00f3 la residencia all\u00ed y, en cambio, vivi\u00f3 en Domus Sanctae Marthae, el lugar donde los electores cardinales se quedan durante un c\u00f3nclave.<\/p>\n<p><strong>El tono inclusivo del nuevo Papa no se sienta bien con algunos en el movimiento &#8216;America First&#8217;<\/strong><\/p>\n<div class=\"image-ct inline\">\n<div class=\"m\"><picture><source media=\"(max-width: 767px)\" srcset=\"https:\/\/a57.foxnews.com\/static.foxnews.com\/foxnews.com\/content\/uploads\/2025\/05\/343\/192\/pope_leo_xiv_01.jpg?ve=1&amp;tl=1, https:\/\/a57.foxnews.com\/static.foxnews.com\/foxnews.com\/content\/uploads\/2025\/05\/686\/384\/pope_leo_xiv_01.jpg?ve=1&amp;tl=1 2x\" height=\"192\" width=\"343\"><source media=\"(min-width: 768px) and (max-width: 1023px)\" srcset=\"https:\/\/a57.foxnews.com\/static.foxnews.com\/foxnews.com\/content\/uploads\/2025\/05\/672\/378\/pope_leo_xiv_01.jpg?ve=1&amp;tl=1, https:\/\/a57.foxnews.com\/static.foxnews.com\/foxnews.com\/content\/uploads\/2025\/05\/1344\/756\/pope_leo_xiv_01.jpg?ve=1&amp;tl=1 2x\" height=\"378\" width=\"672\"><source media=\"(min-width: 1024px) and (max-width: 1279px)\" srcset=\"https:\/\/a57.foxnews.com\/static.foxnews.com\/foxnews.com\/content\/uploads\/2025\/05\/931\/523\/pope_leo_xiv_01.jpg?ve=1&amp;tl=1, https:\/\/a57.foxnews.com\/static.foxnews.com\/foxnews.com\/content\/uploads\/2025\/05\/1862\/1046\/pope_leo_xiv_01.jpg?ve=1&amp;tl=1 2x\" height=\"523\" width=\"931\"><source media=\"(min-width: 1280px)\" srcset=\"https:\/\/a57.foxnews.com\/static.foxnews.com\/foxnews.com\/content\/uploads\/2025\/05\/720\/405\/pope_leo_xiv_01.jpg?ve=1&amp;tl=1, https:\/\/a57.foxnews.com\/static.foxnews.com\/foxnews.com\/content\/uploads\/2025\/05\/1440\/810\/pope_leo_xiv_01.jpg?ve=1&amp;tl=1 2x\" height=\"405\" width=\"720\"><img loading=\"lazy\" decoding=\"async\" src=\"https:\/\/a57.foxnews.com\/static.foxnews.com\/foxnews.com\/content\/uploads\/2025\/05\/1200\/675\/pope_leo_xiv_01.jpg?ve=1&amp;tl=1\" alt=\"El cardenal Robert Prevost cre\u00f3 un cardenal del Papa Francisco\" width=\"1200\" height=\"675\"\/><\/source><\/source><\/source><\/source><\/picture><\/div>\n<div class=\"info\">\n<div class=\"caption\">\n<p><span>El arzobispo Robert Francis Prevost, ahora el Papa Leo XIV, recibe el sombrero de biretta rojo del difunto Papa Francisco durante el consistorio en la Plaza de San Pedro en la ciudad del Vaticano, Vaticano, el 30 de septiembre de 2023. <\/span> <span>(Foto de Isabella Bonotto\/Agencia Anadolu a trav\u00e9s de Getty Images)<\/span><\/p>\n<\/div>\n<\/div>\n<\/div>\n<p>\u00abDe alguna manera, tal vez va a ser diferente de Francis\u00bb, dijo Doyle. \u00abFrancis hizo algunas cosas que alienaron a los tradicionalistas\u00bb.<\/p>\n<p>Prevost fue ordenado el 19 de junio de 1982. Durante su ministerio, el cardenal Prevost fue elegido jefe de la provincia agustiniana de Chicago, su ciudad natal, y sirvi\u00f3 como prefecto del dicasterio para los obispos, entre otros t\u00edtulos notables.<\/p>\n<p>El nuevo obispo de Roma seleccion\u00f3 el nombre papal \u00abLeo\u00bb y, aunque actualmente no est\u00e1 claro cu\u00e1l de los 13 hom\u00f3nimos admiraba m\u00e1s, Leo el Grande, el primer Papa Leo y el Papa Leo XIII parecen por delante de la manada, seg\u00fan Doyle.<\/p>\n<div class=\"image-ct inline\">\n<div class=\"m\"><picture><source media=\"(max-width: 767px)\" srcset=\"https:\/\/a57.foxnews.com\/static.foxnews.com\/foxnews.com\/content\/uploads\/2025\/05\/343\/192\/pope-john-paul-2-pope-leo-14_002.jpg?ve=1&amp;tl=1, https:\/\/a57.foxnews.com\/static.foxnews.com\/foxnews.com\/content\/uploads\/2025\/05\/686\/384\/pope-john-paul-2-pope-leo-14_002.jpg?ve=1&amp;tl=1 2x\" height=\"192\" width=\"343\"><source media=\"(min-width: 768px) and (max-width: 1023px)\" srcset=\"https:\/\/a57.foxnews.com\/static.foxnews.com\/foxnews.com\/content\/uploads\/2025\/05\/672\/378\/pope-john-paul-2-pope-leo-14_002.jpg?ve=1&amp;tl=1, https:\/\/a57.foxnews.com\/static.foxnews.com\/foxnews.com\/content\/uploads\/2025\/05\/1344\/756\/pope-john-paul-2-pope-leo-14_002.jpg?ve=1&amp;tl=1 2x\" height=\"378\" width=\"672\"><source media=\"(min-width: 1024px) and (max-width: 1279px)\" srcset=\"https:\/\/a57.foxnews.com\/static.foxnews.com\/foxnews.com\/content\/uploads\/2025\/05\/931\/523\/pope-john-paul-2-pope-leo-14_002.jpg?ve=1&amp;tl=1, https:\/\/a57.foxnews.com\/static.foxnews.com\/foxnews.com\/content\/uploads\/2025\/05\/1862\/1046\/pope-john-paul-2-pope-leo-14_002.jpg?ve=1&amp;tl=1 2x\" height=\"523\" width=\"931\"><source media=\"(min-width: 1280px)\" srcset=\"https:\/\/a57.foxnews.com\/static.foxnews.com\/foxnews.com\/content\/uploads\/2025\/05\/720\/405\/pope-john-paul-2-pope-leo-14_002.jpg?ve=1&amp;tl=1, https:\/\/a57.foxnews.com\/static.foxnews.com\/foxnews.com\/content\/uploads\/2025\/05\/1440\/810\/pope-john-paul-2-pope-leo-14_002.jpg?ve=1&amp;tl=1 2x\" height=\"405\" width=\"720\"><img loading=\"lazy\" decoding=\"async\" src=\"https:\/\/a57.foxnews.com\/static.foxnews.com\/foxnews.com\/content\/uploads\/2025\/05\/1200\/675\/pope-john-paul-2-pope-leo-14_002.jpg?ve=1&amp;tl=1\" alt=\"El Papa Juan Pablo II se encuentra con el futuro Papa Leo XIV\" width=\"1200\" height=\"675\"\/><\/source><\/source><\/source><\/source><\/picture><\/div>\n<div class=\"info\">\n<div class=\"caption\">\n<p><span>Imagen sin fecha de Robert Prevost, ahora Papa Leo XIV, con el difunto ex papa Juan Pablo II.  <\/span> <span>(Provincia agustiniana de nuestra madre de buen consejo\/folleto a trav\u00e9s de Reuters)<\/span><\/p>\n<\/div>\n<\/div>\n<\/div>\n<p>\u00abTodos buscan primero en Leo el XIII\u00bb, dijo. \u00abNunca se sabe hasta que \u00e9l diga m\u00e1s\u00bb.<\/p>\n<p><strong><u>El primer papa nacido en Estados Unidos inspira a los l\u00edderes de la fe en todo el pa\u00eds<\/u><\/strong><\/p>\n<div class=\"image-ct inline\">\n<div class=\"m\"><picture><source media=\"(max-width: 767px)\" srcset=\"https:\/\/a57.foxnews.com\/static.foxnews.com\/foxnews.com\/content\/uploads\/2025\/05\/343\/192\/pope_leo_xiv_05.jpg?ve=1&amp;tl=1, https:\/\/a57.foxnews.com\/static.foxnews.com\/foxnews.com\/content\/uploads\/2025\/05\/686\/384\/pope_leo_xiv_05.jpg?ve=1&amp;tl=1 2x\" height=\"192\" width=\"343\"><source media=\"(min-width: 768px) and (max-width: 1023px)\" srcset=\"https:\/\/a57.foxnews.com\/static.foxnews.com\/foxnews.com\/content\/uploads\/2025\/05\/672\/378\/pope_leo_xiv_05.jpg?ve=1&amp;tl=1, https:\/\/a57.foxnews.com\/static.foxnews.com\/foxnews.com\/content\/uploads\/2025\/05\/1344\/756\/pope_leo_xiv_05.jpg?ve=1&amp;tl=1 2x\" height=\"378\" width=\"672\"><source media=\"(min-width: 1024px) and (max-width: 1279px)\" srcset=\"https:\/\/a57.foxnews.com\/static.foxnews.com\/foxnews.com\/content\/uploads\/2025\/05\/931\/523\/pope_leo_xiv_05.jpg?ve=1&amp;tl=1, https:\/\/a57.foxnews.com\/static.foxnews.com\/foxnews.com\/content\/uploads\/2025\/05\/1862\/1046\/pope_leo_xiv_05.jpg?ve=1&amp;tl=1 2x\" height=\"523\" width=\"931\"><source media=\"(min-width: 1280px)\" srcset=\"https:\/\/a57.foxnews.com\/static.foxnews.com\/foxnews.com\/content\/uploads\/2025\/05\/720\/405\/pope_leo_xiv_05.jpg?ve=1&amp;tl=1, https:\/\/a57.foxnews.com\/static.foxnews.com\/foxnews.com\/content\/uploads\/2025\/05\/1440\/810\/pope_leo_xiv_05.jpg?ve=1&amp;tl=1 2x\" height=\"405\" width=\"720\"><img loading=\"lazy\" decoding=\"async\" src=\"https:\/\/a57.foxnews.com\/static.foxnews.com\/foxnews.com\/content\/uploads\/2025\/05\/1200\/675\/pope_leo_xiv_05.jpg?ve=1&amp;tl=1\" alt=\"Papa Leo XIV como cardenal antes de ser elegido Pontiff\" width=\"1200\" height=\"675\"\/><\/source><\/source><\/source><\/source><\/picture><\/div>\n<div class=\"info\">\n<div class=\"caption\">\n<p><span>El Papa Leo XIV asisti\u00f3 al funeral del Papa Francisco en la Plaza de San Pedro el 26 de abril de 2025 en la ciudad del Vaticano, Vaticano. El Papa Francisco muri\u00f3 el 21 de abril a la edad de 88 a\u00f1os. Naci\u00f3 en Argentina como Jorge Mario Bergoglio, fue el primer latinoamericano y el primer jesuita en convertirse en el Papa cuando fue elegido en 2013. <\/span> <span>(Foto de Franco Origlia\/Getty Images)<\/span><\/p>\n<\/div>\n<\/div>\n<\/div>\n<p>El Papa Leo XIII a menudo es reconocido por escribir el primero de las grandes enc\u00edclicas sociales cat\u00f3licas, Rerum Novarum.<\/p>\n<p>\u00abEn lat\u00edn, Rerum Novarum es un idioma, y \u200b\u200bsignifica &#8216;sobre los cambios revolucionarios'\u00bb, dijo Doyle. \u00abEs como un idioma para la revoluci\u00f3n. Aunque, muchas personas simplemente lo traducen literalista como &#8216;en cosas nuevas'\u00bb.<\/p>\n<p>La enc\u00edclica, seg\u00fan Doyle, aborda el surgimiento del comunismo y la revoluci\u00f3n industrial, incluidas las condiciones nuevas y duras para los trabajadores en el siglo XIX.<\/p>\n<p><strong><u>&#8216;Dio Benedica il Papa&#8217;, otros deseos de los nuevos pont\u00edfices, Papa Leo XIV, en italiano<\/u><\/strong><\/p>\n<div class=\"image-ct inline\">\n<div class=\"m\"><picture><source media=\"(max-width: 767px)\" srcset=\"https:\/\/a57.foxnews.com\/static.foxnews.com\/foxnews.com\/content\/uploads\/2025\/05\/343\/192\/pope.png?ve=1&amp;tl=1, https:\/\/a57.foxnews.com\/static.foxnews.com\/foxnews.com\/content\/uploads\/2025\/05\/686\/384\/pope.png?ve=1&amp;tl=1 2x\" height=\"192\" width=\"343\"><source media=\"(min-width: 768px) and (max-width: 1023px)\" srcset=\"https:\/\/a57.foxnews.com\/static.foxnews.com\/foxnews.com\/content\/uploads\/2025\/05\/672\/378\/pope.png?ve=1&amp;tl=1, https:\/\/a57.foxnews.com\/static.foxnews.com\/foxnews.com\/content\/uploads\/2025\/05\/1344\/756\/pope.png?ve=1&amp;tl=1 2x\" height=\"378\" width=\"672\"><source media=\"(min-width: 1024px) and (max-width: 1279px)\" srcset=\"https:\/\/a57.foxnews.com\/static.foxnews.com\/foxnews.com\/content\/uploads\/2025\/05\/931\/523\/pope.png?ve=1&amp;tl=1, https:\/\/a57.foxnews.com\/static.foxnews.com\/foxnews.com\/content\/uploads\/2025\/05\/1862\/1046\/pope.png?ve=1&amp;tl=1 2x\" height=\"523\" width=\"931\"><source media=\"(min-width: 1280px)\" srcset=\"https:\/\/a57.foxnews.com\/static.foxnews.com\/foxnews.com\/content\/uploads\/2025\/05\/720\/405\/pope.png?ve=1&amp;tl=1, https:\/\/a57.foxnews.com\/static.foxnews.com\/foxnews.com\/content\/uploads\/2025\/05\/1440\/810\/pope.png?ve=1&amp;tl=1 2x\" height=\"405\" width=\"720\"><img loading=\"lazy\" decoding=\"async\" src=\"https:\/\/a57.foxnews.com\/static.foxnews.com\/foxnews.com\/content\/uploads\/2025\/05\/1200\/675\/pope.png?ve=1&amp;tl=1\" alt=\"Papa Leo XIV durante su primera misa como Papa en la Capilla Sixtina\" width=\"1200\" height=\"675\"\/><\/source><\/source><\/source><\/source><\/picture><\/div>\n<div class=\"info\">\n<div class=\"caption\">\n<p><span>El Papa Leo XIV lidera la masa pro ecclesia en la Capilla Sixtina, el 9 de mayo de 2025, en la ciudad del Vaticano, Vaticano. Se vio humo blanco sobre el Vaticano temprano por la noche como el c\u00f3nclave eligi\u00f3 al cardenal estadounidense Robert Francis Prevost como el pont\u00edfice 267. El moderado de Chicago y un amigo cercano del Papa Francisco ser\u00e1n conocidos como el Papa Leo XIV. <\/span> <span>(Foto de Vatican Media\/Vatican Pool &#8211; Corbis\/Getty Images)<\/span><\/p>\n<\/div>\n<\/div>\n<\/div>\n<p>\u00abComienza con una condena del socialismo\u00bb, dijo Doyle. \u00abAunque, por el socialismo, se refer\u00eda a lo que solo usar\u00edamos la palabra &#8216;comunismo&#8217; hoy\u00bb.<\/p>\n<p>\u00abLo conden\u00f3 como fuera de contacto con la ley natural. Porque esa ley natural nos dir\u00eda que la propiedad es algo que es algo natural para los seres humanos; que vamos a tener propiedades, si hacemos cosas, etc., que son nuestra\u00bb, agreg\u00f3 Doyle.<\/p>\n<p><strong><u>Haga clic aqu\u00ed para llegar a la aplicaci\u00f3n Fox News<\/u><\/strong><\/p>\n<p>Doyle dijo que la ense\u00f1anza social cat\u00f3lica es general y aborda los principios humanos b\u00e1sicos sobre la econom\u00eda y la sociedad con cierto margen de interpretaci\u00f3n.<\/p>\n<p>\u00abCreo que va a ser un papa muy equilibrado\u00bb, dijo Doyle.<\/p>\n<p> <!----> <\/p>\n<div class=\"article-meta\">\n<div class=\"author-bio\">\n<p>Gabriele Regalbuto es editor senior de SEO en Fox News Digital. Gabriele tiene un t\u00edtulo de periodismo y comunicaciones de la Universidad de West Virginia. Ha trabajado para producir contenido para peri\u00f3dicos, revistas y plataformas digitales. En Fox, ha ayudado en la cobertura de eventos de noticias de \u00faltima hora, incluido el ciclo presidencial de 2024, las elecciones de mitad de per\u00edodo de 2022, la muerte de la reina Isabel II, la guerra en curso entre Rusia y Ucrania.<\/p>\n<\/div>\n<\/div>\n<\/div>\n\n","protected":false},"excerpt":{"rendered":"<p>El Papa Leo XIV celebra la primera misa como pont\u00edfice El Papa Leo XIV, el primer Papa de Am\u00e9rica del Norte de la historia, dijo el viernes que su elecci\u00f3n era una cruz y una bendici\u00f3n mientras celebraba su primera misa en la Capilla Sixtina (Video: Associated Press). El Papa Leo XIV fue bienvenido como &hellip;<\/p>\n","protected":false},"author":1,"featured_media":26777,"comment_status":"open","ping_status":"open","sticky":false,"template":"","format":"standard","meta":{"fifu_image_url":"https:\/\/static.foxnews.com\/foxnews.com\/content\/uploads\/2025\/05\/new-pope-robert-francis-5.jpg","fifu_image_alt":"","footnotes":""},"categories":[13],"tags":[],"class_list":["post-26775","post","type-post","status-publish","format-standard","has-post-thumbnail","","category-mundo"],"_links":{"self":[{"href":"https:\/\/noticiasveraces.com\/index.php?rest_route=\/wp\/v2\/posts\/26775","targetHints":{"allow":["GET"]}}],"collection":[{"href":"https:\/\/noticiasveraces.com\/index.php?rest_route=\/wp\/v2\/posts"}],"about":[{"href":"https:\/\/noticiasveraces.com\/index.php?rest_route=\/wp\/v2\/types\/post"}],"author":[{"embeddable":true,"href":"https:\/\/noticiasveraces.com\/index.php?rest_route=\/wp\/v2\/users\/1"}],"replies":[{"embeddable":true,"href":"https:\/\/noticiasveraces.com\/index.php?rest_route=%2Fwp%2Fv2%2Fcomments&post=26775"}],"version-history":[{"count":0,"href":"https:\/\/noticiasveraces.com\/index.php?rest_route=\/wp\/v2\/posts\/26775\/revisions"}],"wp:featuredmedia":[{"embeddable":true,"href":"https:\/\/noticiasveraces.com\/index.php?rest_route=\/wp\/v2\/media\/26777"}],"wp:attachment":[{"href":"https:\/\/noticiasveraces.com\/index.php?rest_route=%2Fwp%2Fv2%2Fmedia&parent=26775"}],"wp:term":[{"taxonomy":"category","embeddable":true,"href":"https:\/\/noticiasveraces.com\/index.php?rest_route=%2Fwp%2Fv2%2Fcategories&post=26775"},{"taxonomy":"post_tag","embeddable":true,"href":"https:\/\/noticiasveraces.com\/index.php?rest_route=%2Fwp%2Fv2%2Ftags&post=26775"}],"curies":[{"name":"wp","href":"https:\/\/api.w.org\/{rel}","templated":true}]}}