{"id":26760,"date":"2025-05-11T03:14:21","date_gmt":"2025-05-11T07:14:21","guid":{"rendered":"https:\/\/noticiasveraces.com\/?p=26760"},"modified":"2025-05-11T03:14:21","modified_gmt":"2025-05-11T07:14:21","slug":"fallece-margot-friedlander-superviviente-del-holocausto-dw-09-05-2025","status":"publish","type":"post","link":"https:\/\/noticiasveraces.com\/?p=26760","title":{"rendered":"Fallece Margot Friedl\u00e4nder, superviviente del Holocausto \u2013 DW \u2013 09\/05\/2025"},"content":{"rendered":"<p> \n<\/p>\n<div>\n<p>La alemana Margot Friedl\u00e4nder, superviviente del Holocausto y una de las testigos m\u00e1s destacadas de los horrores del nazismo, muri\u00f3 este viernes (09.05.2025) a los 103 a\u00f1os en su ciudad natal de Berl\u00edn, anunci\u00f3 la fundaci\u00f3n que lleva su nombre.<\/p>\n<p>\u00abCon su muerte, Alemania pierde una voz importante en la historia contempor\u00e1nea\u00bb, dijo la fundaci\u00f3n en un comunicado. \u00abDesde su regreso a su ciudad natal, despu\u00e9s de seis d\u00e9cadas de exilio en Nueva York, esta ciudadana honor\u00edfica de Berl\u00edn hab\u00eda estado incansablemente comprometida con la reconciliaci\u00f3n y la memoria\u00bb, agreg\u00f3.<\/p>\n<p>Este viernes ten\u00eda que recibir una de las m\u00e1s altas condecoraciones alemanas de manos del presidente de Alemania, Frank-Walter Steinmeier. Pero la ceremonia fue cancelada por sus problemas de su salud.<\/p>\n<p>\u00abOfreci\u00f3 reconciliaci\u00f3n a nuestro pa\u00eds, a pesar de todo lo que los alemanes le hicieron cuando era joven. No podremos estarle m\u00e1s agradecidos por este regalo\u00bb, dijo el jefe del Estado.<\/p>\n<p><strong>Su relaci\u00f3n con los j\u00f3venes<\/strong><\/p>\n<p>Esta mujer de aspecto fr\u00e1gil siempre vestida con elegancia (apareci\u00f3 en la portada de revista Vogue en 2024) regres\u00f3 a Berl\u00edn, su ciudad natal, en 2003.<\/p>\n<p>Desde entonces dedic\u00f3 su vida a hablar con j\u00f3venes para contar su historia y abogar por la empat\u00eda como ant\u00eddoto contra el odio. \u00abNo mires lo que te separa. Mira lo que te une. S\u00e9 humano\u00bb, dijo el a\u00f1o pasado.<\/p>\n<p>Margot Bendheim, nacida en 1921 en una familia de fabricantes de botones, se form\u00f3 como costurera. Durante el nazismo, perdi\u00f3 a sus padres y a su hermano menor, asesinados en los campos de concentraci\u00f3n.<\/p>\n<p>En 1944 fue enviada al campo de Theresienstadt, en la actual Rep\u00fablica Checa, donde conoci\u00f3 a su futuro esposo Adolf Friedl\u00e4nder. Ambos sobrevivieron, se casaron y se fueron a vivir a Estados Unidos. En 2010 decidi\u00f3 establecerse permanentemente en su ciudad natal.<\/p>\n<p>CT (AFP, Efe)<\/p>\n<\/div>\n\n","protected":false},"excerpt":{"rendered":"<p>La alemana Margot Friedl\u00e4nder, superviviente del Holocausto y una de las testigos m\u00e1s destacadas de los horrores del nazismo, muri\u00f3 este viernes (09.05.2025) a los 103 a\u00f1os en su ciudad natal de Berl\u00edn, anunci\u00f3 la fundaci\u00f3n que lleva su nombre. \u00abCon su muerte, Alemania pierde una voz importante en la historia contempor\u00e1nea\u00bb, dijo la fundaci\u00f3n &hellip;<\/p>\n","protected":false},"author":1,"featured_media":26761,"comment_status":"open","ping_status":"open","sticky":false,"template":"","format":"standard","meta":{"fifu_image_url":"https:\/\/static.dw.com\/image\/72496867_6.jpg","fifu_image_alt":"","footnotes":""},"categories":[13],"tags":[],"class_list":["post-26760","post","type-post","status-publish","format-standard","has-post-thumbnail","","category-mundo"],"_links":{"self":[{"href":"https:\/\/noticiasveraces.com\/index.php?rest_route=\/wp\/v2\/posts\/26760","targetHints":{"allow":["GET"]}}],"collection":[{"href":"https:\/\/noticiasveraces.com\/index.php?rest_route=\/wp\/v2\/posts"}],"about":[{"href":"https:\/\/noticiasveraces.com\/index.php?rest_route=\/wp\/v2\/types\/post"}],"author":[{"embeddable":true,"href":"https:\/\/noticiasveraces.com\/index.php?rest_route=\/wp\/v2\/users\/1"}],"replies":[{"embeddable":true,"href":"https:\/\/noticiasveraces.com\/index.php?rest_route=%2Fwp%2Fv2%2Fcomments&post=26760"}],"version-history":[{"count":0,"href":"https:\/\/noticiasveraces.com\/index.php?rest_route=\/wp\/v2\/posts\/26760\/revisions"}],"wp:featuredmedia":[{"embeddable":true,"href":"https:\/\/noticiasveraces.com\/index.php?rest_route=\/wp\/v2\/media\/26761"}],"wp:attachment":[{"href":"https:\/\/noticiasveraces.com\/index.php?rest_route=%2Fwp%2Fv2%2Fmedia&parent=26760"}],"wp:term":[{"taxonomy":"category","embeddable":true,"href":"https:\/\/noticiasveraces.com\/index.php?rest_route=%2Fwp%2Fv2%2Fcategories&post=26760"},{"taxonomy":"post_tag","embeddable":true,"href":"https:\/\/noticiasveraces.com\/index.php?rest_route=%2Fwp%2Fv2%2Ftags&post=26760"}],"curies":[{"name":"wp","href":"https:\/\/api.w.org\/{rel}","templated":true}]}}