{"id":26758,"date":"2025-05-11T02:51:39","date_gmt":"2025-05-11T06:51:39","guid":{"rendered":"https:\/\/noticiasveraces.com\/?p=26758"},"modified":"2025-05-11T02:51:39","modified_gmt":"2025-05-11T06:51:39","slug":"el-diseno-urbano-feminista-con-gran-presencia-en-ciudades-como-alcorcon-vitoria-o-barcelona-corrige-las-desigualdades-estructurales-de-las-ciudades-y-garantiza-la-seguridad-y-la-accesibilidad-de-las-c","status":"publish","type":"post","link":"https:\/\/noticiasveraces.com\/?p=26758","title":{"rendered":"El dise\u00f1o urbano feminista con gran presencia en ciudades como Alcorc\u00f3n Vitoria o Barcelona corrige las desigualdades estructurales de las ciudades y garantiza la seguridad y la accesibilidad de las ciudadanas para facilitar sus tareas diarias, su inserci\u00f3n laboral y su calidad de vida. : El auge del urbanismo feminista: \u201cLa perspectiva de g\u00e9nero tiene que llegar a los sitios, al igual que la fibra \u00f3ptica\u201d | Sociedad"},"content":{"rendered":"<p> \n<\/p>\n<div data-dtm-region=\"articulo_cuerpo\">\n<p class=\"\">La mayor\u00eda de las ciudadanas saben qu\u00e9 se siente al volver sola a casa de madrugada o al pasar por una calle estrecha y poco iluminada. Muchas tambi\u00e9n conocen la sensaci\u00f3n de no llegar a tiempo a una cita, mientras empujan un carrito de beb\u00e9, cargan las bolsas de la compra y sortean cientos de obst\u00e1culos por el camino. Las urbes no se han pensado para ellas, la desigualdad se esconde en las baldosas y entorpece la participaci\u00f3n femenina en el espacio p\u00fablico. Por ello, cobra cada vez m\u00e1s fuerza el urbanismo con perspectiva de g\u00e9nero, cuya pionera en Espa\u00f1a, la arquitecta In\u00e9s S\u00e1nchez de Madariaga, insiste \u201cen que los hombres y las mujeres hacen usos distintos de la ciudad\u201d. <\/p>\n<p class=\"\">La poblaci\u00f3n femenina contin\u00faa con el sustento de los cuidados de peque\u00f1os, enfermos y ancianos. Hay m\u00e1s de 1,3 millones de mujeres que se encargan de personas mayores de seis a\u00f1os con alguna discapacidad, seg\u00fan datos del Instituto Nacional de Estad\u00edstica actualizados a marzo de 2024. Las madres suponen el 8,97% de las cuidadoras, los padres el 1,62%; las hijas el 25,56% y los descendientes el 12,56%. Ellas siempre multiplican las cifras, como en las tareas del hogar, pero participan de forma cada vez m\u00e1s similar a los varones en la vida laboral. <\/p>\n<p class=\"\">Esto se traduce en que se mueven m\u00e1s que ellos por los distintos puntos de las localidades, como el hospital, el centro de d\u00eda, el supermercado, la guarder\u00eda o la oficina. Atraviesan grandes distancias que les restan tiempo de descanso. Sin embargo, solo alrededor del 30% de las mujeres posee un veh\u00edculo propio, seg\u00fan la Uni\u00f3n Espa\u00f1ola de Entidades Aseguradoras. Tienen menor poder adquisitivo y son las principales usuarias del transporte p\u00fablico.<\/p>\n<p class=\"\">\u201cNecesitan infraestructuras adecuadas para poder llegar a todo con facilidad\u201d, insiste la arquitecta con la esperanza de que un incremento de la comodidad favorezca tambi\u00e9n un reparto m\u00e1s equitativo de las tareas. Los hombres suelen desplazarse m\u00e1s de casa al trabajo y a sus actividades l\u00fadicas. Los recorridos de ambos son muy distintos. <\/p>\n<p class=\"\">La idea de <i>ciudad de 15 minutos<\/i>contemplada en este tipo de urbanismo, implica que los residentes puedan acceder a los servicios esenciales en un m\u00e1ximo de un cuarto de hora a pie, en bicicleta o en transporte p\u00fablico desde sus hogares, seg\u00fan explica la arquitecta Ver\u00f3nica Benedet, que realiza proyectos feministas.<\/p>\n<figure class=\"a_m a_m-h \"><span class=\"_db a_m_w _pr lb_btn\"><img alt=\"Ver\u00f3nica Benedet en la plaza Ca\u00f1itas de Buenos Aires (Argentina), creada con perspectiva de g\u00e9nero.\" decoding=\"auto\" class=\"_re lazyload a_m-h\" height=\"278\" srcset=\"https:\/\/imagenes.elpais.com\/resizer\/v2\/GRU3OC47HBE7RMDM7LKVZIOIHY.jpg?auth=87e1c434ecc238c9e05c5f0296dbd8c590a08a704d87896fb51b9a11d8570ea5&amp;width=414 414w,https:\/\/imagenes.elpais.com\/resizer\/v2\/GRU3OC47HBE7RMDM7LKVZIOIHY.jpg?auth=87e1c434ecc238c9e05c5f0296dbd8c590a08a704d87896fb51b9a11d8570ea5&amp;width=828 640w,https:\/\/imagenes.elpais.com\/resizer\/v2\/GRU3OC47HBE7RMDM7LKVZIOIHY.jpg?auth=87e1c434ecc238c9e05c5f0296dbd8c590a08a704d87896fb51b9a11d8570ea5&amp;width=980 1000w,https:\/\/imagenes.elpais.com\/resizer\/v2\/GRU3OC47HBE7RMDM7LKVZIOIHY.jpg?auth=87e1c434ecc238c9e05c5f0296dbd8c590a08a704d87896fb51b9a11d8570ea5&amp;width=1960 1960w\" width=\"414\" sizes=\"auto, (min-width:1199px) 1155px,(min-width:1001px) calc(100vw - 44px),(min-width:768px) 767px, 100vw\" src=\"https:\/\/imagenes.elpais.com\/resizer\/v2\/GRU3OC47HBE7RMDM7LKVZIOIHY.jpg?auth=87e1c434ecc238c9e05c5f0296dbd8c590a08a704d87896fb51b9a11d8570ea5&amp;width=414\" loading=\"lazy\"\/><svg aria-hidden=\"true\" class=\"icon_multimedia_ampliar | _pa a_m_i a_m_i-a _dn\" viewbox=\"0 0 40 40\"><use xlink:href=\"#svg-ampliar\"\/><\/svg><\/span><figcaption class=\"a_m_p\" aria-hidden=\"true\"><span>Ver\u00f3nica Benedet en la plaza Ca\u00f1itas de Buenos Aires (Argentina), creada con perspectiva de g\u00e9nero.<\/span><span class=\"a_m_m\">Sof\u00eda Berber<\/span><\/figcaption><\/figure>\n<p class=\"\">Marta Ezquerecocha, doctoranda en la Universidad de Deusto y analista de pol\u00edticas urbanas con perspectiva de g\u00e9nero, defiende la necesidad de cuestionar las ciudades construidas tradicionalmente con perspectivas androc\u00e9ntricas y capitalistas, pensadas en la productividad y no en la calidad de vida. \u201cSe nos quiso relegar del espacio p\u00fablico y necesitamos recuperar nuestra propia autonom\u00eda en las calles\u201d, reivindica. <\/p>\n<p class=\"\">Es de las expertas en la materia m\u00e1s j\u00f3venes, en contraposici\u00f3n a S\u00e1nchez de Madariaga, que tiene una larga trayectoria y es profesora invitada en la Universidad de Harvard, adem\u00e1s de directora de la c\u00e1tedra UNESCO de G\u00e9nero y Pol\u00edticas de Igualdad de la Polit\u00e9cnica de Madrid. <\/p>\n<p class=\"\">Descubri\u00f3 la asignatura Mujeres en la arquitectura cuando curs\u00f3 un m\u00e1ster en la Universidad de Columbia, en Estados Unidos, en 1989. Qued\u00f3 prendada y al volver a Espa\u00f1a, en 1995, no dud\u00f3 en trabajar sobre ello. \u201cLos departamentos de urbanismo estaban muy masculinizados. Para ellos esto era como si les hablasen en chino, algo totalmente ajeno\u201d, recuerda. <\/p>\n<p class=\"\">Particip\u00f3 en la redacci\u00f3n de la Ley de Igualdad entre Mujeres y Hombres y la Ley del Suelo de Espa\u00f1a, ambas de 2007. El Tribunal Supremo exige desde 2018 que los planes urban\u00edsticos cuenten con informes de impacto de g\u00e9nero, el problema es que la mayor\u00eda de las competencias son auton\u00f3micas y no siempre se cumple.<\/p>\n<p class=\"\">Poco a poco, algunas comunidades legislaron esta mirada igualitaria en sus planes y actualmente ya representan m\u00e1s de la mitad: Pa\u00eds Vasco, Comunidad Valenciana, Catalu\u00f1a, Extremadura, Andaluc\u00eda, Canarias, Baleares, Navarra y Asturias. \u201cAhora est\u00e1 en auge\u201d, celebra la arquitecta. <\/p>\n<p class=\"\">La accesibilidad y la seguridad son los pilares principales del urbanismo con perspectiva de g\u00e9nero. Con todo, S\u00e1nchez de Madariaga insiste en que las ciudades espa\u00f1olas son muy seguras. \u201cCuando nosotras detectamos que un lugar es peligroso dejamos de acudir, nos autocensuramos. Por ello, el dise\u00f1o y la planificaci\u00f3n tiene que contribuir a reducir tanto la percepci\u00f3n de desprotecci\u00f3n como la inseguridad real de los espacios\u201d, explica. <\/p>\n<figure class=\"a_m a_m-h \"><span class=\"_db a_m_w _pr lb_btn\"><img alt=\"In\u00e9s S\u00e1nchez de Madariaga en la Universidad de Harvard, el 2 de mayo.\" decoding=\"auto\" class=\"_re lazyload a_m-h\" height=\"311\" srcset=\"https:\/\/imagenes.elpais.com\/resizer\/v2\/P6XZT5D3QNFN3BQCOHWSF4D5LQ.jpeg?auth=f63c47ae5cad2b353a8c43e0e822e7a5dfbd476627a17e1f22ad0c1dc45cbbf8&amp;width=414 414w,https:\/\/imagenes.elpais.com\/resizer\/v2\/P6XZT5D3QNFN3BQCOHWSF4D5LQ.jpeg?auth=f63c47ae5cad2b353a8c43e0e822e7a5dfbd476627a17e1f22ad0c1dc45cbbf8&amp;width=828 640w,https:\/\/imagenes.elpais.com\/resizer\/v2\/P6XZT5D3QNFN3BQCOHWSF4D5LQ.jpeg?auth=f63c47ae5cad2b353a8c43e0e822e7a5dfbd476627a17e1f22ad0c1dc45cbbf8&amp;width=980 1000w,https:\/\/imagenes.elpais.com\/resizer\/v2\/P6XZT5D3QNFN3BQCOHWSF4D5LQ.jpeg?auth=f63c47ae5cad2b353a8c43e0e822e7a5dfbd476627a17e1f22ad0c1dc45cbbf8&amp;width=1960 1960w\" width=\"414\" sizes=\"auto, (min-width:1199px) 1155px,(min-width:1001px) calc(100vw - 44px),(min-width:768px) 767px, 100vw\" src=\"https:\/\/imagenes.elpais.com\/resizer\/v2\/P6XZT5D3QNFN3BQCOHWSF4D5LQ.jpeg?auth=f63c47ae5cad2b353a8c43e0e822e7a5dfbd476627a17e1f22ad0c1dc45cbbf8&amp;width=414\" loading=\"lazy\"\/><svg aria-hidden=\"true\" class=\"icon_multimedia_ampliar | _pa a_m_i a_m_i-a _dn\" viewbox=\"0 0 40 40\"><use xlink:href=\"#svg-ampliar\"\/><\/svg><\/span><figcaption class=\"a_m_p\" aria-hidden=\"true\"><span>In\u00e9s S\u00e1nchez de Madariaga en la Universidad de Harvard, el 2 de mayo.<\/span><span class=\"a_m_m\">In\u00e9s S\u00e1nchez de Madariaga<\/span><\/figcaption><\/figure>\n<p class=\"\">Una urbe accesible debe contar con una buena red de movilidad y necesita eliminar obst\u00e1culos. Las infraestructuras influyen en el acceso femenino al mundo laboral. \u201cPor las noches en muchas ciudades el transporte p\u00fablico es inexistente. \u00bfQui\u00e9n limpia de madrugada las f\u00e1bricas, los hospitales y los centros comerciales? Las mujeres\u201d, dice Ezquerecocha. <\/p>\n<p class=\"\">La doctoranda explica que una ciudad segura tiene que ofrecer buena iluminaci\u00f3n con calles limpias y cuidadas para aumentar la sensaci\u00f3n de tranquilidad. Los ascensores p\u00fablicos deben ser transparentes. \u201cUn principio del urbanismo feminista es la idea de ver y ser vista\u201d, cuenta tras dejar claro que \u201csi hay una agresi\u00f3n sexual, la culpa no es de la luz, sino de la persona que la comete\u201d. <\/p>\n<h3 class=\"\">Ciudades modelo<\/h3>\n<p class=\"\">Ezquerecocha comenta que hay autonom\u00edas que implementan muy buenas pr\u00e1cticas. Pa\u00eds Vasco es pionera en la materia. En los a\u00f1os noventa, grupos urbanos de mujeres elaboraron \u201cmapas de la ciudad prohibida\u201d para se\u00f1alar los puntos cr\u00edticos que provocaban inseguridad. En 2016 incorpor\u00f3 la perspectiva de g\u00e9nero a las pol\u00edticas urban\u00edsticas y financi\u00f3 a los ayuntamientos como Ir\u00fan o Astigarraga para que llevasen a cabo medidas.<\/p>\n<p class=\"\">Actualmente, Bilbao trabaja en los \u201ccaminos escolares\u201d, una iniciativa que busca que los ni\u00f1os puedan ir a los centros educativos de forma aut\u00f3noma y segura. En 2020 Vitoria elabor\u00f3 un plan de movilidad sostenible con el autob\u00fas el\u00e9ctrico, conectando las zonas perif\u00e9ricas de la ciudad. <\/p>\n<p class=\"\">Barcelona es otro buen ejemplo, implement\u00f3 el concepto supermanzana. Consiste en el cierre perimetral al tr\u00e1fico rodado de varias calles para reducir la presencia de veh\u00edculos motorizados y priorizar el uso peatonal del espacio y las zonas verdes. Cuenta con una consultor\u00eda de urbanismo feminista, Col\u00b7lectiu Punt 6, que recibi\u00f3 varios premios.<\/p>\n<p class=\"\">En el plano internacional, las expertas destacan Viena. Cre\u00f3 un barrio entero con perspectiva de g\u00e9nero, el distrito de Seestadt Aspern. En la franja \u00e1rtica de Suecia parte del suelo p\u00fablico tiene calefacci\u00f3n, lo que facilita que las sillas de ruedas y los carritos no se atasquen en la nieve. <\/p>\n<p class=\"\">\u201cSi los Gobiernos auton\u00f3micos se enfocan en el turismo masivo y en lo economicista van en contra de estas iniciativas\u201d, explica Ezquerecocha. Lamenta que la Comunidad de Madrid no recoja ning\u00fan tipo de normativa urban\u00edstica de este estilo y critica grandes diferencias en la limpieza de las calles \u201cde Vallecas y el barrio de Salamanca\u201d.<\/p>\n<figure class=\"a_m a_m-h \"><span class=\"_db a_m_w _pr lb_btn\"><img alt=\"Marta Ezquerecocha el 2 de mayo en Bilbao.\" decoding=\"auto\" class=\"_re lazyload a_m-h\" height=\"268\" srcset=\"https:\/\/imagenes.elpais.com\/resizer\/v2\/QRJIPIN7VJD5TIVS3MJTNAGEMI.jpg?auth=8d3eca807ca6ac889d17a9ac0932671b46ebf55f1bcf501144144389b942c110&amp;width=414 414w,https:\/\/imagenes.elpais.com\/resizer\/v2\/QRJIPIN7VJD5TIVS3MJTNAGEMI.jpg?auth=8d3eca807ca6ac889d17a9ac0932671b46ebf55f1bcf501144144389b942c110&amp;width=828 640w,https:\/\/imagenes.elpais.com\/resizer\/v2\/QRJIPIN7VJD5TIVS3MJTNAGEMI.jpg?auth=8d3eca807ca6ac889d17a9ac0932671b46ebf55f1bcf501144144389b942c110&amp;width=980 1000w,https:\/\/imagenes.elpais.com\/resizer\/v2\/QRJIPIN7VJD5TIVS3MJTNAGEMI.jpg?auth=8d3eca807ca6ac889d17a9ac0932671b46ebf55f1bcf501144144389b942c110&amp;width=1960 1960w\" width=\"414\" sizes=\"auto, (min-width:1199px) 1155px,(min-width:1001px) calc(100vw - 44px),(min-width:768px) 767px, 100vw\" src=\"https:\/\/imagenes.elpais.com\/resizer\/v2\/QRJIPIN7VJD5TIVS3MJTNAGEMI.jpg?auth=8d3eca807ca6ac889d17a9ac0932671b46ebf55f1bcf501144144389b942c110&amp;width=414\" loading=\"lazy\"\/><svg aria-hidden=\"true\" class=\"icon_multimedia_ampliar | _pa a_m_i a_m_i-a _dn\" viewbox=\"0 0 40 40\"><use xlink:href=\"#svg-ampliar\"\/><\/svg><\/span><figcaption class=\"a_m_p\" aria-hidden=\"true\"><span>Marta Ezquerecocha el 2 de mayo en Bilbao.<\/span><span class=\"a_m_m\">FERNANDO DOMINGO-ALDAMA<\/span><\/figcaption><\/figure>\n<p class=\"\">El pasado septiembre la presidenta, Isabel D\u00edaz Ayuso, se burlaba de este concepto de urbanismo, mencionado por M\u00e1s Madrid: \u201cMe han llegado a decir que tiene que haber una construcci\u00f3n inmobiliaria feminista, vamos al rid\u00edculo m\u00e1ximo\u201d, espet\u00f3. <\/p>\n<p class=\"\">Sin embargo, el Ayuntamiento de Alcorc\u00f3n ha empezado a emprender iniciativas. \u201cLes hemos dicho a los promotores que tienen que ponerse las gafas violetas para que nuestras vecinas se empoderen en la calle y, en general, se lo han tomado bien\u201d, comenta la coordinadora general de Agenda Urbana de la localidad, Eulalia Moreno de Acevedo.<\/p>\n<p class=\"\">Quiere evitar la dispersi\u00f3n de los servicios y fomentar ludotecas y centros de d\u00eda. Trabaja con la c\u00e1tedra UNESCO en materia de g\u00e9nero para peatonalizar y garantizar la visi\u00f3n a m\u00e1s de 10 metros. Tambi\u00e9n con ONU H\u00e1bitat en un proyecto piloto llamado Ciudades que se superan. <\/p>\n<p class=\"\">Alcorc\u00f3n es un municipio atravesado por la l\u00ednea de tren C-5 y la carretera A-5. Para conectar las zonas de la ciudad que est\u00e1n separadas existen pasarelas, pero tienen mucho tr\u00e1nsito y son estrechas. Por ello, las reformar\u00e1 con la intenci\u00f3n de \u201cevitar ratoneras y favorecer que una mujer que lleva a su hijo del brazo mientras acompa\u00f1a a una persona dependiente tenga f\u00e1cil acceso\u201d. <\/p>\n<p class=\"\">Moreno de Acevedo pretende eliminar tambi\u00e9n los callejones sin salida y los recovecos urbanos. En dos meses empezar\u00e1 a elaborar \u201cmapas de puntos negros\u201d de la ciudad: \u201cAl igual que hay que llevar la fibra \u00f3ptica a los sitios, tambi\u00e9n hay que trasladar la perspectiva de g\u00e9nero\u201d. <\/p>\n<figure class=\"a_m a_m-h \"><span class=\"_db a_m_w _pr lb_btn\"><img alt=\"Eulalia Moreno de Acevedo en una de las \u00e1reas que van a ser intervenidas, el 1 de mayo en Alcorc\u00f3n.\" decoding=\"auto\" class=\"_re lazyload a_m-h\" height=\"276\" srcset=\"https:\/\/imagenes.elpais.com\/resizer\/v2\/3GLJCUT74VGFJGRC42HNAQE4UA.jpg?auth=9aadf67c11ad1db084f17454143c7534033256344de7bc07775c86a93978d958&amp;width=414 414w,https:\/\/imagenes.elpais.com\/resizer\/v2\/3GLJCUT74VGFJGRC42HNAQE4UA.jpg?auth=9aadf67c11ad1db084f17454143c7534033256344de7bc07775c86a93978d958&amp;width=828 640w,https:\/\/imagenes.elpais.com\/resizer\/v2\/3GLJCUT74VGFJGRC42HNAQE4UA.jpg?auth=9aadf67c11ad1db084f17454143c7534033256344de7bc07775c86a93978d958&amp;width=980 1000w,https:\/\/imagenes.elpais.com\/resizer\/v2\/3GLJCUT74VGFJGRC42HNAQE4UA.jpg?auth=9aadf67c11ad1db084f17454143c7534033256344de7bc07775c86a93978d958&amp;width=1960 1960w\" width=\"414\" sizes=\"auto, (min-width:1199px) 1155px,(min-width:1001px) calc(100vw - 44px),(min-width:768px) 767px, 100vw\" src=\"https:\/\/imagenes.elpais.com\/resizer\/v2\/3GLJCUT74VGFJGRC42HNAQE4UA.jpg?auth=9aadf67c11ad1db084f17454143c7534033256344de7bc07775c86a93978d958&amp;width=414\" loading=\"lazy\"\/><svg aria-hidden=\"true\" class=\"icon_multimedia_ampliar | _pa a_m_i a_m_i-a _dn\" viewbox=\"0 0 40 40\"><use xlink:href=\"#svg-ampliar\"\/><\/svg><\/span><figcaption class=\"a_m_p\" aria-hidden=\"true\"><span>Eulalia Moreno de Acevedo en una de las \u00e1reas que van a ser intervenidas, el 1 de mayo en Alcorc\u00f3n.<\/span><span class=\"a_m_m\">Pablo Monge<\/span><\/figcaption><\/figure>\n<h3 class=\"\">Mirada igualitaria dentro de casa <\/h3>\n<p class=\"\">Benedet a\u00f1ade que esta realidad debe, adem\u00e1s, estar presente dentro de los hogares. En 2022 el Pa\u00eds Vasco aprob\u00f3 un decreto de condiciones m\u00ednimas de habitabilidad con una gu\u00eda de buenas pr\u00e1cticas igualitarias en las viviendas.<\/p>\n<p class=\"\">\u201cLas cocinas no pueden ser estrechas ni ubicarse en lugares marginales para evitar que solo quepa una persona y se propicie que la mujer cargue con la tarea. No hay que jerarquizar, las habitaciones deben tener un m\u00ednimo de 10 metros cuadrados, con el mismo tama\u00f1o cada una, para evitar desigualdades y adaptarse a los distintos modelos de familia\u201d, explica. <\/p>\n<p class=\"\">En las casas espa\u00f1olas cuesta ver espacios espec\u00edficos para almacenar, tender o lavar la ropa, lo que obliga a hacer malabares. Ezquerecocha tiene claro que construir con perspectiva de g\u00e9nero es el futuro: \u201cNos enfrentamos a una ola reaccionaria. Por ello, nuestra labor debe continuar con m\u00e1s fuerza\u201d. <\/p>\n<\/div>\n\n","protected":false},"excerpt":{"rendered":"<p>La mayor\u00eda de las ciudadanas saben qu\u00e9 se siente al volver sola a casa de madrugada o al pasar por una calle estrecha y poco iluminada. Muchas tambi\u00e9n conocen la sensaci\u00f3n de no llegar a tiempo a una cita, mientras empujan un carrito de beb\u00e9, cargan las bolsas de la compra y sortean cientos de &hellip;<\/p>\n","protected":false},"author":1,"featured_media":26759,"comment_status":"open","ping_status":"open","sticky":false,"template":"","format":"standard","meta":{"fifu_image_url":"https:\/\/imagenes.elpais.com\/resizer\/v2\/YORM7IABIRCANEIHPG7PJLWTMY.jpg?auth=9f6565d18b4e24c22c673192c239eb91ea2df239444db69e2794b0da44cdbff3&width=1200","fifu_image_alt":"","footnotes":""},"categories":[11],"tags":[],"class_list":["post-26758","post","type-post","status-publish","format-standard","has-post-thumbnail","","category-viaje"],"_links":{"self":[{"href":"https:\/\/noticiasveraces.com\/index.php?rest_route=\/wp\/v2\/posts\/26758","targetHints":{"allow":["GET"]}}],"collection":[{"href":"https:\/\/noticiasveraces.com\/index.php?rest_route=\/wp\/v2\/posts"}],"about":[{"href":"https:\/\/noticiasveraces.com\/index.php?rest_route=\/wp\/v2\/types\/post"}],"author":[{"embeddable":true,"href":"https:\/\/noticiasveraces.com\/index.php?rest_route=\/wp\/v2\/users\/1"}],"replies":[{"embeddable":true,"href":"https:\/\/noticiasveraces.com\/index.php?rest_route=%2Fwp%2Fv2%2Fcomments&post=26758"}],"version-history":[{"count":0,"href":"https:\/\/noticiasveraces.com\/index.php?rest_route=\/wp\/v2\/posts\/26758\/revisions"}],"wp:featuredmedia":[{"embeddable":true,"href":"https:\/\/noticiasveraces.com\/index.php?rest_route=\/wp\/v2\/media\/26759"}],"wp:attachment":[{"href":"https:\/\/noticiasveraces.com\/index.php?rest_route=%2Fwp%2Fv2%2Fmedia&parent=26758"}],"wp:term":[{"taxonomy":"category","embeddable":true,"href":"https:\/\/noticiasveraces.com\/index.php?rest_route=%2Fwp%2Fv2%2Fcategories&post=26758"},{"taxonomy":"post_tag","embeddable":true,"href":"https:\/\/noticiasveraces.com\/index.php?rest_route=%2Fwp%2Fv2%2Ftags&post=26758"}],"curies":[{"name":"wp","href":"https:\/\/api.w.org\/{rel}","templated":true}]}}